{"id":8845,"date":"2020-07-03T12:17:34","date_gmt":"2020-07-03T12:17:34","guid":{"rendered":"https:\/\/www.network-plus-que-pro.fr\/?p=8845"},"modified":"2025-02-17T16:39:39","modified_gmt":"2025-02-17T15:39:39","slug":"le-developpement-de-plus-que-pro-mis-en-lumiere-dans-les-dna","status":"publish","type":"post","link":"https:\/\/www.plus-que-pro-distribution.fr\/le-developpement-de-plus-que-pro-mis-en-lumiere-dans-les-dna\/","title":{"rendered":"Le d\u00e9veloppement de Plus que pro mis en lumi\u00e8re dans les DNA"},"content":{"rendered":"<figure class=\"block m-0\" ><img decoding=\"async\" src=\"https:\/\/www.plus-que-pro-distribution.fr\/uploads\/plus-que-pro-dna-juillet-2020-1024x569.jpg\" alt=\"Plus que pro dans les DNA\" class=\"inline-block rounded-tr-media rounded-tl-media rounded-bl-media rounded-br-media \" ><\/figure>\n\n<p class=\"[&amp;_a]:underline [&amp;_a]:underline-offset-2 [&amp;_a]:text-secondary-500 [&amp;_a:focus-visible]:outline-none [&amp;_a:focus]:outline-none [&amp;_a:focus-visible]:ring-2 [&amp;_a:focus-visible]:ring-offset-2 [&amp;_a:focus-visible]:ring-secondary-500 [&amp;_a:focus-visible]:rounded-full [&amp;_+_*]:mt-xs [*_+_&amp;]:mt-xs [&amp;_+_.wp-block-group]:mt-m [&amp;_+_.wp-block-group]:md:mt-l [&amp;.text-caption_+_*]:!mt-xs [&amp;.text-caption_+_*]:md:!mt-xs aligndefault max-w-default mx-auto \" ><\/p>\n\n<p class=\"[&amp;_a]:underline [&amp;_a]:underline-offset-2 [&amp;_a]:text-secondary-500 [&amp;_a:focus-visible]:outline-none [&amp;_a:focus]:outline-none [&amp;_a:focus-visible]:ring-2 [&amp;_a:focus-visible]:ring-offset-2 [&amp;_a:focus-visible]:ring-secondary-500 [&amp;_a:focus-visible]:rounded-full [&amp;_+_*]:mt-xs [*_+_&amp;]:mt-xs [&amp;_+_.wp-block-group]:mt-m [&amp;_+_.wp-block-group]:md:mt-l [&amp;.text-caption_+_*]:!mt-xs [&amp;.text-caption_+_*]:md:!mt-xs aligndefault max-w-default mx-auto \" >Voici un r\u00e9capitulatif des chiffres cl\u00e9s de<b> l\u2019unique r\u00e9seau qui recense \u00ab les Meilleures Entreprises de France \u00bb selon le retour d\u2019exp\u00e9rience contr\u00f4l\u00e9 de leurs clients<\/b>\u00a0:<\/p>\n\n<p class=\"[&amp;_a]:underline [&amp;_a]:underline-offset-2 [&amp;_a]:text-secondary-500 [&amp;_a:focus-visible]:outline-none [&amp;_a:focus]:outline-none [&amp;_a:focus-visible]:ring-2 [&amp;_a:focus-visible]:ring-offset-2 [&amp;_a:focus-visible]:ring-secondary-500 [&amp;_a:focus-visible]:rounded-full [&amp;_+_*]:mt-xs [*_+_&amp;]:mt-xs [&amp;_+_.wp-block-group]:mt-m [&amp;_+_.wp-block-group]:md:mt-l [&amp;.text-caption_+_*]:!mt-xs [&amp;.text-caption_+_*]:md:!mt-xs aligndefault max-w-default mx-auto \" >&#8211; 18 millions de visiteurs uniques<\/p>\n\n<p class=\"[&amp;_a]:underline [&amp;_a]:underline-offset-2 [&amp;_a]:text-secondary-500 [&amp;_a:focus-visible]:outline-none [&amp;_a:focus]:outline-none [&amp;_a:focus-visible]:ring-2 [&amp;_a:focus-visible]:ring-offset-2 [&amp;_a:focus-visible]:ring-secondary-500 [&amp;_a:focus-visible]:rounded-full [&amp;_+_*]:mt-xs [*_+_&amp;]:mt-xs [&amp;_+_.wp-block-group]:mt-m [&amp;_+_.wp-block-group]:md:mt-l [&amp;.text-caption_+_*]:!mt-xs [&amp;.text-caption_+_*]:md:!mt-xs aligndefault max-w-default mx-auto \" >&#8211; un service utilis\u00e9 par plus de 20\u00a0% de la population fran\u00e7aise<\/p>\n\n<p class=\"[&amp;_a]:underline [&amp;_a]:underline-offset-2 [&amp;_a]:text-secondary-500 [&amp;_a:focus-visible]:outline-none [&amp;_a:focus]:outline-none [&amp;_a:focus-visible]:ring-2 [&amp;_a:focus-visible]:ring-offset-2 [&amp;_a:focus-visible]:ring-secondary-500 [&amp;_a:focus-visible]:rounded-full [&amp;_+_*]:mt-xs [*_+_&amp;]:mt-xs [&amp;_+_.wp-block-group]:mt-m [&amp;_+_.wp-block-group]:md:mt-l [&amp;.text-caption_+_*]:!mt-xs [&amp;.text-caption_+_*]:md:!mt-xs aligndefault max-w-default mx-auto \" >&#8211; 30 \u00e0 40\u00a0% d\u2019augmentation du chiffre d\u2019affaires annuel<\/p>\n\n<p class=\"[&amp;_a]:underline [&amp;_a]:underline-offset-2 [&amp;_a]:text-secondary-500 [&amp;_a:focus-visible]:outline-none [&amp;_a:focus]:outline-none [&amp;_a:focus-visible]:ring-2 [&amp;_a:focus-visible]:ring-offset-2 [&amp;_a:focus-visible]:ring-secondary-500 [&amp;_a:focus-visible]:rounded-full [&amp;_+_*]:mt-xs [*_+_&amp;]:mt-xs [&amp;_+_.wp-block-group]:mt-m [&amp;_+_.wp-block-group]:md:mt-l [&amp;.text-caption_+_*]:!mt-xs [&amp;.text-caption_+_*]:md:!mt-xs aligndefault max-w-default mx-auto \" >Le journaliste revient \u00e9galement sur la cr\u00e9ation d\u2019une <a href=\"https:\/\/www.plus-que-pro-solution.fr\/plus-que-pro-shop\/\" target=\"_blank\" rel=\"noreferrer noopener\">marketplace<\/a> durant le confinement pour permettre aux adh\u00e9rents de poursuivre leurs ventes \u00e0 distance.<\/p>\n\n<p class=\"[&amp;_a]:underline [&amp;_a]:underline-offset-2 [&amp;_a]:text-secondary-500 [&amp;_a:focus-visible]:outline-none [&amp;_a:focus]:outline-none [&amp;_a:focus-visible]:ring-2 [&amp;_a:focus-visible]:ring-offset-2 [&amp;_a:focus-visible]:ring-secondary-500 [&amp;_a:focus-visible]:rounded-full [&amp;_+_*]:mt-xs [*_+_&amp;]:mt-xs [&amp;_+_.wp-block-group]:mt-m [&amp;_+_.wp-block-group]:md:mt-l [&amp;.text-caption_+_*]:!mt-xs [&amp;.text-caption_+_*]:md:!mt-xs aligndefault max-w-default mx-auto \" >Les salari\u00e9s ont quant \u00e0 eux pu continuer \u00e0 <a href=\"https:\/\/www.plus-que-pro-distribution.fr\/la-vie-de-plus-que-pro-durant-le-coronavirus\/\">t\u00e9l\u00e9travailler<\/a>.<\/p>\n\n<p class=\"[&amp;_a]:underline [&amp;_a]:underline-offset-2 [&amp;_a]:text-secondary-500 [&amp;_a:focus-visible]:outline-none [&amp;_a:focus]:outline-none [&amp;_a:focus-visible]:ring-2 [&amp;_a:focus-visible]:ring-offset-2 [&amp;_a:focus-visible]:ring-secondary-500 [&amp;_a:focus-visible]:rounded-full [&amp;_+_*]:mt-xs [*_+_&amp;]:mt-xs [&amp;_+_.wp-block-group]:mt-m [&amp;_+_.wp-block-group]:md:mt-l [&amp;.text-caption_+_*]:!mt-xs [&amp;.text-caption_+_*]:md:!mt-xs aligndefault max-w-default mx-auto \" >Pour lire l&rsquo;article, veuillez cliquer sur l&rsquo;image ci-dessous<br>\n<a href=\"https:\/\/www.plus-que-pro-distribution.fr\/uploads\/article-dna-1024x830.png\"><img decoding=\"async\" class=\"alignnone wp-image-8847\" src=\"https:\/\/www.plus-que-pro-distribution.fr\/uploads\/article-dna-1024x830.png\" alt=\"Article DNA\" width=\"499\" height=\"405\" srcset=\"https:\/\/www.plus-que-pro-distribution.fr\/uploads\/article-dna-1024x830.png 1024w, https:\/\/www.plus-que-pro-distribution.fr\/uploads\/article-dna-300x243.png 300w, https:\/\/www.plus-que-pro-distribution.fr\/uploads\/article-dna-768x623.png 768w, https:\/\/www.plus-que-pro-distribution.fr\/uploads\/article-dna.png 1036w\" sizes=\"(max-width: 499px) 100vw, 499px\" \/><\/a><\/p>\n\n<p class=\"[&amp;_a]:underline [&amp;_a]:underline-offset-2 [&amp;_a]:text-secondary-500 [&amp;_a:focus-visible]:outline-none [&amp;_a:focus]:outline-none [&amp;_a:focus-visible]:ring-2 [&amp;_a:focus-visible]:ring-offset-2 [&amp;_a:focus-visible]:ring-secondary-500 [&amp;_a:focus-visible]:rounded-full [&amp;_+_*]:mt-xs [*_+_&amp;]:mt-xs [&amp;_+_.wp-block-group]:mt-m [&amp;_+_.wp-block-group]:md:mt-l [&amp;.text-caption_+_*]:!mt-xs [&amp;.text-caption_+_*]:md:!mt-xs aligndefault max-w-default mx-auto \" >\u00a0<\/p>","protected":false},"excerpt":{"rendered":"<p>Plus que pro fait le bilan dans un article des DNA publi\u00e9 ce jour dans la rubrique \u00e9conomie.<\/p>\n","protected":false},"author":4,"featured_media":5929,"comment_status":"open","ping_status":"open","sticky":false,"template":"","format":"standard","meta":{"footnotes":""},"categories":[6],"tags":[],"class_list":["post-8845","post","type-post","status-publish","format-standard","has-post-thumbnail","hentry","category-nos-actualites"],"yoast_head":"<title>La croissance de Plus que pro mis en lumi\u00e8re par les DNA<\/title>\n<meta name=\"description\" content=\"Plus que pro fait le bilan dans un article des DNA publi\u00e9 ce jour dans la rubrique \u00e9conomie qui \u00e9voque notamment sa gestion de la crise sanitaire\" \/>\n<meta name=\"robots\" content=\"index, follow, max-snippet:-1, max-image-preview:large, max-video-preview:-1\" \/>\n<link rel=\"canonical\" href=\"https:\/\/www.plus-que-pro-distribution.fr\/le-developpement-de-plus-que-pro-mis-en-lumiere-dans-les-dna\/\" \/>\n<meta property=\"og:locale\" content=\"fr_FR\" \/>\n<meta property=\"og:type\" content=\"article\" \/>\n<meta property=\"og:title\" content=\"La croissance de Plus que pro mis en lumi\u00e8re par les DNA\" \/>\n<meta property=\"og:description\" content=\"Plus que pro fait le bilan dans un article des DNA publi\u00e9 ce jour dans la rubrique \u00e9conomie qui \u00e9voque notamment sa gestion de la crise sanitaire\" \/>\n<meta property=\"og:url\" content=\"https:\/\/www.plus-que-pro-distribution.fr\/le-developpement-de-plus-que-pro-mis-en-lumiere-dans-les-dna\/\" \/>\n<meta property=\"og:site_name\" content=\"Plus que pro - Distribution\" \/>\n<meta property=\"article:publisher\" content=\"https:\/\/www.facebook.com\/Plusquepro\/\" \/>\n<meta property=\"article:published_time\" content=\"2020-07-03T12:17:34+00:00\" \/>\n<meta property=\"article:modified_time\" content=\"2025-02-17T15:39:39+00:00\" \/>\n<meta property=\"og:image\" content=\"https:\/\/www.plus-que-pro-distribution.fr\/uploads\/dna-200px.png\" \/>\n\t<meta property=\"og:image:width\" content=\"200\" \/>\n\t<meta property=\"og:image:height\" content=\"200\" \/>\n\t<meta property=\"og:image:type\" content=\"image\/png\" \/>\n<meta name=\"author\" content=\"Jean\" \/>\n<meta name=\"twitter:card\" content=\"summary_large_image\" \/>\n<meta name=\"twitter:label1\" content=\"Written by\" \/>\n\t<meta name=\"twitter:data1\" content=\"Jean\" \/>\n\t<meta name=\"twitter:label2\" content=\"Est. reading time\" \/>\n\t<meta name=\"twitter:data2\" content=\"2 minutes\" \/>\n<script type=\"application\/ld+json\" class=\"yoast-schema-graph\">{\"@context\":\"https:\/\/schema.org\",\"@graph\":[{\"@type\":\"Article\",\"@id\":\"https:\/\/www.plus-que-pro-distribution.fr\/le-developpement-de-plus-que-pro-mis-en-lumiere-dans-les-dna\/#article\",\"isPartOf\":{\"@id\":\"https:\/\/www.plus-que-pro-distribution.fr\/le-developpement-de-plus-que-pro-mis-en-lumiere-dans-les-dna\/\"},\"author\":{\"name\":\"Jean\",\"@id\":\"https:\/\/www.plus-que-pro-distribution.fr\/#\/schema\/person\/751af92e7c43e3eeb98f4f63875e4ceb\"},\"headline\":\"Le d\u00e9veloppement de Plus que pro mis en lumi\u00e8re dans les DNA\",\"datePublished\":\"2020-07-03T12:17:34+00:00\",\"dateModified\":\"2025-02-17T15:39:39+00:00\",\"mainEntityOfPage\":{\"@id\":\"https:\/\/www.plus-que-pro-distribution.fr\/le-developpement-de-plus-que-pro-mis-en-lumiere-dans-les-dna\/\"},\"wordCount\":119,\"commentCount\":0,\"publisher\":{\"@id\":\"https:\/\/www.plus-que-pro-distribution.fr\/#organization\"},\"image\":{\"@id\":\"https:\/\/www.plus-que-pro-distribution.fr\/le-developpement-de-plus-que-pro-mis-en-lumiere-dans-les-dna\/#primaryimage\"},\"thumbnailUrl\":\"https:\/\/www.plus-que-pro-distribution.fr\/uploads\/dna-200px.png\",\"articleSection\":[\"Nos actualit\u00e9s\"],\"inLanguage\":\"fr-FR\",\"potentialAction\":[{\"@type\":\"CommentAction\",\"name\":\"Comment\",\"target\":[\"https:\/\/www.plus-que-pro-distribution.fr\/le-developpement-de-plus-que-pro-mis-en-lumiere-dans-les-dna\/#respond\"]}]},{\"@type\":\"WebPage\",\"@id\":\"https:\/\/www.plus-que-pro-distribution.fr\/le-developpement-de-plus-que-pro-mis-en-lumiere-dans-les-dna\/\",\"url\":\"https:\/\/www.plus-que-pro-distribution.fr\/le-developpement-de-plus-que-pro-mis-en-lumiere-dans-les-dna\/\",\"name\":\"La croissance de Plus que pro mis en lumi\u00e8re par les DNA\",\"isPartOf\":{\"@id\":\"https:\/\/www.plus-que-pro-distribution.fr\/#website\"},\"primaryImageOfPage\":{\"@id\":\"https:\/\/www.plus-que-pro-distribution.fr\/le-developpement-de-plus-que-pro-mis-en-lumiere-dans-les-dna\/#primaryimage\"},\"image\":{\"@id\":\"https:\/\/www.plus-que-pro-distribution.fr\/le-developpement-de-plus-que-pro-mis-en-lumiere-dans-les-dna\/#primaryimage\"},\"thumbnailUrl\":\"https:\/\/www.plus-que-pro-distribution.fr\/uploads\/dna-200px.png\",\"datePublished\":\"2020-07-03T12:17:34+00:00\",\"dateModified\":\"2025-02-17T15:39:39+00:00\",\"description\":\"Plus que pro fait le bilan dans un article des DNA publi\u00e9 ce jour dans la rubrique \u00e9conomie qui \u00e9voque notamment sa gestion de la crise sanitaire\",\"breadcrumb\":{\"@id\":\"https:\/\/www.plus-que-pro-distribution.fr\/le-developpement-de-plus-que-pro-mis-en-lumiere-dans-les-dna\/#breadcrumb\"},\"inLanguage\":\"fr-FR\",\"potentialAction\":[{\"@type\":\"ReadAction\",\"target\":[\"https:\/\/www.plus-que-pro-distribution.fr\/le-developpement-de-plus-que-pro-mis-en-lumiere-dans-les-dna\/\"]}]},{\"@type\":\"ImageObject\",\"inLanguage\":\"fr-FR\",\"@id\":\"https:\/\/www.plus-que-pro-distribution.fr\/le-developpement-de-plus-que-pro-mis-en-lumiere-dans-les-dna\/#primaryimage\",\"url\":\"https:\/\/www.plus-que-pro-distribution.fr\/uploads\/dna-200px.png\",\"contentUrl\":\"https:\/\/www.plus-que-pro-distribution.fr\/uploads\/dna-200px.png\",\"width\":200,\"height\":200,\"caption\":\"logo Derni\u00e8res Nouvelles d'Alsace\"},{\"@type\":\"BreadcrumbList\",\"@id\":\"https:\/\/www.plus-que-pro-distribution.fr\/le-developpement-de-plus-que-pro-mis-en-lumiere-dans-les-dna\/#breadcrumb\",\"itemListElement\":[{\"@type\":\"ListItem\",\"position\":1,\"name\":\"Home\",\"item\":\"https:\/\/www.plus-que-pro-distribution.fr\/\"},{\"@type\":\"ListItem\",\"position\":2,\"name\":\"Le d\u00e9veloppement de Plus que pro mis en lumi\u00e8re dans les DNA\"}]},{\"@type\":\"WebSite\",\"@id\":\"https:\/\/www.plus-que-pro-distribution.fr\/#website\",\"url\":\"https:\/\/www.plus-que-pro-distribution.fr\/\",\"name\":\"Plus que pro distribution\",\"description\":\"\",\"publisher\":{\"@id\":\"https:\/\/www.plus-que-pro-distribution.fr\/#organization\"},\"potentialAction\":[{\"@type\":\"SearchAction\",\"target\":{\"@type\":\"EntryPoint\",\"urlTemplate\":\"https:\/\/www.plus-que-pro-distribution.fr\/?s={search_term_string}\"},\"query-input\":{\"@type\":\"PropertyValueSpecification\",\"valueRequired\":true,\"valueName\":\"search_term_string\"}}],\"inLanguage\":\"fr-FR\"},{\"@type\":\"Organization\",\"@id\":\"https:\/\/www.plus-que-pro-distribution.fr\/#organization\",\"name\":\"Plus que pro distribution\",\"url\":\"https:\/\/www.plus-que-pro-distribution.fr\/\",\"logo\":{\"@type\":\"ImageObject\",\"inLanguage\":\"fr-FR\",\"@id\":\"https:\/\/www.plus-que-pro-distribution.fr\/#\/schema\/logo\/image\/\",\"url\":\"https:\/\/www.plus-que-pro-distribution.fr\/uploads\/logo-pqp-distribution.svg\",\"contentUrl\":\"https:\/\/www.plus-que-pro-distribution.fr\/uploads\/logo-pqp-distribution.svg\",\"width\":144,\"height\":34,\"caption\":\"Plus que pro distribution\"},\"image\":{\"@id\":\"https:\/\/www.plus-que-pro-distribution.fr\/#\/schema\/logo\/image\/\"},\"sameAs\":[\"https:\/\/www.facebook.com\/Plusquepro\/\"]},{\"@type\":\"Person\",\"@id\":\"https:\/\/www.plus-que-pro-distribution.fr\/#\/schema\/person\/751af92e7c43e3eeb98f4f63875e4ceb\",\"name\":\"Jean\",\"image\":{\"@type\":\"ImageObject\",\"inLanguage\":\"fr-FR\",\"@id\":\"https:\/\/www.plus-que-pro-distribution.fr\/#\/schema\/person\/image\/\",\"url\":\"https:\/\/secure.gravatar.com\/avatar\/aac25d1e3a248ba1be7404ccf9581f1a78704d8a0e292c792ed971a596325c72?s=96&d=mm&r=g\",\"contentUrl\":\"https:\/\/secure.gravatar.com\/avatar\/aac25d1e3a248ba1be7404ccf9581f1a78704d8a0e292c792ed971a596325c72?s=96&d=mm&r=g\",\"caption\":\"Jean\"}}]}<\/script>","yoast_head_json":{"title":"La croissance de Plus que pro mis en lumi\u00e8re par les DNA","description":"Plus que pro fait le bilan dans un article des DNA publi\u00e9 ce jour dans la rubrique \u00e9conomie qui \u00e9voque notamment sa gestion de la crise sanitaire","robots":{"index":"index","follow":"follow","max-snippet":"max-snippet:-1","max-image-preview":"max-image-preview:large","max-video-preview":"max-video-preview:-1"},"canonical":"https:\/\/www.plus-que-pro-distribution.fr\/le-developpement-de-plus-que-pro-mis-en-lumiere-dans-les-dna\/","og_locale":"fr_FR","og_type":"article","og_title":"La croissance de Plus que pro mis en lumi\u00e8re par les DNA","og_description":"Plus que pro fait le bilan dans un article des DNA publi\u00e9 ce jour dans la rubrique \u00e9conomie qui \u00e9voque notamment sa gestion de la crise sanitaire","og_url":"https:\/\/www.plus-que-pro-distribution.fr\/le-developpement-de-plus-que-pro-mis-en-lumiere-dans-les-dna\/","og_site_name":"Plus que pro - Distribution","article_publisher":"https:\/\/www.facebook.com\/Plusquepro\/","article_published_time":"2020-07-03T12:17:34+00:00","article_modified_time":"2025-02-17T15:39:39+00:00","og_image":[{"width":200,"height":200,"url":"https:\/\/www.plus-que-pro-distribution.fr\/uploads\/dna-200px.png","type":"image\/png"}],"author":"Jean","twitter_card":"summary_large_image","twitter_misc":{"Written by":"Jean","Est. reading time":"2 minutes"},"schema":{"@context":"https:\/\/schema.org","@graph":[{"@type":"Article","@id":"https:\/\/www.plus-que-pro-distribution.fr\/le-developpement-de-plus-que-pro-mis-en-lumiere-dans-les-dna\/#article","isPartOf":{"@id":"https:\/\/www.plus-que-pro-distribution.fr\/le-developpement-de-plus-que-pro-mis-en-lumiere-dans-les-dna\/"},"author":{"name":"Jean","@id":"https:\/\/www.plus-que-pro-distribution.fr\/#\/schema\/person\/751af92e7c43e3eeb98f4f63875e4ceb"},"headline":"Le d\u00e9veloppement de Plus que pro mis en lumi\u00e8re dans les DNA","datePublished":"2020-07-03T12:17:34+00:00","dateModified":"2025-02-17T15:39:39+00:00","mainEntityOfPage":{"@id":"https:\/\/www.plus-que-pro-distribution.fr\/le-developpement-de-plus-que-pro-mis-en-lumiere-dans-les-dna\/"},"wordCount":119,"commentCount":0,"publisher":{"@id":"https:\/\/www.plus-que-pro-distribution.fr\/#organization"},"image":{"@id":"https:\/\/www.plus-que-pro-distribution.fr\/le-developpement-de-plus-que-pro-mis-en-lumiere-dans-les-dna\/#primaryimage"},"thumbnailUrl":"https:\/\/www.plus-que-pro-distribution.fr\/uploads\/dna-200px.png","articleSection":["Nos actualit\u00e9s"],"inLanguage":"fr-FR","potentialAction":[{"@type":"CommentAction","name":"Comment","target":["https:\/\/www.plus-que-pro-distribution.fr\/le-developpement-de-plus-que-pro-mis-en-lumiere-dans-les-dna\/#respond"]}]},{"@type":"WebPage","@id":"https:\/\/www.plus-que-pro-distribution.fr\/le-developpement-de-plus-que-pro-mis-en-lumiere-dans-les-dna\/","url":"https:\/\/www.plus-que-pro-distribution.fr\/le-developpement-de-plus-que-pro-mis-en-lumiere-dans-les-dna\/","name":"La croissance de Plus que pro mis en lumi\u00e8re par les DNA","isPartOf":{"@id":"https:\/\/www.plus-que-pro-distribution.fr\/#website"},"primaryImageOfPage":{"@id":"https:\/\/www.plus-que-pro-distribution.fr\/le-developpement-de-plus-que-pro-mis-en-lumiere-dans-les-dna\/#primaryimage"},"image":{"@id":"https:\/\/www.plus-que-pro-distribution.fr\/le-developpement-de-plus-que-pro-mis-en-lumiere-dans-les-dna\/#primaryimage"},"thumbnailUrl":"https:\/\/www.plus-que-pro-distribution.fr\/uploads\/dna-200px.png","datePublished":"2020-07-03T12:17:34+00:00","dateModified":"2025-02-17T15:39:39+00:00","description":"Plus que pro fait le bilan dans un article des DNA publi\u00e9 ce jour dans la rubrique \u00e9conomie qui \u00e9voque notamment sa gestion de la crise sanitaire","breadcrumb":{"@id":"https:\/\/www.plus-que-pro-distribution.fr\/le-developpement-de-plus-que-pro-mis-en-lumiere-dans-les-dna\/#breadcrumb"},"inLanguage":"fr-FR","potentialAction":[{"@type":"ReadAction","target":["https:\/\/www.plus-que-pro-distribution.fr\/le-developpement-de-plus-que-pro-mis-en-lumiere-dans-les-dna\/"]}]},{"@type":"ImageObject","inLanguage":"fr-FR","@id":"https:\/\/www.plus-que-pro-distribution.fr\/le-developpement-de-plus-que-pro-mis-en-lumiere-dans-les-dna\/#primaryimage","url":"https:\/\/www.plus-que-pro-distribution.fr\/uploads\/dna-200px.png","contentUrl":"https:\/\/www.plus-que-pro-distribution.fr\/uploads\/dna-200px.png","width":200,"height":200,"caption":"logo Derni\u00e8res Nouvelles d'Alsace"},{"@type":"BreadcrumbList","@id":"https:\/\/www.plus-que-pro-distribution.fr\/le-developpement-de-plus-que-pro-mis-en-lumiere-dans-les-dna\/#breadcrumb","itemListElement":[{"@type":"ListItem","position":1,"name":"Home","item":"https:\/\/www.plus-que-pro-distribution.fr\/"},{"@type":"ListItem","position":2,"name":"Le d\u00e9veloppement de Plus que pro mis en lumi\u00e8re dans les DNA"}]},{"@type":"WebSite","@id":"https:\/\/www.plus-que-pro-distribution.fr\/#website","url":"https:\/\/www.plus-que-pro-distribution.fr\/","name":"Plus que pro distribution","description":"","publisher":{"@id":"https:\/\/www.plus-que-pro-distribution.fr\/#organization"},"potentialAction":[{"@type":"SearchAction","target":{"@type":"EntryPoint","urlTemplate":"https:\/\/www.plus-que-pro-distribution.fr\/?s={search_term_string}"},"query-input":{"@type":"PropertyValueSpecification","valueRequired":true,"valueName":"search_term_string"}}],"inLanguage":"fr-FR"},{"@type":"Organization","@id":"https:\/\/www.plus-que-pro-distribution.fr\/#organization","name":"Plus que pro distribution","url":"https:\/\/www.plus-que-pro-distribution.fr\/","logo":{"@type":"ImageObject","inLanguage":"fr-FR","@id":"https:\/\/www.plus-que-pro-distribution.fr\/#\/schema\/logo\/image\/","url":"https:\/\/www.plus-que-pro-distribution.fr\/uploads\/logo-pqp-distribution.svg","contentUrl":"https:\/\/www.plus-que-pro-distribution.fr\/uploads\/logo-pqp-distribution.svg","width":144,"height":34,"caption":"Plus que pro distribution"},"image":{"@id":"https:\/\/www.plus-que-pro-distribution.fr\/#\/schema\/logo\/image\/"},"sameAs":["https:\/\/www.facebook.com\/Plusquepro\/"]},{"@type":"Person","@id":"https:\/\/www.plus-que-pro-distribution.fr\/#\/schema\/person\/751af92e7c43e3eeb98f4f63875e4ceb","name":"Jean","image":{"@type":"ImageObject","inLanguage":"fr-FR","@id":"https:\/\/www.plus-que-pro-distribution.fr\/#\/schema\/person\/image\/","url":"https:\/\/secure.gravatar.com\/avatar\/aac25d1e3a248ba1be7404ccf9581f1a78704d8a0e292c792ed971a596325c72?s=96&d=mm&r=g","contentUrl":"https:\/\/secure.gravatar.com\/avatar\/aac25d1e3a248ba1be7404ccf9581f1a78704d8a0e292c792ed971a596325c72?s=96&d=mm&r=g","caption":"Jean"}}]}},"_links":{"self":[{"href":"https:\/\/www.plus-que-pro-distribution.fr\/api\/wp\/v2\/posts\/8845","targetHints":{"allow":["GET"]}}],"collection":[{"href":"https:\/\/www.plus-que-pro-distribution.fr\/api\/wp\/v2\/posts"}],"about":[{"href":"https:\/\/www.plus-que-pro-distribution.fr\/api\/wp\/v2\/types\/post"}],"author":[{"embeddable":true,"href":"https:\/\/www.plus-que-pro-distribution.fr\/api\/wp\/v2\/users\/4"}],"replies":[{"embeddable":true,"href":"https:\/\/www.plus-que-pro-distribution.fr\/api\/wp\/v2\/comments?post=8845"}],"version-history":[{"count":2,"href":"https:\/\/www.plus-que-pro-distribution.fr\/api\/wp\/v2\/posts\/8845\/revisions"}],"predecessor-version":[{"id":18277,"href":"https:\/\/www.plus-que-pro-distribution.fr\/api\/wp\/v2\/posts\/8845\/revisions\/18277"}],"wp:featuredmedia":[{"embeddable":true,"href":"https:\/\/www.plus-que-pro-distribution.fr\/api\/wp\/v2\/media\/5929"}],"wp:attachment":[{"href":"https:\/\/www.plus-que-pro-distribution.fr\/api\/wp\/v2\/media?parent=8845"}],"wp:term":[{"taxonomy":"category","embeddable":true,"href":"https:\/\/www.plus-que-pro-distribution.fr\/api\/wp\/v2\/categories?post=8845"},{"taxonomy":"post_tag","embeddable":true,"href":"https:\/\/www.plus-que-pro-distribution.fr\/api\/wp\/v2\/tags?post=8845"}],"curies":[{"name":"wp","href":"https:\/\/api.w.org\/{rel}","templated":true}]}}