{"id":8670,"date":"2020-03-24T16:48:40","date_gmt":"2020-03-24T16:48:40","guid":{"rendered":"https:\/\/www.network-plus-que-pro.fr\/?p=8670"},"modified":"2025-01-15T12:02:40","modified_gmt":"2025-01-15T11:02:40","slug":"le-president-de-plus-que-pro-dans-les-colonnes-de-lofficiel-de-la-franchise","status":"publish","type":"post","link":"https:\/\/www.plus-que-pro-distribution.fr\/le-president-de-plus-que-pro-dans-les-colonnes-de-lofficiel-de-la-franchise\/","title":{"rendered":"Le pr\u00e9sident de Plus que pro dans les colonnes de L\u2019Officiel de la Franchise"},"content":{"rendered":"<p class=\"[&amp;_a]:underline [&amp;_a]:underline-offset-2 [&amp;_a]:text-secondary-500 [&amp;_a:focus-visible]:outline-none [&amp;_a:focus]:outline-none [&amp;_a:focus-visible]:ring-2 [&amp;_a:focus-visible]:ring-offset-2 [&amp;_a:focus-visible]:ring-secondary-500 [&amp;_a:focus-visible]:rounded-full [&amp;_+_*]:mt-xs [*_+_&amp;]:mt-xs [&amp;_+_.wp-block-group]:mt-m [&amp;_+_.wp-block-group]:md:mt-l [&amp;.text-caption_+_*]:!mt-xs [&amp;.text-caption_+_*]:md:!mt-xs aligndefault max-w-default mx-auto \" ><\/p>\n\n<figure class=\"block m-0\" ><img decoding=\"async\" src=\"https:\/\/www.plus-que-pro-distribution.fr\/uploads\/plus-que-pro-officiel-franchise-1024x569.jpg\" alt=\"Plus que pro dans L&#039;Officiel de la Franchise\" class=\"inline-block rounded-tr-media rounded-tl-media rounded-bl-media rounded-br-media \" ><\/figure>\n\n<p class=\"[&amp;_a]:underline [&amp;_a]:underline-offset-2 [&amp;_a]:text-secondary-500 [&amp;_a:focus-visible]:outline-none [&amp;_a:focus]:outline-none [&amp;_a:focus-visible]:ring-2 [&amp;_a:focus-visible]:ring-offset-2 [&amp;_a:focus-visible]:ring-secondary-500 [&amp;_a:focus-visible]:rounded-full [&amp;_+_*]:mt-xs [*_+_&amp;]:mt-xs [&amp;_+_.wp-block-group]:mt-m [&amp;_+_.wp-block-group]:md:mt-l [&amp;.text-caption_+_*]:!mt-xs [&amp;.text-caption_+_*]:md:!mt-xs aligndefault max-w-default mx-auto \" ><\/p>\n\n<p class=\"[&amp;_a]:underline [&amp;_a]:underline-offset-2 [&amp;_a]:text-secondary-500 [&amp;_a:focus-visible]:outline-none [&amp;_a:focus]:outline-none [&amp;_a:focus-visible]:ring-2 [&amp;_a:focus-visible]:ring-offset-2 [&amp;_a:focus-visible]:ring-secondary-500 [&amp;_a:focus-visible]:rounded-full [&amp;_+_*]:mt-xs [*_+_&amp;]:mt-xs [&amp;_+_.wp-block-group]:mt-m [&amp;_+_.wp-block-group]:md:mt-l [&amp;.text-caption_+_*]:!mt-xs [&amp;.text-caption_+_*]:md:!mt-xs aligndefault max-w-default mx-auto \" >L\u2019interview relate les ambitions du r\u00e9seau\u00a0<strong>: apporter des preuves concr\u00e8tes aux consommateurs avant de choisir un prestataire<\/strong> (artisan ou prestataire de service) pour des achats anxiog\u00e8nes. Il s\u2019agit aussi de r\u00e9unir sur un seul et m\u00eame portail les meilleures entreprises de France. Le r\u00f4le des repr\u00e9sentants \u00e9tant de d\u00e9nicher les soci\u00e9t\u00e9s \u00e9ligibles, soucieuses de r\u00e9aliser un travail de qualit\u00e9 pour<strong> propulser leur bouche \u00e0 oreille digital<\/strong>.<br>\nLe r\u00e9seau, forts de 30 licenci\u00e9s de marque, continue son d\u00e9veloppement \u00e0 travers toute la France et recherche <strong>des profils commerciaux<\/strong> et des personnes qui appr\u00e9cient aller \u00e0 la rencontre de professionnels.<br>\nA la cl\u00e9\u00a0: un chiffre d\u2019affaires moyen de<strong> 100 \u00e0 200 000 euros annuel<\/strong>.<\/p>\n\n<p class=\"[&amp;_a]:underline [&amp;_a]:underline-offset-2 [&amp;_a]:text-secondary-500 [&amp;_a:focus-visible]:outline-none [&amp;_a:focus]:outline-none [&amp;_a:focus-visible]:ring-2 [&amp;_a:focus-visible]:ring-offset-2 [&amp;_a:focus-visible]:ring-secondary-500 [&amp;_a:focus-visible]:rounded-full [&amp;_+_*]:mt-xs [*_+_&amp;]:mt-xs [&amp;_+_.wp-block-group]:mt-m [&amp;_+_.wp-block-group]:md:mt-l [&amp;.text-caption_+_*]:!mt-xs [&amp;.text-caption_+_*]:md:!mt-xs aligndefault max-w-default mx-auto \" >Cliquez sur l&rsquo;image ci-dessous pour consulter l&rsquo;article<\/p>\n\n<figure class=\"block m-0\" ><a href=\"https:\/\/www.plus-que-pro-distribution.fr\/uploads\/plus-que-pro-interview-gregory-regouby-officieldelafranchise.fr-240320.pdf\" target=\"_blank\" rel=\"noopener noreferrer\" class=\"focus-visible:outline-none focus:outline-none focus-visible:ring-2 focus-visible:ring-offset-2 focus-visible:ring-secondary-500 rounded-full\" ><img decoding=\"async\" src=\"https:\/\/www.plus-que-pro-distribution.fr\/uploads\/interview-gregory-regouby-officiel-franchise.jpg\" alt=\"Article sur Plus que pro dans L&#039;Officiel de la Franchise\" class=\"inline-block rounded-tr-media rounded-tl-media rounded-bl-media rounded-br-media \" ><\/a><\/figure>\n\n<p class=\"[&amp;_a]:underline [&amp;_a]:underline-offset-2 [&amp;_a]:text-secondary-500 [&amp;_a:focus-visible]:outline-none [&amp;_a:focus]:outline-none [&amp;_a:focus-visible]:ring-2 [&amp;_a:focus-visible]:ring-offset-2 [&amp;_a:focus-visible]:ring-secondary-500 [&amp;_a:focus-visible]:rounded-full [&amp;_+_*]:mt-xs [*_+_&amp;]:mt-xs [&amp;_+_.wp-block-group]:mt-m [&amp;_+_.wp-block-group]:md:mt-l [&amp;.text-caption_+_*]:!mt-xs [&amp;.text-caption_+_*]:md:!mt-xs aligndefault max-w-default mx-auto \" ><\/p>","protected":false},"excerpt":{"rendered":"<p>Gr\u00e9gory Regouby a r\u00e9pondu aux questions de Camille Boulate pour permettre aux personnes en qu\u00eate d\u2019un r\u00e9seau de franchise innovant d\u2019en apprendre plus sur la solution d\u2019avis clients pour les entreprises, Plus que pro.<\/p>\n","protected":false},"author":4,"featured_media":8661,"comment_status":"open","ping_status":"open","sticky":false,"template":"","format":"standard","meta":{"footnotes":""},"categories":[6],"tags":[],"class_list":["post-8670","post","type-post","status-publish","format-standard","has-post-thumbnail","hentry","category-nos-actualites"],"yoast_head":"<title>L\u2019Officiel de la Franchise invite le CEO de Plus que pro<\/title>\n<meta name=\"description\" content=\"Gr\u00e9gory Regouby a r\u00e9pondu aux questions de L&#039;Officiel de la Franchise pour permettre aux futurs licenci\u00e9s de marque d\u2019en apprendre plus sur Plus que pro\" \/>\n<meta name=\"robots\" content=\"index, follow, max-snippet:-1, max-image-preview:large, max-video-preview:-1\" \/>\n<link rel=\"canonical\" href=\"https:\/\/www.plus-que-pro-distribution.fr\/le-president-de-plus-que-pro-dans-les-colonnes-de-lofficiel-de-la-franchise\/\" \/>\n<meta property=\"og:locale\" content=\"fr_FR\" \/>\n<meta property=\"og:type\" content=\"article\" \/>\n<meta property=\"og:title\" content=\"L\u2019Officiel de la Franchise invite le CEO de Plus que pro\" \/>\n<meta property=\"og:description\" content=\"Gr\u00e9gory Regouby a r\u00e9pondu aux questions de L&#039;Officiel de la Franchise pour permettre aux futurs licenci\u00e9s de marque d\u2019en apprendre plus sur Plus que pro\" \/>\n<meta property=\"og:url\" content=\"https:\/\/www.plus-que-pro-distribution.fr\/le-president-de-plus-que-pro-dans-les-colonnes-de-lofficiel-de-la-franchise\/\" \/>\n<meta property=\"og:site_name\" content=\"Plus que pro - Distribution\" \/>\n<meta property=\"article:publisher\" content=\"https:\/\/www.facebook.com\/Plusquepro\/\" \/>\n<meta property=\"article:published_time\" content=\"2020-03-24T16:48:40+00:00\" \/>\n<meta property=\"article:modified_time\" content=\"2025-01-15T11:02:40+00:00\" \/>\n<meta property=\"og:image\" content=\"https:\/\/www.plus-que-pro-distribution.fr\/uploads\/Logo-L-Officiel-de-la-franchise.jpg\" \/>\n\t<meta property=\"og:image:width\" content=\"2126\" \/>\n\t<meta property=\"og:image:height\" content=\"531\" \/>\n\t<meta property=\"og:image:type\" content=\"image\/jpeg\" \/>\n<meta name=\"author\" content=\"Jean\" \/>\n<meta name=\"twitter:card\" content=\"summary_large_image\" \/>\n<meta name=\"twitter:label1\" content=\"Written by\" \/>\n\t<meta name=\"twitter:data1\" content=\"Jean\" \/>\n\t<meta name=\"twitter:label2\" content=\"Est. reading time\" \/>\n\t<meta name=\"twitter:data2\" content=\"2 minutes\" \/>\n<script type=\"application\/ld+json\" class=\"yoast-schema-graph\">{\"@context\":\"https:\/\/schema.org\",\"@graph\":[{\"@type\":\"Article\",\"@id\":\"https:\/\/www.plus-que-pro-distribution.fr\/le-president-de-plus-que-pro-dans-les-colonnes-de-lofficiel-de-la-franchise\/#article\",\"isPartOf\":{\"@id\":\"https:\/\/www.plus-que-pro-distribution.fr\/le-president-de-plus-que-pro-dans-les-colonnes-de-lofficiel-de-la-franchise\/\"},\"author\":{\"name\":\"Jean\",\"@id\":\"https:\/\/www.plus-que-pro-distribution.fr\/#\/schema\/person\/751af92e7c43e3eeb98f4f63875e4ceb\"},\"headline\":\"Le pr\u00e9sident de Plus que pro dans les colonnes de L\u2019Officiel de la Franchise\",\"datePublished\":\"2020-03-24T16:48:40+00:00\",\"dateModified\":\"2025-01-15T11:02:40+00:00\",\"mainEntityOfPage\":{\"@id\":\"https:\/\/www.plus-que-pro-distribution.fr\/le-president-de-plus-que-pro-dans-les-colonnes-de-lofficiel-de-la-franchise\/\"},\"wordCount\":149,\"commentCount\":0,\"publisher\":{\"@id\":\"https:\/\/www.plus-que-pro-distribution.fr\/#organization\"},\"image\":{\"@id\":\"https:\/\/www.plus-que-pro-distribution.fr\/le-president-de-plus-que-pro-dans-les-colonnes-de-lofficiel-de-la-franchise\/#primaryimage\"},\"thumbnailUrl\":\"https:\/\/www.plus-que-pro-distribution.fr\/uploads\/Logo-L-Officiel-de-la-franchise.jpg\",\"articleSection\":[\"Nos actualit\u00e9s\"],\"inLanguage\":\"fr-FR\",\"potentialAction\":[{\"@type\":\"CommentAction\",\"name\":\"Comment\",\"target\":[\"https:\/\/www.plus-que-pro-distribution.fr\/le-president-de-plus-que-pro-dans-les-colonnes-de-lofficiel-de-la-franchise\/#respond\"]}]},{\"@type\":\"WebPage\",\"@id\":\"https:\/\/www.plus-que-pro-distribution.fr\/le-president-de-plus-que-pro-dans-les-colonnes-de-lofficiel-de-la-franchise\/\",\"url\":\"https:\/\/www.plus-que-pro-distribution.fr\/le-president-de-plus-que-pro-dans-les-colonnes-de-lofficiel-de-la-franchise\/\",\"name\":\"L\u2019Officiel de la Franchise invite le CEO de Plus que pro\",\"isPartOf\":{\"@id\":\"https:\/\/www.plus-que-pro-distribution.fr\/#website\"},\"primaryImageOfPage\":{\"@id\":\"https:\/\/www.plus-que-pro-distribution.fr\/le-president-de-plus-que-pro-dans-les-colonnes-de-lofficiel-de-la-franchise\/#primaryimage\"},\"image\":{\"@id\":\"https:\/\/www.plus-que-pro-distribution.fr\/le-president-de-plus-que-pro-dans-les-colonnes-de-lofficiel-de-la-franchise\/#primaryimage\"},\"thumbnailUrl\":\"https:\/\/www.plus-que-pro-distribution.fr\/uploads\/Logo-L-Officiel-de-la-franchise.jpg\",\"datePublished\":\"2020-03-24T16:48:40+00:00\",\"dateModified\":\"2025-01-15T11:02:40+00:00\",\"description\":\"Gr\u00e9gory Regouby a r\u00e9pondu aux questions de L'Officiel de la Franchise pour permettre aux futurs licenci\u00e9s de marque d\u2019en apprendre plus sur Plus que pro\",\"breadcrumb\":{\"@id\":\"https:\/\/www.plus-que-pro-distribution.fr\/le-president-de-plus-que-pro-dans-les-colonnes-de-lofficiel-de-la-franchise\/#breadcrumb\"},\"inLanguage\":\"fr-FR\",\"potentialAction\":[{\"@type\":\"ReadAction\",\"target\":[\"https:\/\/www.plus-que-pro-distribution.fr\/le-president-de-plus-que-pro-dans-les-colonnes-de-lofficiel-de-la-franchise\/\"]}]},{\"@type\":\"ImageObject\",\"inLanguage\":\"fr-FR\",\"@id\":\"https:\/\/www.plus-que-pro-distribution.fr\/le-president-de-plus-que-pro-dans-les-colonnes-de-lofficiel-de-la-franchise\/#primaryimage\",\"url\":\"https:\/\/www.plus-que-pro-distribution.fr\/uploads\/Logo-L-Officiel-de-la-franchise.jpg\",\"contentUrl\":\"https:\/\/www.plus-que-pro-distribution.fr\/uploads\/Logo-L-Officiel-de-la-franchise.jpg\",\"width\":2126,\"height\":531,\"caption\":\"Logo L'Officiel de la Franchise\"},{\"@type\":\"BreadcrumbList\",\"@id\":\"https:\/\/www.plus-que-pro-distribution.fr\/le-president-de-plus-que-pro-dans-les-colonnes-de-lofficiel-de-la-franchise\/#breadcrumb\",\"itemListElement\":[{\"@type\":\"ListItem\",\"position\":1,\"name\":\"Home\",\"item\":\"https:\/\/www.plus-que-pro-distribution.fr\/\"},{\"@type\":\"ListItem\",\"position\":2,\"name\":\"Le pr\u00e9sident de Plus que pro dans les colonnes de L\u2019Officiel de la Franchise\"}]},{\"@type\":\"WebSite\",\"@id\":\"https:\/\/www.plus-que-pro-distribution.fr\/#website\",\"url\":\"https:\/\/www.plus-que-pro-distribution.fr\/\",\"name\":\"Plus que pro distribution\",\"description\":\"\",\"publisher\":{\"@id\":\"https:\/\/www.plus-que-pro-distribution.fr\/#organization\"},\"potentialAction\":[{\"@type\":\"SearchAction\",\"target\":{\"@type\":\"EntryPoint\",\"urlTemplate\":\"https:\/\/www.plus-que-pro-distribution.fr\/?s={search_term_string}\"},\"query-input\":{\"@type\":\"PropertyValueSpecification\",\"valueRequired\":true,\"valueName\":\"search_term_string\"}}],\"inLanguage\":\"fr-FR\"},{\"@type\":\"Organization\",\"@id\":\"https:\/\/www.plus-que-pro-distribution.fr\/#organization\",\"name\":\"Plus que pro distribution\",\"url\":\"https:\/\/www.plus-que-pro-distribution.fr\/\",\"logo\":{\"@type\":\"ImageObject\",\"inLanguage\":\"fr-FR\",\"@id\":\"https:\/\/www.plus-que-pro-distribution.fr\/#\/schema\/logo\/image\/\",\"url\":\"https:\/\/www.plus-que-pro-distribution.fr\/uploads\/logo-pqp-distribution.svg\",\"contentUrl\":\"https:\/\/www.plus-que-pro-distribution.fr\/uploads\/logo-pqp-distribution.svg\",\"width\":144,\"height\":34,\"caption\":\"Plus que pro distribution\"},\"image\":{\"@id\":\"https:\/\/www.plus-que-pro-distribution.fr\/#\/schema\/logo\/image\/\"},\"sameAs\":[\"https:\/\/www.facebook.com\/Plusquepro\/\"]},{\"@type\":\"Person\",\"@id\":\"https:\/\/www.plus-que-pro-distribution.fr\/#\/schema\/person\/751af92e7c43e3eeb98f4f63875e4ceb\",\"name\":\"Jean\",\"image\":{\"@type\":\"ImageObject\",\"inLanguage\":\"fr-FR\",\"@id\":\"https:\/\/www.plus-que-pro-distribution.fr\/#\/schema\/person\/image\/\",\"url\":\"https:\/\/secure.gravatar.com\/avatar\/aac25d1e3a248ba1be7404ccf9581f1a78704d8a0e292c792ed971a596325c72?s=96&d=mm&r=g\",\"contentUrl\":\"https:\/\/secure.gravatar.com\/avatar\/aac25d1e3a248ba1be7404ccf9581f1a78704d8a0e292c792ed971a596325c72?s=96&d=mm&r=g\",\"caption\":\"Jean\"}}]}<\/script>","yoast_head_json":{"title":"L\u2019Officiel de la Franchise invite le CEO de Plus que pro","description":"Gr\u00e9gory Regouby a r\u00e9pondu aux questions de L'Officiel de la Franchise pour permettre aux futurs licenci\u00e9s de marque d\u2019en apprendre plus sur Plus que pro","robots":{"index":"index","follow":"follow","max-snippet":"max-snippet:-1","max-image-preview":"max-image-preview:large","max-video-preview":"max-video-preview:-1"},"canonical":"https:\/\/www.plus-que-pro-distribution.fr\/le-president-de-plus-que-pro-dans-les-colonnes-de-lofficiel-de-la-franchise\/","og_locale":"fr_FR","og_type":"article","og_title":"L\u2019Officiel de la Franchise invite le CEO de Plus que pro","og_description":"Gr\u00e9gory Regouby a r\u00e9pondu aux questions de L'Officiel de la Franchise pour permettre aux futurs licenci\u00e9s de marque d\u2019en apprendre plus sur Plus que pro","og_url":"https:\/\/www.plus-que-pro-distribution.fr\/le-president-de-plus-que-pro-dans-les-colonnes-de-lofficiel-de-la-franchise\/","og_site_name":"Plus que pro - Distribution","article_publisher":"https:\/\/www.facebook.com\/Plusquepro\/","article_published_time":"2020-03-24T16:48:40+00:00","article_modified_time":"2025-01-15T11:02:40+00:00","og_image":[{"width":2126,"height":531,"url":"https:\/\/www.plus-que-pro-distribution.fr\/uploads\/Logo-L-Officiel-de-la-franchise.jpg","type":"image\/jpeg"}],"author":"Jean","twitter_card":"summary_large_image","twitter_misc":{"Written by":"Jean","Est. reading time":"2 minutes"},"schema":{"@context":"https:\/\/schema.org","@graph":[{"@type":"Article","@id":"https:\/\/www.plus-que-pro-distribution.fr\/le-president-de-plus-que-pro-dans-les-colonnes-de-lofficiel-de-la-franchise\/#article","isPartOf":{"@id":"https:\/\/www.plus-que-pro-distribution.fr\/le-president-de-plus-que-pro-dans-les-colonnes-de-lofficiel-de-la-franchise\/"},"author":{"name":"Jean","@id":"https:\/\/www.plus-que-pro-distribution.fr\/#\/schema\/person\/751af92e7c43e3eeb98f4f63875e4ceb"},"headline":"Le pr\u00e9sident de Plus que pro dans les colonnes de L\u2019Officiel de la Franchise","datePublished":"2020-03-24T16:48:40+00:00","dateModified":"2025-01-15T11:02:40+00:00","mainEntityOfPage":{"@id":"https:\/\/www.plus-que-pro-distribution.fr\/le-president-de-plus-que-pro-dans-les-colonnes-de-lofficiel-de-la-franchise\/"},"wordCount":149,"commentCount":0,"publisher":{"@id":"https:\/\/www.plus-que-pro-distribution.fr\/#organization"},"image":{"@id":"https:\/\/www.plus-que-pro-distribution.fr\/le-president-de-plus-que-pro-dans-les-colonnes-de-lofficiel-de-la-franchise\/#primaryimage"},"thumbnailUrl":"https:\/\/www.plus-que-pro-distribution.fr\/uploads\/Logo-L-Officiel-de-la-franchise.jpg","articleSection":["Nos actualit\u00e9s"],"inLanguage":"fr-FR","potentialAction":[{"@type":"CommentAction","name":"Comment","target":["https:\/\/www.plus-que-pro-distribution.fr\/le-president-de-plus-que-pro-dans-les-colonnes-de-lofficiel-de-la-franchise\/#respond"]}]},{"@type":"WebPage","@id":"https:\/\/www.plus-que-pro-distribution.fr\/le-president-de-plus-que-pro-dans-les-colonnes-de-lofficiel-de-la-franchise\/","url":"https:\/\/www.plus-que-pro-distribution.fr\/le-president-de-plus-que-pro-dans-les-colonnes-de-lofficiel-de-la-franchise\/","name":"L\u2019Officiel de la Franchise invite le CEO de Plus que pro","isPartOf":{"@id":"https:\/\/www.plus-que-pro-distribution.fr\/#website"},"primaryImageOfPage":{"@id":"https:\/\/www.plus-que-pro-distribution.fr\/le-president-de-plus-que-pro-dans-les-colonnes-de-lofficiel-de-la-franchise\/#primaryimage"},"image":{"@id":"https:\/\/www.plus-que-pro-distribution.fr\/le-president-de-plus-que-pro-dans-les-colonnes-de-lofficiel-de-la-franchise\/#primaryimage"},"thumbnailUrl":"https:\/\/www.plus-que-pro-distribution.fr\/uploads\/Logo-L-Officiel-de-la-franchise.jpg","datePublished":"2020-03-24T16:48:40+00:00","dateModified":"2025-01-15T11:02:40+00:00","description":"Gr\u00e9gory Regouby a r\u00e9pondu aux questions de L'Officiel de la Franchise pour permettre aux futurs licenci\u00e9s de marque d\u2019en apprendre plus sur Plus que pro","breadcrumb":{"@id":"https:\/\/www.plus-que-pro-distribution.fr\/le-president-de-plus-que-pro-dans-les-colonnes-de-lofficiel-de-la-franchise\/#breadcrumb"},"inLanguage":"fr-FR","potentialAction":[{"@type":"ReadAction","target":["https:\/\/www.plus-que-pro-distribution.fr\/le-president-de-plus-que-pro-dans-les-colonnes-de-lofficiel-de-la-franchise\/"]}]},{"@type":"ImageObject","inLanguage":"fr-FR","@id":"https:\/\/www.plus-que-pro-distribution.fr\/le-president-de-plus-que-pro-dans-les-colonnes-de-lofficiel-de-la-franchise\/#primaryimage","url":"https:\/\/www.plus-que-pro-distribution.fr\/uploads\/Logo-L-Officiel-de-la-franchise.jpg","contentUrl":"https:\/\/www.plus-que-pro-distribution.fr\/uploads\/Logo-L-Officiel-de-la-franchise.jpg","width":2126,"height":531,"caption":"Logo L'Officiel de la Franchise"},{"@type":"BreadcrumbList","@id":"https:\/\/www.plus-que-pro-distribution.fr\/le-president-de-plus-que-pro-dans-les-colonnes-de-lofficiel-de-la-franchise\/#breadcrumb","itemListElement":[{"@type":"ListItem","position":1,"name":"Home","item":"https:\/\/www.plus-que-pro-distribution.fr\/"},{"@type":"ListItem","position":2,"name":"Le pr\u00e9sident de Plus que pro dans les colonnes de L\u2019Officiel de la Franchise"}]},{"@type":"WebSite","@id":"https:\/\/www.plus-que-pro-distribution.fr\/#website","url":"https:\/\/www.plus-que-pro-distribution.fr\/","name":"Plus que pro distribution","description":"","publisher":{"@id":"https:\/\/www.plus-que-pro-distribution.fr\/#organization"},"potentialAction":[{"@type":"SearchAction","target":{"@type":"EntryPoint","urlTemplate":"https:\/\/www.plus-que-pro-distribution.fr\/?s={search_term_string}"},"query-input":{"@type":"PropertyValueSpecification","valueRequired":true,"valueName":"search_term_string"}}],"inLanguage":"fr-FR"},{"@type":"Organization","@id":"https:\/\/www.plus-que-pro-distribution.fr\/#organization","name":"Plus que pro distribution","url":"https:\/\/www.plus-que-pro-distribution.fr\/","logo":{"@type":"ImageObject","inLanguage":"fr-FR","@id":"https:\/\/www.plus-que-pro-distribution.fr\/#\/schema\/logo\/image\/","url":"https:\/\/www.plus-que-pro-distribution.fr\/uploads\/logo-pqp-distribution.svg","contentUrl":"https:\/\/www.plus-que-pro-distribution.fr\/uploads\/logo-pqp-distribution.svg","width":144,"height":34,"caption":"Plus que pro distribution"},"image":{"@id":"https:\/\/www.plus-que-pro-distribution.fr\/#\/schema\/logo\/image\/"},"sameAs":["https:\/\/www.facebook.com\/Plusquepro\/"]},{"@type":"Person","@id":"https:\/\/www.plus-que-pro-distribution.fr\/#\/schema\/person\/751af92e7c43e3eeb98f4f63875e4ceb","name":"Jean","image":{"@type":"ImageObject","inLanguage":"fr-FR","@id":"https:\/\/www.plus-que-pro-distribution.fr\/#\/schema\/person\/image\/","url":"https:\/\/secure.gravatar.com\/avatar\/aac25d1e3a248ba1be7404ccf9581f1a78704d8a0e292c792ed971a596325c72?s=96&d=mm&r=g","contentUrl":"https:\/\/secure.gravatar.com\/avatar\/aac25d1e3a248ba1be7404ccf9581f1a78704d8a0e292c792ed971a596325c72?s=96&d=mm&r=g","caption":"Jean"}}]}},"_links":{"self":[{"href":"https:\/\/www.plus-que-pro-distribution.fr\/api\/wp\/v2\/posts\/8670","targetHints":{"allow":["GET"]}}],"collection":[{"href":"https:\/\/www.plus-que-pro-distribution.fr\/api\/wp\/v2\/posts"}],"about":[{"href":"https:\/\/www.plus-que-pro-distribution.fr\/api\/wp\/v2\/types\/post"}],"author":[{"embeddable":true,"href":"https:\/\/www.plus-que-pro-distribution.fr\/api\/wp\/v2\/users\/4"}],"replies":[{"embeddable":true,"href":"https:\/\/www.plus-que-pro-distribution.fr\/api\/wp\/v2\/comments?post=8670"}],"version-history":[{"count":1,"href":"https:\/\/www.plus-que-pro-distribution.fr\/api\/wp\/v2\/posts\/8670\/revisions"}],"predecessor-version":[{"id":17217,"href":"https:\/\/www.plus-que-pro-distribution.fr\/api\/wp\/v2\/posts\/8670\/revisions\/17217"}],"wp:featuredmedia":[{"embeddable":true,"href":"https:\/\/www.plus-que-pro-distribution.fr\/api\/wp\/v2\/media\/8661"}],"wp:attachment":[{"href":"https:\/\/www.plus-que-pro-distribution.fr\/api\/wp\/v2\/media?parent=8670"}],"wp:term":[{"taxonomy":"category","embeddable":true,"href":"https:\/\/www.plus-que-pro-distribution.fr\/api\/wp\/v2\/categories?post=8670"},{"taxonomy":"post_tag","embeddable":true,"href":"https:\/\/www.plus-que-pro-distribution.fr\/api\/wp\/v2\/tags?post=8670"}],"curies":[{"name":"wp","href":"https:\/\/api.w.org\/{rel}","templated":true}]}}