{"id":8664,"date":"2020-03-24T12:58:50","date_gmt":"2020-03-24T12:58:50","guid":{"rendered":"https:\/\/www.network-plus-que-pro.fr\/?p=8664"},"modified":"2025-02-17T17:17:51","modified_gmt":"2025-02-17T16:17:51","slug":"le-nouvel-economiste-fait-un-article-sur-les-avis-clients-et-mentionne-plus-que-pro","status":"publish","type":"post","link":"https:\/\/www.plus-que-pro-distribution.fr\/le-nouvel-economiste-fait-un-article-sur-les-avis-clients-et-mentionne-plus-que-pro\/","title":{"rendered":"Le nouvel \u00c9conomiste fait un article sur les avis clients et mentionne Plus que pro"},"content":{"rendered":"<p class=\"[&amp;_a]:underline [&amp;_a]:underline-offset-2 [&amp;_a]:text-secondary-500 [&amp;_a:focus-visible]:outline-none [&amp;_a:focus]:outline-none [&amp;_a:focus-visible]:ring-2 [&amp;_a:focus-visible]:ring-offset-2 [&amp;_a:focus-visible]:ring-secondary-500 [&amp;_a:focus-visible]:rounded-full [&amp;_+_*]:mt-xs [*_+_&amp;]:mt-xs [&amp;_+_.wp-block-group]:mt-m [&amp;_+_.wp-block-group]:md:mt-l [&amp;.text-caption_+_*]:!mt-xs [&amp;.text-caption_+_*]:md:!mt-xs aligndefault max-w-default mx-auto \" ><\/p>\n\n<figure class=\"block m-0  text-center\" ><img decoding=\"async\" src=\"https:\/\/www.rejoindre-plus-que-pro.fr\/wp-content\/uploads\/2020\/03\/Donc-je-suis.jpg\" alt=\"Illustration Livre Blanc\" class=\"inline-block rounded-tr-media rounded-tl-media rounded-bl-media rounded-br-media \" ><\/figure>\n\n<p class=\"[&amp;_a]:underline [&amp;_a]:underline-offset-2 [&amp;_a]:text-secondary-500 [&amp;_a:focus-visible]:outline-none [&amp;_a:focus]:outline-none [&amp;_a:focus-visible]:ring-2 [&amp;_a:focus-visible]:ring-offset-2 [&amp;_a:focus-visible]:ring-secondary-500 [&amp;_a:focus-visible]:rounded-full [&amp;_+_*]:mt-xs [*_+_&amp;]:mt-xs [&amp;_+_.wp-block-group]:mt-m [&amp;_+_.wp-block-group]:md:mt-l [&amp;.text-caption_+_*]:!mt-xs [&amp;.text-caption_+_*]:md:!mt-xs aligndefault max-w-default mx-auto \" ><\/p>\n\n<p class=\"[&amp;_a]:underline [&amp;_a]:underline-offset-2 [&amp;_a]:text-secondary-500 [&amp;_a:focus-visible]:outline-none [&amp;_a:focus]:outline-none [&amp;_a:focus-visible]:ring-2 [&amp;_a:focus-visible]:ring-offset-2 [&amp;_a:focus-visible]:ring-secondary-500 [&amp;_a:focus-visible]:rounded-full [&amp;_+_*]:mt-xs [*_+_&amp;]:mt-xs [&amp;_+_.wp-block-group]:mt-m [&amp;_+_.wp-block-group]:md:mt-l [&amp;.text-caption_+_*]:!mt-xs [&amp;.text-caption_+_*]:md:!mt-xs aligndefault max-w-default mx-auto \" >Pour illustrer l&rsquo;article, Le nouvel \u00c9conomiste a choisi de <strong>mettre en avant notre Livre Blanc sur l\u2019histoire de l\u2019avis. <\/strong>Cette d\u00e9marche permet \u00e9galement aux internautes d\u2019approfondir la th\u00e9matique de la \u00ab ranking mania \u00bb. Les syst\u00e8mes de notation sont partout, il est donc difficile pour un consommateur de passer \u00e0 c\u00f4t\u00e9 d&rsquo;organismes comme Google, Yelp ou Expedia. Connus par le grand public, leur fiabilit\u00e9 est cependant souvent remise en question. Peut-on se fier aux t\u00e9moignages r\u00e9dig\u00e9s et publi\u00e9s sur la Toile ? Il s&rsquo;agit-l\u00e0 du sujet principal de l&rsquo;article.<\/p>\n\n<p class=\"[&amp;_a]:underline [&amp;_a]:underline-offset-2 [&amp;_a]:text-secondary-500 [&amp;_a:focus-visible]:outline-none [&amp;_a:focus]:outline-none [&amp;_a:focus-visible]:ring-2 [&amp;_a:focus-visible]:ring-offset-2 [&amp;_a:focus-visible]:ring-secondary-500 [&amp;_a:focus-visible]:rounded-full [&amp;_+_*]:mt-xs [*_+_&amp;]:mt-xs [&amp;_+_.wp-block-group]:mt-m [&amp;_+_.wp-block-group]:md:mt-l [&amp;.text-caption_+_*]:!mt-xs [&amp;.text-caption_+_*]:md:!mt-xs aligndefault max-w-default mx-auto \" >Ce Livre Blanc ludique et explicatif est donc mis en lumi\u00e8re. Celui-ci <strong>vous plongera dans les origines et l\u2019apparition des avis clients<\/strong> : de l\u2019\u00e9poque m\u00e9sopotamienne \u00e0 l\u2019\u00e9mergence du web en passant par la cr\u00e9ation des premi\u00e8res associations de consommateurs. D\u00e9couvrez comment les consommateurs ont su petit \u00e0 petit affirmer leur pouvoir.<\/p>\n\n<p class=\"[&amp;_a]:underline [&amp;_a]:underline-offset-2 [&amp;_a]:text-secondary-500 [&amp;_a:focus-visible]:outline-none [&amp;_a:focus]:outline-none [&amp;_a:focus-visible]:ring-2 [&amp;_a:focus-visible]:ring-offset-2 [&amp;_a:focus-visible]:ring-secondary-500 [&amp;_a:focus-visible]:rounded-full [&amp;_+_*]:mt-xs [*_+_&amp;]:mt-xs [&amp;_+_.wp-block-group]:mt-m [&amp;_+_.wp-block-group]:md:mt-l [&amp;.text-caption_+_*]:!mt-xs [&amp;.text-caption_+_*]:md:!mt-xs aligndefault max-w-default mx-auto \" ><a href=\"https:\/\/www.lenouveleconomiste.fr\/financial-times\/pourquoi-nous-ne-resistons-pas-aux-avis-en-ligne-76306\/\" target=\"_blank\" rel=\"noopener noreferrer\">Consulter l&rsquo;article complet du nouvel \u00c9conomiste<\/a><\/p>\n\n<p class=\"[&amp;_a]:underline [&amp;_a]:underline-offset-2 [&amp;_a]:text-secondary-500 [&amp;_a:focus-visible]:outline-none [&amp;_a:focus]:outline-none [&amp;_a:focus-visible]:ring-2 [&amp;_a:focus-visible]:ring-offset-2 [&amp;_a:focus-visible]:ring-secondary-500 [&amp;_a:focus-visible]:rounded-full [&amp;_+_*]:mt-xs [*_+_&amp;]:mt-xs [&amp;_+_.wp-block-group]:mt-m [&amp;_+_.wp-block-group]:md:mt-l [&amp;.text-caption_+_*]:!mt-xs [&amp;.text-caption_+_*]:md:!mt-xs aligndefault max-w-default mx-auto \" >Pour t\u00e9l\u00e9charger le Livre Blanc sur l\u2019histoire des avis clients, <a href=\"https:\/\/www.plus-que-pro-solution.fr\/livre-blanc-lhistoire-des-avis-clients\/\">cliquez sur ce lien.<\/a><\/p>","protected":false},"excerpt":{"rendered":"<p>Un article traitant des avis clients a \u00e9t\u00e9 publi\u00e9 le 12 mars dernier sur le m\u00e9dia Le nouvel \u00c9conomiste. Afin d&rsquo;approfondir le sujet, le site propose aux internautes en fin d&rsquo;article des actualit\u00e9s annexes. Parmi ces derni\u00e8res figure notamment le Livre Blanc, \u00e9labor\u00e9 et \u00e9crit par Plus que pro.<\/p>\n","protected":false},"author":4,"featured_media":8666,"comment_status":"open","ping_status":"open","sticky":false,"template":"","format":"standard","meta":{"footnotes":""},"categories":[6],"tags":[],"class_list":["post-8664","post","type-post","status-publish","format-standard","has-post-thumbnail","hentry","category-nos-actualites"],"yoast_head":"<title>Un Livre Blanc Plus que pro relay\u00e9 par le Nouvel economiste<\/title>\n<meta name=\"description\" content=\"Un article traitant des avis clients a \u00e9t\u00e9 publi\u00e9 le 12 mars dernier sur le m\u00e9dia Le nouvel \u00c9conomiste\" \/>\n<meta name=\"robots\" content=\"index, follow, max-snippet:-1, max-image-preview:large, max-video-preview:-1\" \/>\n<link rel=\"canonical\" href=\"https:\/\/www.plus-que-pro-distribution.fr\/le-nouvel-economiste-fait-un-article-sur-les-avis-clients-et-mentionne-plus-que-pro\/\" \/>\n<meta property=\"og:locale\" content=\"fr_FR\" \/>\n<meta property=\"og:type\" content=\"article\" \/>\n<meta property=\"og:title\" content=\"Un Livre Blanc Plus que pro relay\u00e9 par le Nouvel economiste\" \/>\n<meta property=\"og:description\" content=\"Un article traitant des avis clients a \u00e9t\u00e9 publi\u00e9 le 12 mars dernier sur le m\u00e9dia Le nouvel \u00c9conomiste\" \/>\n<meta property=\"og:url\" content=\"https:\/\/www.plus-que-pro-distribution.fr\/le-nouvel-economiste-fait-un-article-sur-les-avis-clients-et-mentionne-plus-que-pro\/\" \/>\n<meta property=\"og:site_name\" content=\"Plus que pro - Distribution\" \/>\n<meta property=\"article:publisher\" content=\"https:\/\/www.facebook.com\/Plusquepro\/\" \/>\n<meta property=\"article:published_time\" content=\"2020-03-24T12:58:50+00:00\" \/>\n<meta property=\"article:modified_time\" content=\"2025-02-17T16:17:51+00:00\" \/>\n<meta property=\"og:image\" content=\"https:\/\/www.plus-que-pro-distribution.fr\/uploads\/Donc-je-suis.jpg\" \/>\n\t<meta property=\"og:image:width\" content=\"1200\" \/>\n\t<meta property=\"og:image:height\" content=\"659\" \/>\n\t<meta property=\"og:image:type\" content=\"image\/jpeg\" \/>\n<meta name=\"author\" content=\"Jean\" \/>\n<meta name=\"twitter:card\" content=\"summary_large_image\" \/>\n<meta name=\"twitter:label1\" content=\"Written by\" \/>\n\t<meta name=\"twitter:data1\" content=\"Jean\" \/>\n\t<meta name=\"twitter:label2\" content=\"Est. reading time\" \/>\n\t<meta name=\"twitter:data2\" content=\"2 minutes\" \/>\n<script type=\"application\/ld+json\" class=\"yoast-schema-graph\">{\"@context\":\"https:\/\/schema.org\",\"@graph\":[{\"@type\":\"Article\",\"@id\":\"https:\/\/www.plus-que-pro-distribution.fr\/le-nouvel-economiste-fait-un-article-sur-les-avis-clients-et-mentionne-plus-que-pro\/#article\",\"isPartOf\":{\"@id\":\"https:\/\/www.plus-que-pro-distribution.fr\/le-nouvel-economiste-fait-un-article-sur-les-avis-clients-et-mentionne-plus-que-pro\/\"},\"author\":{\"name\":\"Jean\",\"@id\":\"https:\/\/www.plus-que-pro-distribution.fr\/#\/schema\/person\/751af92e7c43e3eeb98f4f63875e4ceb\"},\"headline\":\"Le nouvel \u00c9conomiste fait un article sur les avis clients et mentionne Plus que pro\",\"datePublished\":\"2020-03-24T12:58:50+00:00\",\"dateModified\":\"2025-02-17T16:17:51+00:00\",\"mainEntityOfPage\":{\"@id\":\"https:\/\/www.plus-que-pro-distribution.fr\/le-nouvel-economiste-fait-un-article-sur-les-avis-clients-et-mentionne-plus-que-pro\/\"},\"wordCount\":196,\"commentCount\":0,\"publisher\":{\"@id\":\"https:\/\/www.plus-que-pro-distribution.fr\/#organization\"},\"image\":{\"@id\":\"https:\/\/www.plus-que-pro-distribution.fr\/le-nouvel-economiste-fait-un-article-sur-les-avis-clients-et-mentionne-plus-que-pro\/#primaryimage\"},\"thumbnailUrl\":\"https:\/\/www.plus-que-pro-distribution.fr\/uploads\/Donc-je-suis.jpg\",\"articleSection\":[\"Nos actualit\u00e9s\"],\"inLanguage\":\"fr-FR\",\"potentialAction\":[{\"@type\":\"CommentAction\",\"name\":\"Comment\",\"target\":[\"https:\/\/www.plus-que-pro-distribution.fr\/le-nouvel-economiste-fait-un-article-sur-les-avis-clients-et-mentionne-plus-que-pro\/#respond\"]}]},{\"@type\":\"WebPage\",\"@id\":\"https:\/\/www.plus-que-pro-distribution.fr\/le-nouvel-economiste-fait-un-article-sur-les-avis-clients-et-mentionne-plus-que-pro\/\",\"url\":\"https:\/\/www.plus-que-pro-distribution.fr\/le-nouvel-economiste-fait-un-article-sur-les-avis-clients-et-mentionne-plus-que-pro\/\",\"name\":\"Un Livre Blanc Plus que pro relay\u00e9 par le Nouvel economiste\",\"isPartOf\":{\"@id\":\"https:\/\/www.plus-que-pro-distribution.fr\/#website\"},\"primaryImageOfPage\":{\"@id\":\"https:\/\/www.plus-que-pro-distribution.fr\/le-nouvel-economiste-fait-un-article-sur-les-avis-clients-et-mentionne-plus-que-pro\/#primaryimage\"},\"image\":{\"@id\":\"https:\/\/www.plus-que-pro-distribution.fr\/le-nouvel-economiste-fait-un-article-sur-les-avis-clients-et-mentionne-plus-que-pro\/#primaryimage\"},\"thumbnailUrl\":\"https:\/\/www.plus-que-pro-distribution.fr\/uploads\/Donc-je-suis.jpg\",\"datePublished\":\"2020-03-24T12:58:50+00:00\",\"dateModified\":\"2025-02-17T16:17:51+00:00\",\"description\":\"Un article traitant des avis clients a \u00e9t\u00e9 publi\u00e9 le 12 mars dernier sur le m\u00e9dia Le nouvel \u00c9conomiste\",\"breadcrumb\":{\"@id\":\"https:\/\/www.plus-que-pro-distribution.fr\/le-nouvel-economiste-fait-un-article-sur-les-avis-clients-et-mentionne-plus-que-pro\/#breadcrumb\"},\"inLanguage\":\"fr-FR\",\"potentialAction\":[{\"@type\":\"ReadAction\",\"target\":[\"https:\/\/www.plus-que-pro-distribution.fr\/le-nouvel-economiste-fait-un-article-sur-les-avis-clients-et-mentionne-plus-que-pro\/\"]}]},{\"@type\":\"ImageObject\",\"inLanguage\":\"fr-FR\",\"@id\":\"https:\/\/www.plus-que-pro-distribution.fr\/le-nouvel-economiste-fait-un-article-sur-les-avis-clients-et-mentionne-plus-que-pro\/#primaryimage\",\"url\":\"https:\/\/www.plus-que-pro-distribution.fr\/uploads\/Donc-je-suis.jpg\",\"contentUrl\":\"https:\/\/www.plus-que-pro-distribution.fr\/uploads\/Donc-je-suis.jpg\",\"width\":1200,\"height\":659,\"caption\":\"Illustration Livre Blanc\"},{\"@type\":\"BreadcrumbList\",\"@id\":\"https:\/\/www.plus-que-pro-distribution.fr\/le-nouvel-economiste-fait-un-article-sur-les-avis-clients-et-mentionne-plus-que-pro\/#breadcrumb\",\"itemListElement\":[{\"@type\":\"ListItem\",\"position\":1,\"name\":\"Home\",\"item\":\"https:\/\/www.plus-que-pro-distribution.fr\/\"},{\"@type\":\"ListItem\",\"position\":2,\"name\":\"Le nouvel \u00c9conomiste fait un article sur les avis clients et mentionne Plus que pro\"}]},{\"@type\":\"WebSite\",\"@id\":\"https:\/\/www.plus-que-pro-distribution.fr\/#website\",\"url\":\"https:\/\/www.plus-que-pro-distribution.fr\/\",\"name\":\"Plus que pro distribution\",\"description\":\"\",\"publisher\":{\"@id\":\"https:\/\/www.plus-que-pro-distribution.fr\/#organization\"},\"potentialAction\":[{\"@type\":\"SearchAction\",\"target\":{\"@type\":\"EntryPoint\",\"urlTemplate\":\"https:\/\/www.plus-que-pro-distribution.fr\/?s={search_term_string}\"},\"query-input\":{\"@type\":\"PropertyValueSpecification\",\"valueRequired\":true,\"valueName\":\"search_term_string\"}}],\"inLanguage\":\"fr-FR\"},{\"@type\":\"Organization\",\"@id\":\"https:\/\/www.plus-que-pro-distribution.fr\/#organization\",\"name\":\"Plus que pro distribution\",\"url\":\"https:\/\/www.plus-que-pro-distribution.fr\/\",\"logo\":{\"@type\":\"ImageObject\",\"inLanguage\":\"fr-FR\",\"@id\":\"https:\/\/www.plus-que-pro-distribution.fr\/#\/schema\/logo\/image\/\",\"url\":\"https:\/\/www.plus-que-pro-distribution.fr\/uploads\/logo-pqp-distribution.svg\",\"contentUrl\":\"https:\/\/www.plus-que-pro-distribution.fr\/uploads\/logo-pqp-distribution.svg\",\"width\":144,\"height\":34,\"caption\":\"Plus que pro distribution\"},\"image\":{\"@id\":\"https:\/\/www.plus-que-pro-distribution.fr\/#\/schema\/logo\/image\/\"},\"sameAs\":[\"https:\/\/www.facebook.com\/Plusquepro\/\"]},{\"@type\":\"Person\",\"@id\":\"https:\/\/www.plus-que-pro-distribution.fr\/#\/schema\/person\/751af92e7c43e3eeb98f4f63875e4ceb\",\"name\":\"Jean\",\"image\":{\"@type\":\"ImageObject\",\"inLanguage\":\"fr-FR\",\"@id\":\"https:\/\/www.plus-que-pro-distribution.fr\/#\/schema\/person\/image\/\",\"url\":\"https:\/\/secure.gravatar.com\/avatar\/aac25d1e3a248ba1be7404ccf9581f1a78704d8a0e292c792ed971a596325c72?s=96&d=mm&r=g\",\"contentUrl\":\"https:\/\/secure.gravatar.com\/avatar\/aac25d1e3a248ba1be7404ccf9581f1a78704d8a0e292c792ed971a596325c72?s=96&d=mm&r=g\",\"caption\":\"Jean\"}}]}<\/script>","yoast_head_json":{"title":"Un Livre Blanc Plus que pro relay\u00e9 par le Nouvel economiste","description":"Un article traitant des avis clients a \u00e9t\u00e9 publi\u00e9 le 12 mars dernier sur le m\u00e9dia Le nouvel \u00c9conomiste","robots":{"index":"index","follow":"follow","max-snippet":"max-snippet:-1","max-image-preview":"max-image-preview:large","max-video-preview":"max-video-preview:-1"},"canonical":"https:\/\/www.plus-que-pro-distribution.fr\/le-nouvel-economiste-fait-un-article-sur-les-avis-clients-et-mentionne-plus-que-pro\/","og_locale":"fr_FR","og_type":"article","og_title":"Un Livre Blanc Plus que pro relay\u00e9 par le Nouvel economiste","og_description":"Un article traitant des avis clients a \u00e9t\u00e9 publi\u00e9 le 12 mars dernier sur le m\u00e9dia Le nouvel \u00c9conomiste","og_url":"https:\/\/www.plus-que-pro-distribution.fr\/le-nouvel-economiste-fait-un-article-sur-les-avis-clients-et-mentionne-plus-que-pro\/","og_site_name":"Plus que pro - Distribution","article_publisher":"https:\/\/www.facebook.com\/Plusquepro\/","article_published_time":"2020-03-24T12:58:50+00:00","article_modified_time":"2025-02-17T16:17:51+00:00","og_image":[{"width":1200,"height":659,"url":"https:\/\/www.plus-que-pro-distribution.fr\/uploads\/Donc-je-suis.jpg","type":"image\/jpeg"}],"author":"Jean","twitter_card":"summary_large_image","twitter_misc":{"Written by":"Jean","Est. reading time":"2 minutes"},"schema":{"@context":"https:\/\/schema.org","@graph":[{"@type":"Article","@id":"https:\/\/www.plus-que-pro-distribution.fr\/le-nouvel-economiste-fait-un-article-sur-les-avis-clients-et-mentionne-plus-que-pro\/#article","isPartOf":{"@id":"https:\/\/www.plus-que-pro-distribution.fr\/le-nouvel-economiste-fait-un-article-sur-les-avis-clients-et-mentionne-plus-que-pro\/"},"author":{"name":"Jean","@id":"https:\/\/www.plus-que-pro-distribution.fr\/#\/schema\/person\/751af92e7c43e3eeb98f4f63875e4ceb"},"headline":"Le nouvel \u00c9conomiste fait un article sur les avis clients et mentionne Plus que pro","datePublished":"2020-03-24T12:58:50+00:00","dateModified":"2025-02-17T16:17:51+00:00","mainEntityOfPage":{"@id":"https:\/\/www.plus-que-pro-distribution.fr\/le-nouvel-economiste-fait-un-article-sur-les-avis-clients-et-mentionne-plus-que-pro\/"},"wordCount":196,"commentCount":0,"publisher":{"@id":"https:\/\/www.plus-que-pro-distribution.fr\/#organization"},"image":{"@id":"https:\/\/www.plus-que-pro-distribution.fr\/le-nouvel-economiste-fait-un-article-sur-les-avis-clients-et-mentionne-plus-que-pro\/#primaryimage"},"thumbnailUrl":"https:\/\/www.plus-que-pro-distribution.fr\/uploads\/Donc-je-suis.jpg","articleSection":["Nos actualit\u00e9s"],"inLanguage":"fr-FR","potentialAction":[{"@type":"CommentAction","name":"Comment","target":["https:\/\/www.plus-que-pro-distribution.fr\/le-nouvel-economiste-fait-un-article-sur-les-avis-clients-et-mentionne-plus-que-pro\/#respond"]}]},{"@type":"WebPage","@id":"https:\/\/www.plus-que-pro-distribution.fr\/le-nouvel-economiste-fait-un-article-sur-les-avis-clients-et-mentionne-plus-que-pro\/","url":"https:\/\/www.plus-que-pro-distribution.fr\/le-nouvel-economiste-fait-un-article-sur-les-avis-clients-et-mentionne-plus-que-pro\/","name":"Un Livre Blanc Plus que pro relay\u00e9 par le Nouvel economiste","isPartOf":{"@id":"https:\/\/www.plus-que-pro-distribution.fr\/#website"},"primaryImageOfPage":{"@id":"https:\/\/www.plus-que-pro-distribution.fr\/le-nouvel-economiste-fait-un-article-sur-les-avis-clients-et-mentionne-plus-que-pro\/#primaryimage"},"image":{"@id":"https:\/\/www.plus-que-pro-distribution.fr\/le-nouvel-economiste-fait-un-article-sur-les-avis-clients-et-mentionne-plus-que-pro\/#primaryimage"},"thumbnailUrl":"https:\/\/www.plus-que-pro-distribution.fr\/uploads\/Donc-je-suis.jpg","datePublished":"2020-03-24T12:58:50+00:00","dateModified":"2025-02-17T16:17:51+00:00","description":"Un article traitant des avis clients a \u00e9t\u00e9 publi\u00e9 le 12 mars dernier sur le m\u00e9dia Le nouvel \u00c9conomiste","breadcrumb":{"@id":"https:\/\/www.plus-que-pro-distribution.fr\/le-nouvel-economiste-fait-un-article-sur-les-avis-clients-et-mentionne-plus-que-pro\/#breadcrumb"},"inLanguage":"fr-FR","potentialAction":[{"@type":"ReadAction","target":["https:\/\/www.plus-que-pro-distribution.fr\/le-nouvel-economiste-fait-un-article-sur-les-avis-clients-et-mentionne-plus-que-pro\/"]}]},{"@type":"ImageObject","inLanguage":"fr-FR","@id":"https:\/\/www.plus-que-pro-distribution.fr\/le-nouvel-economiste-fait-un-article-sur-les-avis-clients-et-mentionne-plus-que-pro\/#primaryimage","url":"https:\/\/www.plus-que-pro-distribution.fr\/uploads\/Donc-je-suis.jpg","contentUrl":"https:\/\/www.plus-que-pro-distribution.fr\/uploads\/Donc-je-suis.jpg","width":1200,"height":659,"caption":"Illustration Livre Blanc"},{"@type":"BreadcrumbList","@id":"https:\/\/www.plus-que-pro-distribution.fr\/le-nouvel-economiste-fait-un-article-sur-les-avis-clients-et-mentionne-plus-que-pro\/#breadcrumb","itemListElement":[{"@type":"ListItem","position":1,"name":"Home","item":"https:\/\/www.plus-que-pro-distribution.fr\/"},{"@type":"ListItem","position":2,"name":"Le nouvel \u00c9conomiste fait un article sur les avis clients et mentionne Plus que pro"}]},{"@type":"WebSite","@id":"https:\/\/www.plus-que-pro-distribution.fr\/#website","url":"https:\/\/www.plus-que-pro-distribution.fr\/","name":"Plus que pro distribution","description":"","publisher":{"@id":"https:\/\/www.plus-que-pro-distribution.fr\/#organization"},"potentialAction":[{"@type":"SearchAction","target":{"@type":"EntryPoint","urlTemplate":"https:\/\/www.plus-que-pro-distribution.fr\/?s={search_term_string}"},"query-input":{"@type":"PropertyValueSpecification","valueRequired":true,"valueName":"search_term_string"}}],"inLanguage":"fr-FR"},{"@type":"Organization","@id":"https:\/\/www.plus-que-pro-distribution.fr\/#organization","name":"Plus que pro distribution","url":"https:\/\/www.plus-que-pro-distribution.fr\/","logo":{"@type":"ImageObject","inLanguage":"fr-FR","@id":"https:\/\/www.plus-que-pro-distribution.fr\/#\/schema\/logo\/image\/","url":"https:\/\/www.plus-que-pro-distribution.fr\/uploads\/logo-pqp-distribution.svg","contentUrl":"https:\/\/www.plus-que-pro-distribution.fr\/uploads\/logo-pqp-distribution.svg","width":144,"height":34,"caption":"Plus que pro distribution"},"image":{"@id":"https:\/\/www.plus-que-pro-distribution.fr\/#\/schema\/logo\/image\/"},"sameAs":["https:\/\/www.facebook.com\/Plusquepro\/"]},{"@type":"Person","@id":"https:\/\/www.plus-que-pro-distribution.fr\/#\/schema\/person\/751af92e7c43e3eeb98f4f63875e4ceb","name":"Jean","image":{"@type":"ImageObject","inLanguage":"fr-FR","@id":"https:\/\/www.plus-que-pro-distribution.fr\/#\/schema\/person\/image\/","url":"https:\/\/secure.gravatar.com\/avatar\/aac25d1e3a248ba1be7404ccf9581f1a78704d8a0e292c792ed971a596325c72?s=96&d=mm&r=g","contentUrl":"https:\/\/secure.gravatar.com\/avatar\/aac25d1e3a248ba1be7404ccf9581f1a78704d8a0e292c792ed971a596325c72?s=96&d=mm&r=g","caption":"Jean"}}]}},"_links":{"self":[{"href":"https:\/\/www.plus-que-pro-distribution.fr\/api\/wp\/v2\/posts\/8664","targetHints":{"allow":["GET"]}}],"collection":[{"href":"https:\/\/www.plus-que-pro-distribution.fr\/api\/wp\/v2\/posts"}],"about":[{"href":"https:\/\/www.plus-que-pro-distribution.fr\/api\/wp\/v2\/types\/post"}],"author":[{"embeddable":true,"href":"https:\/\/www.plus-que-pro-distribution.fr\/api\/wp\/v2\/users\/4"}],"replies":[{"embeddable":true,"href":"https:\/\/www.plus-que-pro-distribution.fr\/api\/wp\/v2\/comments?post=8664"}],"version-history":[{"count":2,"href":"https:\/\/www.plus-que-pro-distribution.fr\/api\/wp\/v2\/posts\/8664\/revisions"}],"predecessor-version":[{"id":18294,"href":"https:\/\/www.plus-que-pro-distribution.fr\/api\/wp\/v2\/posts\/8664\/revisions\/18294"}],"wp:featuredmedia":[{"embeddable":true,"href":"https:\/\/www.plus-que-pro-distribution.fr\/api\/wp\/v2\/media\/8666"}],"wp:attachment":[{"href":"https:\/\/www.plus-que-pro-distribution.fr\/api\/wp\/v2\/media?parent=8664"}],"wp:term":[{"taxonomy":"category","embeddable":true,"href":"https:\/\/www.plus-que-pro-distribution.fr\/api\/wp\/v2\/categories?post=8664"},{"taxonomy":"post_tag","embeddable":true,"href":"https:\/\/www.plus-que-pro-distribution.fr\/api\/wp\/v2\/tags?post=8664"}],"curies":[{"name":"wp","href":"https:\/\/api.w.org\/{rel}","templated":true}]}}