{"id":8455,"date":"2020-02-03T07:39:51","date_gmt":"2020-02-03T07:39:51","guid":{"rendered":"https:\/\/www.network-plus-que-pro.fr\/?p=8455"},"modified":"2025-02-17T16:27:02","modified_gmt":"2025-02-17T15:27:02","slug":"un-nouveau-licencie-de-marque-debarque-dans-les-alpes-maritimes","status":"publish","type":"post","link":"https:\/\/www.plus-que-pro-distribution.fr\/un-nouveau-licencie-de-marque-debarque-dans-les-alpes-maritimes\/","title":{"rendered":"Un nouveau licenci\u00e9 de marque d\u00e9barque dans les Alpes Maritimes"},"content":{"rendered":"<p class=\"[&amp;_a]:underline [&amp;_a]:underline-offset-2 [&amp;_a]:text-secondary-500 [&amp;_a:focus-visible]:outline-none [&amp;_a:focus]:outline-none [&amp;_a:focus-visible]:ring-2 [&amp;_a:focus-visible]:ring-offset-2 [&amp;_a:focus-visible]:ring-secondary-500 [&amp;_a:focus-visible]:rounded-full [&amp;_+_*]:mt-xs [*_+_&amp;]:mt-xs [&amp;_+_.wp-block-group]:mt-m [&amp;_+_.wp-block-group]:md:mt-l [&amp;.text-caption_+_*]:!mt-xs [&amp;.text-caption_+_*]:md:!mt-xs aligndefault max-w-default mx-auto \" >C\u2019est avec un d\u00e9but d\u2019ann\u00e9e 2020 Plus que prometteur que <strong>nous vous d\u00e9voilons l\u2019identit\u00e9 du licenci\u00e9 de marque fra\u00eechement arriv\u00e9 dans le secteur des Alpes Maritimes<\/strong>. Il se pr\u00e9nomme <strong>Thierry Assous<\/strong> et <strong>il nous livre son parcours, ses impressions ainsi que sa vision de l\u2019avenir au sein de notre group<\/strong>e. Cet article r\u00e9sume son t\u00e9moignage vid\u00e9o, que vous pourrez retrouver ci-dessous. D\u00e9couvrez le portrait de cet entrepreneur motiv\u00e9 et enjou\u00e9.promu<\/p>\n\n<p class=\"[&amp;_a]:underline [&amp;_a]:underline-offset-2 [&amp;_a]:text-secondary-500 [&amp;_a:focus-visible]:outline-none [&amp;_a:focus]:outline-none [&amp;_a:focus-visible]:ring-2 [&amp;_a:focus-visible]:ring-offset-2 [&amp;_a:focus-visible]:ring-secondary-500 [&amp;_a:focus-visible]:rounded-full [&amp;_+_*]:mt-xs [*_+_&amp;]:mt-xs [&amp;_+_.wp-block-group]:mt-m [&amp;_+_.wp-block-group]:md:mt-l [&amp;.text-caption_+_*]:!mt-xs [&amp;.text-caption_+_*]:md:!mt-xs aligndefault max-w-default mx-auto \" >Visualisez l\u2019int\u00e9gralit\u00e9 de la vid\u00e9o\u00a0:<\/p>\n\n<figure class=\"wp-block-embed relative aligndefault max-w-default mx-auto [&amp;_lite-youtube]:w-full [&amp;_lite-youtube]:h-full [&amp;_lite-youtube]:rounded-media [&amp;_lite-youtube]:aspect-video [&amp;_lite-youtube]:mx-auto [&amp;_lite-youtube]:max-w-default [&amp;.alignfull_&gt;_lite-youtube]:rounded-none [&amp;.alignfull_&gt;_figcaption]:pl-global-padding \" >\n<lite-youtube js-api params=\"enablejsapi=1&#038;autoplay=0\" videoid=\"watch\" title=\"Partenaires Plus que pro : Thierry ASSOUS, licenci\u00e9 de marque des Alpes Maritimes (2020)\" width=\"500\" height=\"281\" data-src=\"https:\/\/www.youtube.com\/embed\/gus4wgTTNnw?feature=oembed\" frameborder=\"0\" allow=\"accelerometer; autoplay; clipboard-write; encrypted-media; gyroscope; picture-in-picture; web-share\" referrerpolicy=\"strict-origin-when-cross-origin\" allowfullscreen><\/lite-youtube>\n<div x-on:click.stop=\"\" class=\"youtube-consent-overlay flex relative items-center text-center rounded-sm p-global-padding bg-primary-950 gap-s flex-col\" ><div class=\"text-white has-text-color\" >La lecture des vid\u00e9os Youtube est conditionn\u00e9e au d\u00e9p\u00f4t de cookies sur votre terminal pour permettre la diffusion des vid\u00e9os, mais \u00e9galement pour des finalit\u00e9s publicitaires. En cliquant sur \u00ab\u00a0Autoriser\u00a0\u00bb, vous consentez au d\u00e9p\u00f4t de cookies pour l&rsquo;ensemble des finalit\u00e9s.<\/div><a target=\"_blank\" href=\"https:\/\/policies.google.com\/privacy?hl=fr&amp;gl=fr\" class=\"text-white underline focus-visible:outline-none focus:outline-none focus-visible:ring-2 focus-visible:ring-offset-2 focus-visible:ring-secondary-500 rounded-full\" >Consulter la politique de confidentialit\u00e9 de Youtube<\/a><div class=\"justify-center wp-block-buttons flex flex-col md:flex-row items-start gap-7\" ><button x-data=\"{\n            init() {\n                window.didomiOnReady = window.didomiOnReady || [];\n                window.didomiOnReady.push((Didomi) =&gt; {\n                    Didomi.getObservableOnUserConsentStatusForVendor(&quot;c:youtube-axWT9ZeX&quot;).subscribe(\n                        (consentStatus) =&gt; {\n                            if (consentStatus === true) {\n                                this.showAllVideos();\n                            }\n                        }\n                    );\n                });\n            },\n            showAllVideos() {\n\t\t\t\tconst liteYoutubes = document.querySelectorAll(&quot;lite-youtube&quot;);\n\t\t\t\tif (liteYoutubes.length === 0) {\n\t\t\t\t\treturn;\n\t\t\t\t}\n\n\t\t\t\tliteYoutubes.forEach((liteYoutube) =&gt; {\n\t\t\t\t\tconst src = liteYoutube.getAttribute(&quot;data-src&quot;);\n\t\t\t\t\tliteYoutube.setAttribute(&quot;src&quot;, src);\n\t\t\t\t});\n\n\t\t\t\tconst overlays = document.querySelectorAll(&quot;.youtube-consent-overlay&quot;);\n\t\t\t\tif (overlays.length === 0) {\n\t\t\t\t\treturn;\n\t\t\t\t}\n\n\t\t\t\toverlays.forEach((overlay) =&gt; {\n\t\t\t\t\toverlay.style.display = &quot;none&quot;;\n\t\t\t\t});\n            },\n            handleYoutubeConsent() {\n                if (typeof Didomi === &quot;undefined&quot;) {\n                    return;\n                }\n\n                const youtubeVendor = Didomi.getVendorById(&quot;c:youtube-axWT9ZeX&quot;);\n                if (!youtubeVendor) {\n                    return;\n                }\n                const transaction = Didomi.openCurrentUserStatusTransaction();\n                transaction.enableVendor(youtubeVendor.didomiId);\n                transaction.enablePurposes(youtubeVendor.purposeIds);\n                transaction.commit();\n            }\n        }\" x-on:click=\"handleYoutubeConsent()\" x-on:init=\"init()\" class=\"flex-none border-2 inline-flex items-center gap-2 py-3 px-6 rounded-full is-style-fill text-white border-secondary-500 bg-secondary-500 hover:border-secondary-600 hover:bg-secondary-600 transition ease-in duration-300 disabled:bg-secondary-200 disabled:border-secondary-200\" >Autoriser<\/button><\/div><\/div> <figcaption class=\"text-caption text-deep-300 has-text-color \" ><\/figcaption><\/figure>\n\n<p class=\"[&amp;_a]:underline [&amp;_a]:underline-offset-2 [&amp;_a]:text-secondary-500 [&amp;_a:focus-visible]:outline-none [&amp;_a:focus]:outline-none [&amp;_a:focus-visible]:ring-2 [&amp;_a:focus-visible]:ring-offset-2 [&amp;_a:focus-visible]:ring-secondary-500 [&amp;_a:focus-visible]:rounded-full [&amp;_+_*]:mt-xs [*_+_&amp;]:mt-xs [&amp;_+_.wp-block-group]:mt-m [&amp;_+_.wp-block-group]:md:mt-l [&amp;.text-caption_+_*]:!mt-xs [&amp;.text-caption_+_*]:md:!mt-xs aligndefault max-w-default mx-auto \" >\u00a0<\/p>\n\n<p class=\"[&amp;_a]:underline [&amp;_a]:underline-offset-2 [&amp;_a]:text-secondary-500 [&amp;_a:focus-visible]:outline-none [&amp;_a:focus]:outline-none [&amp;_a:focus-visible]:ring-2 [&amp;_a:focus-visible]:ring-offset-2 [&amp;_a:focus-visible]:ring-secondary-500 [&amp;_a:focus-visible]:rounded-full [&amp;_+_*]:mt-xs [*_+_&amp;]:mt-xs [&amp;_+_.wp-block-group]:mt-m [&amp;_+_.wp-block-group]:md:mt-l [&amp;.text-caption_+_*]:!mt-xs [&amp;.text-caption_+_*]:md:!mt-xs aligndefault max-w-default mx-auto \" >\u00c0 aujourd\u2019hui 55 ans, Thierry Assous a souhait\u00e9 <strong>donner un coup de boost \u00e0 son parcours professionnel pour se mettre \u00e0 son compte<\/strong>. Avant de rejoindre le groupe Plus que pro, celui-ci a eu des exp\u00e9riences aussi vari\u00e9es qu\u2019enrichissantes\u00a0: <em>\u00ab J\u2019ai fait l\u2019essentiel de ma carri\u00e8re dans le domaine commercial, dans le financement mais aussi dans l\u2019assurance o\u00f9 j\u2019ai \u00e9t\u00e9 manager d\u2019agence, manager r\u00e9gional pour ensuite \u00eatre promu au titre de directeur de formation dans une soci\u00e9t\u00e9 de cr\u00e9dit \u00bb<\/em>.<\/p>\n\n<h2 class=\"wp-block-heading text-balance [&amp;_+_*]:mt-m [&amp;_+_*]:md:mt-l [*_+_&amp;]:mt-m [*_+_&amp;]:md:mt-l [&amp;.text-caption_+_*]:!mt-xs [&amp;.text-caption_+_*]:md:!mt-xs [&amp;_a]:underline [&amp;_a]:underline-offset-2 [&amp;_a]:text-secondary-500 text-h2 aligndefault max-w-default mx-auto \" >La d\u00e9couverte du concept Plus que pro<\/h2>\n\n<p class=\"[&amp;_a]:underline [&amp;_a]:underline-offset-2 [&amp;_a]:text-secondary-500 [&amp;_a:focus-visible]:outline-none [&amp;_a:focus]:outline-none [&amp;_a:focus-visible]:ring-2 [&amp;_a:focus-visible]:ring-offset-2 [&amp;_a:focus-visible]:ring-secondary-500 [&amp;_a:focus-visible]:rounded-full [&amp;_+_*]:mt-xs [*_+_&amp;]:mt-xs [&amp;_+_.wp-block-group]:mt-m [&amp;_+_.wp-block-group]:md:mt-l [&amp;.text-caption_+_*]:!mt-xs [&amp;.text-caption_+_*]:md:!mt-xs aligndefault max-w-default mx-auto \" >C\u2019est par hasard que Thierry Assous tombe sur Plus que pro, en consultant une annonce sur Cadre Emploi\u00a0: <em>\u00ab\u00a0J\u2019ai lu attentivement le contenu et je suis all\u00e9 voir les liens vid\u00e9o. Ensuite, j\u2019ai tout simplement r\u00e9dig\u00e9 ma lettre de candidature. Quelques jours apr\u00e8s, j\u2019ai re\u00e7u un appel pour \u00e9changer sur ma demande. Apr\u00e8s plusieurs entretiens t\u00e9l\u00e9phoniques, nous avons convenu de la programmation de la journ\u00e9e d\u00e9couverte\u00a0\u00bb<\/em>.<\/p>\n\n<h2 class=\"wp-block-heading text-balance [&amp;_+_*]:mt-m [&amp;_+_*]:md:mt-l [*_+_&amp;]:mt-m [*_+_&amp;]:md:mt-l [&amp;.text-caption_+_*]:!mt-xs [&amp;.text-caption_+_*]:md:!mt-xs [&amp;_a]:underline [&amp;_a]:underline-offset-2 [&amp;_a]:text-secondary-500 text-h2 aligndefault max-w-default mx-auto \" >Une journ\u00e9e pour d\u00e9couvrir l\u2019environnement Plus que pro<\/h2>\n\n<p class=\"[&amp;_a]:underline [&amp;_a]:underline-offset-2 [&amp;_a]:text-secondary-500 [&amp;_a:focus-visible]:outline-none [&amp;_a:focus]:outline-none [&amp;_a:focus-visible]:ring-2 [&amp;_a:focus-visible]:ring-offset-2 [&amp;_a:focus-visible]:ring-secondary-500 [&amp;_a:focus-visible]:rounded-full [&amp;_+_*]:mt-xs [*_+_&amp;]:mt-xs [&amp;_+_.wp-block-group]:mt-m [&amp;_+_.wp-block-group]:md:mt-l [&amp;.text-caption_+_*]:!mt-xs [&amp;.text-caption_+_*]:md:!mt-xs aligndefault max-w-default mx-auto \" >Une fois les premiers \u00e9changes \u00e9tablis avec Plus que pro, c\u2019est tout naturellement que Thierry Assous s\u2019est rendu \u00e0 Schiltigheim pour faire la connaissance des collaborateurs et d\u00e9couvrir les locaux. Il t\u00e9moigne\u00a0: <em>\u00ab\u00a0La journ\u00e9e d\u00e9couverte m\u2019a permis de mettre en lumi\u00e8re plusieurs points, notamment <strong>les m\u00e9thodes de prospection efficaces<\/strong>. Aucun proc\u00e9d\u00e9 ne peut pr\u00e9tendre \u00e0 100\u00a0% de r\u00e9ussite, mais j\u2019ai constat\u00e9 que celui-ci fonctionnait. <strong>Je me suis donc tout de suite senti capable de reproduire la m\u00e9thode enseign\u00e9e<\/strong>\u00a0<\/em>\u00bb.<\/p>\n\n<p class=\"[&amp;_a]:underline [&amp;_a]:underline-offset-2 [&amp;_a]:text-secondary-500 [&amp;_a:focus-visible]:outline-none [&amp;_a:focus]:outline-none [&amp;_a:focus-visible]:ring-2 [&amp;_a:focus-visible]:ring-offset-2 [&amp;_a:focus-visible]:ring-secondary-500 [&amp;_a:focus-visible]:rounded-full [&amp;_+_*]:mt-xs [*_+_&amp;]:mt-xs [&amp;_+_.wp-block-group]:mt-m [&amp;_+_.wp-block-group]:md:mt-l [&amp;.text-caption_+_*]:!mt-xs [&amp;.text-caption_+_*]:md:!mt-xs aligndefault max-w-default mx-auto \" >De plus, ce qui a marqu\u00e9 cet entrepreneur dynamique c\u2019est l\u2019implication des \u00e9quipes. Il poursuit : <em>\u00ab Je voulais vraiment rentrer dans un r\u00e9seau de franchise pour b\u00e9n\u00e9ficier d\u2019un appui proactif dans la progression du franchis\u00e9 ainsi que dans l\u2019implication et la formation. Tous les t\u00e9moignages de mes confr\u00e8res, attestaient de<strong> cet accompagnement fort qui est propos\u00e9 par Plus que pro<\/strong> \u00bb<\/em>.<\/p>\n\n<p class=\"[&amp;_a]:underline [&amp;_a]:underline-offset-2 [&amp;_a]:text-secondary-500 [&amp;_a:focus-visible]:outline-none [&amp;_a:focus]:outline-none [&amp;_a:focus-visible]:ring-2 [&amp;_a:focus-visible]:ring-offset-2 [&amp;_a:focus-visible]:ring-secondary-500 [&amp;_a:focus-visible]:rounded-full [&amp;_+_*]:mt-xs [*_+_&amp;]:mt-xs [&amp;_+_.wp-block-group]:mt-m [&amp;_+_.wp-block-group]:md:mt-l [&amp;.text-caption_+_*]:!mt-xs [&amp;.text-caption_+_*]:md:!mt-xs aligndefault max-w-default mx-auto \" >Tr\u00e8s satisfait de ce qu\u2019il a pu voir et constater, Thierry Assous ajoute\u00a0: <em>\u00ab\u00a0<strong>C\u2019est la conjugaison des 3 facteurs que sont\u00a0: la m\u00e9thode, les gens qui composent l\u2019entreprise et le fait que \u00e7a corresponde \u00e0 ma volont\u00e9 de d\u00e9velopper un concept novateur sur mon territoire<\/strong>\u00a0\u00bb<\/em>.<br>\nSelon lui, <em>\u00ab\u00a0les plan\u00e8tes se sont align\u00e9es et cela est bon signe\u00a0!\u00a0\u00bb<\/em><\/p>\n\n<h2 class=\"wp-block-heading text-balance [&amp;_+_*]:mt-m [&amp;_+_*]:md:mt-l [*_+_&amp;]:mt-m [*_+_&amp;]:md:mt-l [&amp;.text-caption_+_*]:!mt-xs [&amp;.text-caption_+_*]:md:!mt-xs [&amp;_a]:underline [&amp;_a]:underline-offset-2 [&amp;_a]:text-secondary-500 text-h2 aligndefault max-w-default mx-auto \" >Une p\u00e9riode de formation b\u00e9n\u00e9fique<\/h2>\n\n<p class=\"[&amp;_a]:underline [&amp;_a]:underline-offset-2 [&amp;_a]:text-secondary-500 [&amp;_a:focus-visible]:outline-none [&amp;_a:focus]:outline-none [&amp;_a:focus-visible]:ring-2 [&amp;_a:focus-visible]:ring-offset-2 [&amp;_a:focus-visible]:ring-secondary-500 [&amp;_a:focus-visible]:rounded-full [&amp;_+_*]:mt-xs [*_+_&amp;]:mt-xs [&amp;_+_.wp-block-group]:mt-m [&amp;_+_.wp-block-group]:md:mt-l [&amp;.text-caption_+_*]:!mt-xs [&amp;.text-caption_+_*]:md:!mt-xs aligndefault max-w-default mx-auto \" ><em>\u00ab\u00a0Les deux semaines de formation ont directement commenc\u00e9 sur le terrain et cela n\u2019est pas surprenant. J\u2019ai bien senti, notamment lors de la journ\u00e9e d\u00e9couverte, que <strong>la culture de l\u2019entreprise c\u2019est la culture du terrain, la culture du contact avec le client<\/strong>. C\u2019est une approche proactive qui est plaisante. J\u2019ai toujours pens\u00e9 qu\u2019un adulte apprend en pratiquant\u00a0\u00bb<\/em>, poursuit-il optimiste.<\/p>\n\n<p class=\"[&amp;_a]:underline [&amp;_a]:underline-offset-2 [&amp;_a]:text-secondary-500 [&amp;_a:focus-visible]:outline-none [&amp;_a:focus]:outline-none [&amp;_a:focus-visible]:ring-2 [&amp;_a:focus-visible]:ring-offset-2 [&amp;_a:focus-visible]:ring-secondary-500 [&amp;_a:focus-visible]:rounded-full [&amp;_+_*]:mt-xs [*_+_&amp;]:mt-xs [&amp;_+_.wp-block-group]:mt-m [&amp;_+_.wp-block-group]:md:mt-l [&amp;.text-caption_+_*]:!mt-xs [&amp;.text-caption_+_*]:md:!mt-xs aligndefault max-w-default mx-auto \" >Durant sa formation, Thierry Assous a eu l\u2019occasion d\u2019entrer en contact avec des professionnels, une \u00e9tape b\u00e9n\u00e9fique\u00a0: <em>\u00ab\u00a0Ce qui m\u2019a impressionn\u00e9, mais pas vraiment surpris, concernant les prospects, c\u2019est leur r\u00e9ticence au d\u00e9but.<strong> C\u2019est par la m\u00e9thode, par le discours, par l\u2019avancement des preuves que l\u2019on donne, que l\u2019on finit par les convaincre<\/strong>. Cette \u00e9tape peut \u00eatre longue, parfois plusieurs heures d\u2019entretien, mais quand on applique bien la m\u00e9thode et lorsque l\u2019on est soi-m\u00eame convaincu de ce que l\u2019on propose, \u00e7a fonctionne\u00a0!\u00a0\u00bb<\/em><\/p>\n\n<p class=\"[&amp;_a]:underline [&amp;_a]:underline-offset-2 [&amp;_a]:text-secondary-500 [&amp;_a:focus-visible]:outline-none [&amp;_a:focus]:outline-none [&amp;_a:focus-visible]:ring-2 [&amp;_a:focus-visible]:ring-offset-2 [&amp;_a:focus-visible]:ring-secondary-500 [&amp;_a:focus-visible]:rounded-full [&amp;_+_*]:mt-xs [*_+_&amp;]:mt-xs [&amp;_+_.wp-block-group]:mt-m [&amp;_+_.wp-block-group]:md:mt-l [&amp;.text-caption_+_*]:!mt-xs [&amp;.text-caption_+_*]:md:!mt-xs aligndefault max-w-default mx-auto \" >Accompagn\u00e9 d\u2019un confr\u00e8re, Thierry Assous a \u00e9galement pu faire la connaissance d\u2019adh\u00e9rents Plus que pro et il en garde un tr\u00e8s bon souvenir. Il raconte\u00a0: <em>\u00ab\u00a0Lorsque l\u2019on rencontre un adh\u00e9rent, on a l\u2019impression de rencontrer un ami, parce qu\u2019apr\u00e8s plusieurs ann\u00e9es ou mois de collaboration avec Plus que pro,<strong> on le sent heureux d\u2019avoir adh\u00e9r\u00e9 \u00e0 ce concept.<\/strong> <strong>Nous lui apportons de nouveaux clients et il parvient \u00e0 conqu\u00e9rir de nouveaux march\u00e9s<\/strong>.\u00a0\u00bb<\/em><\/p>\n\n<p class=\"[&amp;_a]:underline [&amp;_a]:underline-offset-2 [&amp;_a]:text-secondary-500 [&amp;_a:focus-visible]:outline-none [&amp;_a:focus]:outline-none [&amp;_a:focus-visible]:ring-2 [&amp;_a:focus-visible]:ring-offset-2 [&amp;_a:focus-visible]:ring-secondary-500 [&amp;_a:focus-visible]:rounded-full [&amp;_+_*]:mt-xs [*_+_&amp;]:mt-xs [&amp;_+_.wp-block-group]:mt-m [&amp;_+_.wp-block-group]:md:mt-l [&amp;.text-caption_+_*]:!mt-xs [&amp;.text-caption_+_*]:md:!mt-xs aligndefault max-w-default mx-auto \" >L\u2019accueil des membres du r\u00e9seau est tel, que Thierry Assous ajoute\u00a0: <em><strong>\u00ab\u00a0Quand les adh\u00e9rents voient leur taux de transformation de devis progresser de 20 \u00e0 30\u00a0%, ils nous re\u00e7oivent comme une b\u00e9n\u00e9diction\u00a0!\u00a0\u00bb<\/strong><\/em><\/p>\n\n<p class=\"[&amp;_a]:underline [&amp;_a]:underline-offset-2 [&amp;_a]:text-secondary-500 [&amp;_a:focus-visible]:outline-none [&amp;_a:focus]:outline-none [&amp;_a:focus-visible]:ring-2 [&amp;_a:focus-visible]:ring-offset-2 [&amp;_a:focus-visible]:ring-secondary-500 [&amp;_a:focus-visible]:rounded-full [&amp;_+_*]:mt-xs [*_+_&amp;]:mt-xs [&amp;_+_.wp-block-group]:mt-m [&amp;_+_.wp-block-group]:md:mt-l [&amp;.text-caption_+_*]:!mt-xs [&amp;.text-caption_+_*]:md:!mt-xs aligndefault max-w-default mx-auto \" >Les avantages de Plus que pro\u00a0? Thierry Assous tient \u00e0 vous les partager\u00a0: <em>\u00ab\u00a0Si on croit au concept, si on a conscience de l\u2019importance que prennent les avis clients dans la d\u00e9cision d\u2019achat des consommateurs pour faire des d\u00e9penses tr\u00e8s engageantes, on n\u2019est pas surpris de voir ces r\u00e9sultats\u00a0! \u00bb<\/em><\/p>\n\n<h2 class=\"wp-block-heading text-balance [&amp;_+_*]:mt-m [&amp;_+_*]:md:mt-l [*_+_&amp;]:mt-m [*_+_&amp;]:md:mt-l [&amp;.text-caption_+_*]:!mt-xs [&amp;.text-caption_+_*]:md:!mt-xs [&amp;_a]:underline [&amp;_a]:underline-offset-2 [&amp;_a]:text-secondary-500 text-h2 aligndefault max-w-default mx-auto \" >Quel avenir pour Thierry Assous ?<\/h2>\n\n<p class=\"[&amp;_a]:underline [&amp;_a]:underline-offset-2 [&amp;_a]:text-secondary-500 [&amp;_a:focus-visible]:outline-none [&amp;_a:focus]:outline-none [&amp;_a:focus-visible]:ring-2 [&amp;_a:focus-visible]:ring-offset-2 [&amp;_a:focus-visible]:ring-secondary-500 [&amp;_a:focus-visible]:rounded-full [&amp;_+_*]:mt-xs [*_+_&amp;]:mt-xs [&amp;_+_.wp-block-group]:mt-m [&amp;_+_.wp-block-group]:md:mt-l [&amp;.text-caption_+_*]:!mt-xs [&amp;.text-caption_+_*]:md:!mt-xs aligndefault max-w-default mx-auto \" >Nous l\u2019esp\u00e9rons rempli de r\u00e9ussite et de challenges\u00a0! L\u2019entrepreneur poursuit son r\u00e9cit\u00a0: <em>\u00ab\u00a0\u00c0 la fin de cette formation, je me sens pr\u00eat \u00e0 mettre en place et \u00e0 pratiquer ce que j\u2019ai appris. Je pense qu\u2019elle va encore durer quelques semaines le temps de correctement appliquer la m\u00e9thode. <strong>Je compte \u00e9galement sur le soutien des conseillers plus exp\u00e9riment\u00e9s pour me donner un feed-back sur ce que je fais et sur la fa\u00e7on dont je le fais, afin de progresser plus vite<\/strong>. Je crois aussi que dans le m\u00e9tier de commercial, j\u2019ai beau avoir 55 ans, j\u2019apprends encore tous les jours\u00a0!\u00a0\u00bb<\/em><\/p>\n\n<p class=\"[&amp;_a]:underline [&amp;_a]:underline-offset-2 [&amp;_a]:text-secondary-500 [&amp;_a:focus-visible]:outline-none [&amp;_a:focus]:outline-none [&amp;_a:focus-visible]:ring-2 [&amp;_a:focus-visible]:ring-offset-2 [&amp;_a:focus-visible]:ring-secondary-500 [&amp;_a:focus-visible]:rounded-full [&amp;_+_*]:mt-xs [*_+_&amp;]:mt-xs [&amp;_+_.wp-block-group]:mt-m [&amp;_+_.wp-block-group]:md:mt-l [&amp;.text-caption_+_*]:!mt-xs [&amp;.text-caption_+_*]:md:!mt-xs aligndefault max-w-default mx-auto \" >9,5, c\u2019est la note que donnerait Thierry Assous \u00e0 l\u2019issu de la formation. <em>\u00ab\u00a0Je ne mets pas 10 car je ne ma\u00eetrise pas encore tous les outils informatiques mais je me sens arm\u00e9 pour affronter les clients, m\u00eame si je ne serai pas parfait les premi\u00e8res semaines. Je poss\u00e8de les bons outils, \u00e0 moi d\u2019apprendre \u00e0 bien les utiliser\u00a0\u00bb<\/em> conclut-il.<\/p>\n\n<p class=\"[&amp;_a]:underline [&amp;_a]:underline-offset-2 [&amp;_a]:text-secondary-500 [&amp;_a:focus-visible]:outline-none [&amp;_a:focus]:outline-none [&amp;_a:focus-visible]:ring-2 [&amp;_a:focus-visible]:ring-offset-2 [&amp;_a:focus-visible]:ring-secondary-500 [&amp;_a:focus-visible]:rounded-full [&amp;_+_*]:mt-xs [*_+_&amp;]:mt-xs [&amp;_+_.wp-block-group]:mt-m [&amp;_+_.wp-block-group]:md:mt-l [&amp;.text-caption_+_*]:!mt-xs [&amp;.text-caption_+_*]:md:!mt-xs aligndefault max-w-default mx-auto \" >La motivation de Thierry Assous n\u2019est plus \u00e0 d\u00e9montrer\u2026 Son entretien vid\u00e9o se termine sur cette s\u00e9quence et ses d\u00e9buts se r\u00e9v\u00e8lent prometteurs\u00a0: <em>\u00ab\u00a0C\u2019est une belle aventure\u00a0! On est arm\u00e9 pour durer et perdurer. <strong>Je crois en la capacit\u00e9 de Plus que pro et \u00e0 la synergie des gens qui composent l\u2019entreprise pour continuer \u00e0 innover et \u00e0 enrichir le concept<\/strong>. Je suis enthousiaste et j\u2019ai une \u00e9nergie qui me donne envie d\u2019avancer\u00a0! \u00bb<\/em><\/p>\n\n<p class=\"[&amp;_a]:underline [&amp;_a]:underline-offset-2 [&amp;_a]:text-secondary-500 [&amp;_a:focus-visible]:outline-none [&amp;_a:focus]:outline-none [&amp;_a:focus-visible]:ring-2 [&amp;_a:focus-visible]:ring-offset-2 [&amp;_a:focus-visible]:ring-secondary-500 [&amp;_a:focus-visible]:rounded-full [&amp;_+_*]:mt-xs [*_+_&amp;]:mt-xs [&amp;_+_.wp-block-group]:mt-m [&amp;_+_.wp-block-group]:md:mt-l [&amp;.text-caption_+_*]:!mt-xs [&amp;.text-caption_+_*]:md:!mt-xs  text-center\" ><span style=\"color: #ff6600;\"><em><strong>Vous projetez de changer de carri\u00e8re\u00a0? Vous souhaitez int\u00e9grer un groupe ambitieux et \u00e0 la hauteur de vos attentes\u00a0?<\/strong><\/em><\/span><br> Devenez le nouvel ambassadeur de votre secteur en int\u00e9grant Plus que pro\u00a0!<br> <a href=\"https:\/\/www.plus-que-pro-distribution.fr\/\">Postulez<\/a><\/p>","protected":false},"excerpt":{"rendered":"<p>D\u00e9couvrez le t\u00e9moignage de Thierry Assous, licenci\u00e9 de marque Plus que pro fra\u00eechement d\u00e9barqu\u00e9 dans les Alpes Maritimes.<\/p>\n","protected":false},"author":4,"featured_media":8380,"comment_status":"open","ping_status":"open","sticky":false,"template":"","format":"standard","meta":{"footnotes":""},"categories":[6],"tags":[],"class_list":["post-8455","post","type-post","status-publish","format-standard","has-post-thumbnail","hentry","category-nos-actualites"],"yoast_head":"<title>Thierry Assous, franchis\u00e9 Plus que pro en Alpes Maritimes<\/title>\n<meta name=\"description\" content=\"D\u00e9couvrez le t\u00e9moignage de Thierry Assous, licenci\u00e9 de marque Plus que pro fra\u00eechement d\u00e9barqu\u00e9 dans les Alpes Maritimes\" \/>\n<meta name=\"robots\" content=\"index, follow, max-snippet:-1, max-image-preview:large, max-video-preview:-1\" \/>\n<link rel=\"canonical\" href=\"https:\/\/www.plus-que-pro-distribution.fr\/un-nouveau-licencie-de-marque-debarque-dans-les-alpes-maritimes\/\" \/>\n<meta property=\"og:locale\" content=\"fr_FR\" \/>\n<meta property=\"og:type\" content=\"article\" \/>\n<meta property=\"og:title\" content=\"Thierry Assous, franchis\u00e9 Plus que pro en Alpes Maritimes\" \/>\n<meta property=\"og:description\" content=\"D\u00e9couvrez le t\u00e9moignage de Thierry Assous, licenci\u00e9 de marque Plus que pro fra\u00eechement d\u00e9barqu\u00e9 dans les Alpes Maritimes\" \/>\n<meta property=\"og:url\" content=\"https:\/\/www.plus-que-pro-distribution.fr\/un-nouveau-licencie-de-marque-debarque-dans-les-alpes-maritimes\/\" \/>\n<meta property=\"og:site_name\" content=\"Plus que pro - Distribution\" \/>\n<meta property=\"article:publisher\" content=\"https:\/\/www.facebook.com\/Plusquepro\/\" \/>\n<meta property=\"article:published_time\" content=\"2020-02-03T07:39:51+00:00\" \/>\n<meta property=\"article:modified_time\" content=\"2025-02-17T15:27:02+00:00\" \/>\n<meta property=\"og:image\" content=\"https:\/\/www.plus-que-pro-distribution.fr\/uploads\/thierry-play.jpg\" \/>\n\t<meta property=\"og:image:width\" content=\"1280\" \/>\n\t<meta property=\"og:image:height\" content=\"720\" \/>\n\t<meta property=\"og:image:type\" content=\"image\/jpeg\" \/>\n<meta name=\"author\" content=\"Jean\" \/>\n<meta name=\"twitter:card\" content=\"summary_large_image\" \/>\n<meta name=\"twitter:label1\" content=\"Written by\" \/>\n\t<meta name=\"twitter:data1\" content=\"Jean\" \/>\n\t<meta name=\"twitter:label2\" content=\"Est. reading time\" \/>\n\t<meta name=\"twitter:data2\" content=\"6 minutes\" \/>\n<script type=\"application\/ld+json\" class=\"yoast-schema-graph\">{\"@context\":\"https:\/\/schema.org\",\"@graph\":[{\"@type\":\"Article\",\"@id\":\"https:\/\/www.plus-que-pro-distribution.fr\/un-nouveau-licencie-de-marque-debarque-dans-les-alpes-maritimes\/#article\",\"isPartOf\":{\"@id\":\"https:\/\/www.plus-que-pro-distribution.fr\/un-nouveau-licencie-de-marque-debarque-dans-les-alpes-maritimes\/\"},\"author\":{\"name\":\"Jean\",\"@id\":\"https:\/\/www.plus-que-pro-distribution.fr\/#\/schema\/person\/751af92e7c43e3eeb98f4f63875e4ceb\"},\"headline\":\"Un nouveau licenci\u00e9 de marque d\u00e9barque dans les Alpes Maritimes\",\"datePublished\":\"2020-02-03T07:39:51+00:00\",\"dateModified\":\"2025-02-17T15:27:02+00:00\",\"mainEntityOfPage\":{\"@id\":\"https:\/\/www.plus-que-pro-distribution.fr\/un-nouveau-licencie-de-marque-debarque-dans-les-alpes-maritimes\/\"},\"wordCount\":1205,\"commentCount\":0,\"publisher\":{\"@id\":\"https:\/\/www.plus-que-pro-distribution.fr\/#organization\"},\"image\":{\"@id\":\"https:\/\/www.plus-que-pro-distribution.fr\/un-nouveau-licencie-de-marque-debarque-dans-les-alpes-maritimes\/#primaryimage\"},\"thumbnailUrl\":\"https:\/\/www.plus-que-pro-distribution.fr\/uploads\/thierry-play.jpg\",\"articleSection\":[\"Nos actualit\u00e9s\"],\"inLanguage\":\"fr-FR\",\"potentialAction\":[{\"@type\":\"CommentAction\",\"name\":\"Comment\",\"target\":[\"https:\/\/www.plus-que-pro-distribution.fr\/un-nouveau-licencie-de-marque-debarque-dans-les-alpes-maritimes\/#respond\"]}]},{\"@type\":\"WebPage\",\"@id\":\"https:\/\/www.plus-que-pro-distribution.fr\/un-nouveau-licencie-de-marque-debarque-dans-les-alpes-maritimes\/\",\"url\":\"https:\/\/www.plus-que-pro-distribution.fr\/un-nouveau-licencie-de-marque-debarque-dans-les-alpes-maritimes\/\",\"name\":\"Thierry Assous, franchis\u00e9 Plus que pro en Alpes Maritimes\",\"isPartOf\":{\"@id\":\"https:\/\/www.plus-que-pro-distribution.fr\/#website\"},\"primaryImageOfPage\":{\"@id\":\"https:\/\/www.plus-que-pro-distribution.fr\/un-nouveau-licencie-de-marque-debarque-dans-les-alpes-maritimes\/#primaryimage\"},\"image\":{\"@id\":\"https:\/\/www.plus-que-pro-distribution.fr\/un-nouveau-licencie-de-marque-debarque-dans-les-alpes-maritimes\/#primaryimage\"},\"thumbnailUrl\":\"https:\/\/www.plus-que-pro-distribution.fr\/uploads\/thierry-play.jpg\",\"datePublished\":\"2020-02-03T07:39:51+00:00\",\"dateModified\":\"2025-02-17T15:27:02+00:00\",\"description\":\"D\u00e9couvrez le t\u00e9moignage de Thierry Assous, licenci\u00e9 de marque Plus que pro fra\u00eechement d\u00e9barqu\u00e9 dans les Alpes Maritimes\",\"breadcrumb\":{\"@id\":\"https:\/\/www.plus-que-pro-distribution.fr\/un-nouveau-licencie-de-marque-debarque-dans-les-alpes-maritimes\/#breadcrumb\"},\"inLanguage\":\"fr-FR\",\"potentialAction\":[{\"@type\":\"ReadAction\",\"target\":[\"https:\/\/www.plus-que-pro-distribution.fr\/un-nouveau-licencie-de-marque-debarque-dans-les-alpes-maritimes\/\"]}]},{\"@type\":\"ImageObject\",\"inLanguage\":\"fr-FR\",\"@id\":\"https:\/\/www.plus-que-pro-distribution.fr\/un-nouveau-licencie-de-marque-debarque-dans-les-alpes-maritimes\/#primaryimage\",\"url\":\"https:\/\/www.plus-que-pro-distribution.fr\/uploads\/thierry-play.jpg\",\"contentUrl\":\"https:\/\/www.plus-que-pro-distribution.fr\/uploads\/thierry-play.jpg\",\"width\":1280,\"height\":720,\"caption\":\"Portrait de Thierry\"},{\"@type\":\"BreadcrumbList\",\"@id\":\"https:\/\/www.plus-que-pro-distribution.fr\/un-nouveau-licencie-de-marque-debarque-dans-les-alpes-maritimes\/#breadcrumb\",\"itemListElement\":[{\"@type\":\"ListItem\",\"position\":1,\"name\":\"Home\",\"item\":\"https:\/\/www.plus-que-pro-distribution.fr\/\"},{\"@type\":\"ListItem\",\"position\":2,\"name\":\"Un nouveau licenci\u00e9 de marque d\u00e9barque dans les Alpes Maritimes\"}]},{\"@type\":\"WebSite\",\"@id\":\"https:\/\/www.plus-que-pro-distribution.fr\/#website\",\"url\":\"https:\/\/www.plus-que-pro-distribution.fr\/\",\"name\":\"Plus que pro distribution\",\"description\":\"\",\"publisher\":{\"@id\":\"https:\/\/www.plus-que-pro-distribution.fr\/#organization\"},\"potentialAction\":[{\"@type\":\"SearchAction\",\"target\":{\"@type\":\"EntryPoint\",\"urlTemplate\":\"https:\/\/www.plus-que-pro-distribution.fr\/?s={search_term_string}\"},\"query-input\":{\"@type\":\"PropertyValueSpecification\",\"valueRequired\":true,\"valueName\":\"search_term_string\"}}],\"inLanguage\":\"fr-FR\"},{\"@type\":\"Organization\",\"@id\":\"https:\/\/www.plus-que-pro-distribution.fr\/#organization\",\"name\":\"Plus que pro distribution\",\"url\":\"https:\/\/www.plus-que-pro-distribution.fr\/\",\"logo\":{\"@type\":\"ImageObject\",\"inLanguage\":\"fr-FR\",\"@id\":\"https:\/\/www.plus-que-pro-distribution.fr\/#\/schema\/logo\/image\/\",\"url\":\"https:\/\/www.plus-que-pro-distribution.fr\/uploads\/logo-pqp-distribution.svg\",\"contentUrl\":\"https:\/\/www.plus-que-pro-distribution.fr\/uploads\/logo-pqp-distribution.svg\",\"width\":144,\"height\":34,\"caption\":\"Plus que pro distribution\"},\"image\":{\"@id\":\"https:\/\/www.plus-que-pro-distribution.fr\/#\/schema\/logo\/image\/\"},\"sameAs\":[\"https:\/\/www.facebook.com\/Plusquepro\/\"]},{\"@type\":\"Person\",\"@id\":\"https:\/\/www.plus-que-pro-distribution.fr\/#\/schema\/person\/751af92e7c43e3eeb98f4f63875e4ceb\",\"name\":\"Jean\",\"image\":{\"@type\":\"ImageObject\",\"inLanguage\":\"fr-FR\",\"@id\":\"https:\/\/www.plus-que-pro-distribution.fr\/#\/schema\/person\/image\/\",\"url\":\"https:\/\/secure.gravatar.com\/avatar\/aac25d1e3a248ba1be7404ccf9581f1a78704d8a0e292c792ed971a596325c72?s=96&d=mm&r=g\",\"contentUrl\":\"https:\/\/secure.gravatar.com\/avatar\/aac25d1e3a248ba1be7404ccf9581f1a78704d8a0e292c792ed971a596325c72?s=96&d=mm&r=g\",\"caption\":\"Jean\"}}]}<\/script>","yoast_head_json":{"title":"Thierry Assous, franchis\u00e9 Plus que pro en Alpes Maritimes","description":"D\u00e9couvrez le t\u00e9moignage de Thierry Assous, licenci\u00e9 de marque Plus que pro fra\u00eechement d\u00e9barqu\u00e9 dans les Alpes Maritimes","robots":{"index":"index","follow":"follow","max-snippet":"max-snippet:-1","max-image-preview":"max-image-preview:large","max-video-preview":"max-video-preview:-1"},"canonical":"https:\/\/www.plus-que-pro-distribution.fr\/un-nouveau-licencie-de-marque-debarque-dans-les-alpes-maritimes\/","og_locale":"fr_FR","og_type":"article","og_title":"Thierry Assous, franchis\u00e9 Plus que pro en Alpes Maritimes","og_description":"D\u00e9couvrez le t\u00e9moignage de Thierry Assous, licenci\u00e9 de marque Plus que pro fra\u00eechement d\u00e9barqu\u00e9 dans les Alpes Maritimes","og_url":"https:\/\/www.plus-que-pro-distribution.fr\/un-nouveau-licencie-de-marque-debarque-dans-les-alpes-maritimes\/","og_site_name":"Plus que pro - Distribution","article_publisher":"https:\/\/www.facebook.com\/Plusquepro\/","article_published_time":"2020-02-03T07:39:51+00:00","article_modified_time":"2025-02-17T15:27:02+00:00","og_image":[{"width":1280,"height":720,"url":"https:\/\/www.plus-que-pro-distribution.fr\/uploads\/thierry-play.jpg","type":"image\/jpeg"}],"author":"Jean","twitter_card":"summary_large_image","twitter_misc":{"Written by":"Jean","Est. reading time":"6 minutes"},"schema":{"@context":"https:\/\/schema.org","@graph":[{"@type":"Article","@id":"https:\/\/www.plus-que-pro-distribution.fr\/un-nouveau-licencie-de-marque-debarque-dans-les-alpes-maritimes\/#article","isPartOf":{"@id":"https:\/\/www.plus-que-pro-distribution.fr\/un-nouveau-licencie-de-marque-debarque-dans-les-alpes-maritimes\/"},"author":{"name":"Jean","@id":"https:\/\/www.plus-que-pro-distribution.fr\/#\/schema\/person\/751af92e7c43e3eeb98f4f63875e4ceb"},"headline":"Un nouveau licenci\u00e9 de marque d\u00e9barque dans les Alpes Maritimes","datePublished":"2020-02-03T07:39:51+00:00","dateModified":"2025-02-17T15:27:02+00:00","mainEntityOfPage":{"@id":"https:\/\/www.plus-que-pro-distribution.fr\/un-nouveau-licencie-de-marque-debarque-dans-les-alpes-maritimes\/"},"wordCount":1205,"commentCount":0,"publisher":{"@id":"https:\/\/www.plus-que-pro-distribution.fr\/#organization"},"image":{"@id":"https:\/\/www.plus-que-pro-distribution.fr\/un-nouveau-licencie-de-marque-debarque-dans-les-alpes-maritimes\/#primaryimage"},"thumbnailUrl":"https:\/\/www.plus-que-pro-distribution.fr\/uploads\/thierry-play.jpg","articleSection":["Nos actualit\u00e9s"],"inLanguage":"fr-FR","potentialAction":[{"@type":"CommentAction","name":"Comment","target":["https:\/\/www.plus-que-pro-distribution.fr\/un-nouveau-licencie-de-marque-debarque-dans-les-alpes-maritimes\/#respond"]}]},{"@type":"WebPage","@id":"https:\/\/www.plus-que-pro-distribution.fr\/un-nouveau-licencie-de-marque-debarque-dans-les-alpes-maritimes\/","url":"https:\/\/www.plus-que-pro-distribution.fr\/un-nouveau-licencie-de-marque-debarque-dans-les-alpes-maritimes\/","name":"Thierry Assous, franchis\u00e9 Plus que pro en Alpes Maritimes","isPartOf":{"@id":"https:\/\/www.plus-que-pro-distribution.fr\/#website"},"primaryImageOfPage":{"@id":"https:\/\/www.plus-que-pro-distribution.fr\/un-nouveau-licencie-de-marque-debarque-dans-les-alpes-maritimes\/#primaryimage"},"image":{"@id":"https:\/\/www.plus-que-pro-distribution.fr\/un-nouveau-licencie-de-marque-debarque-dans-les-alpes-maritimes\/#primaryimage"},"thumbnailUrl":"https:\/\/www.plus-que-pro-distribution.fr\/uploads\/thierry-play.jpg","datePublished":"2020-02-03T07:39:51+00:00","dateModified":"2025-02-17T15:27:02+00:00","description":"D\u00e9couvrez le t\u00e9moignage de Thierry Assous, licenci\u00e9 de marque Plus que pro fra\u00eechement d\u00e9barqu\u00e9 dans les Alpes Maritimes","breadcrumb":{"@id":"https:\/\/www.plus-que-pro-distribution.fr\/un-nouveau-licencie-de-marque-debarque-dans-les-alpes-maritimes\/#breadcrumb"},"inLanguage":"fr-FR","potentialAction":[{"@type":"ReadAction","target":["https:\/\/www.plus-que-pro-distribution.fr\/un-nouveau-licencie-de-marque-debarque-dans-les-alpes-maritimes\/"]}]},{"@type":"ImageObject","inLanguage":"fr-FR","@id":"https:\/\/www.plus-que-pro-distribution.fr\/un-nouveau-licencie-de-marque-debarque-dans-les-alpes-maritimes\/#primaryimage","url":"https:\/\/www.plus-que-pro-distribution.fr\/uploads\/thierry-play.jpg","contentUrl":"https:\/\/www.plus-que-pro-distribution.fr\/uploads\/thierry-play.jpg","width":1280,"height":720,"caption":"Portrait de Thierry"},{"@type":"BreadcrumbList","@id":"https:\/\/www.plus-que-pro-distribution.fr\/un-nouveau-licencie-de-marque-debarque-dans-les-alpes-maritimes\/#breadcrumb","itemListElement":[{"@type":"ListItem","position":1,"name":"Home","item":"https:\/\/www.plus-que-pro-distribution.fr\/"},{"@type":"ListItem","position":2,"name":"Un nouveau licenci\u00e9 de marque d\u00e9barque dans les Alpes Maritimes"}]},{"@type":"WebSite","@id":"https:\/\/www.plus-que-pro-distribution.fr\/#website","url":"https:\/\/www.plus-que-pro-distribution.fr\/","name":"Plus que pro distribution","description":"","publisher":{"@id":"https:\/\/www.plus-que-pro-distribution.fr\/#organization"},"potentialAction":[{"@type":"SearchAction","target":{"@type":"EntryPoint","urlTemplate":"https:\/\/www.plus-que-pro-distribution.fr\/?s={search_term_string}"},"query-input":{"@type":"PropertyValueSpecification","valueRequired":true,"valueName":"search_term_string"}}],"inLanguage":"fr-FR"},{"@type":"Organization","@id":"https:\/\/www.plus-que-pro-distribution.fr\/#organization","name":"Plus que pro distribution","url":"https:\/\/www.plus-que-pro-distribution.fr\/","logo":{"@type":"ImageObject","inLanguage":"fr-FR","@id":"https:\/\/www.plus-que-pro-distribution.fr\/#\/schema\/logo\/image\/","url":"https:\/\/www.plus-que-pro-distribution.fr\/uploads\/logo-pqp-distribution.svg","contentUrl":"https:\/\/www.plus-que-pro-distribution.fr\/uploads\/logo-pqp-distribution.svg","width":144,"height":34,"caption":"Plus que pro distribution"},"image":{"@id":"https:\/\/www.plus-que-pro-distribution.fr\/#\/schema\/logo\/image\/"},"sameAs":["https:\/\/www.facebook.com\/Plusquepro\/"]},{"@type":"Person","@id":"https:\/\/www.plus-que-pro-distribution.fr\/#\/schema\/person\/751af92e7c43e3eeb98f4f63875e4ceb","name":"Jean","image":{"@type":"ImageObject","inLanguage":"fr-FR","@id":"https:\/\/www.plus-que-pro-distribution.fr\/#\/schema\/person\/image\/","url":"https:\/\/secure.gravatar.com\/avatar\/aac25d1e3a248ba1be7404ccf9581f1a78704d8a0e292c792ed971a596325c72?s=96&d=mm&r=g","contentUrl":"https:\/\/secure.gravatar.com\/avatar\/aac25d1e3a248ba1be7404ccf9581f1a78704d8a0e292c792ed971a596325c72?s=96&d=mm&r=g","caption":"Jean"}}]}},"_links":{"self":[{"href":"https:\/\/www.plus-que-pro-distribution.fr\/api\/wp\/v2\/posts\/8455","targetHints":{"allow":["GET"]}}],"collection":[{"href":"https:\/\/www.plus-que-pro-distribution.fr\/api\/wp\/v2\/posts"}],"about":[{"href":"https:\/\/www.plus-que-pro-distribution.fr\/api\/wp\/v2\/types\/post"}],"author":[{"embeddable":true,"href":"https:\/\/www.plus-que-pro-distribution.fr\/api\/wp\/v2\/users\/4"}],"replies":[{"embeddable":true,"href":"https:\/\/www.plus-que-pro-distribution.fr\/api\/wp\/v2\/comments?post=8455"}],"version-history":[{"count":2,"href":"https:\/\/www.plus-que-pro-distribution.fr\/api\/wp\/v2\/posts\/8455\/revisions"}],"predecessor-version":[{"id":18270,"href":"https:\/\/www.plus-que-pro-distribution.fr\/api\/wp\/v2\/posts\/8455\/revisions\/18270"}],"wp:featuredmedia":[{"embeddable":true,"href":"https:\/\/www.plus-que-pro-distribution.fr\/api\/wp\/v2\/media\/8380"}],"wp:attachment":[{"href":"https:\/\/www.plus-que-pro-distribution.fr\/api\/wp\/v2\/media?parent=8455"}],"wp:term":[{"taxonomy":"category","embeddable":true,"href":"https:\/\/www.plus-que-pro-distribution.fr\/api\/wp\/v2\/categories?post=8455"},{"taxonomy":"post_tag","embeddable":true,"href":"https:\/\/www.plus-que-pro-distribution.fr\/api\/wp\/v2\/tags?post=8455"}],"curies":[{"name":"wp","href":"https:\/\/api.w.org\/{rel}","templated":true}]}}