{"id":8435,"date":"2020-01-28T09:33:35","date_gmt":"2020-01-28T09:33:35","guid":{"rendered":"https:\/\/www.network-plus-que-pro.fr\/?p=8435"},"modified":"2025-11-21T12:15:35","modified_gmt":"2025-11-21T11:15:35","slug":"licencie-de-marque-hauts-de-seine-plus-que-pro","status":"publish","type":"post","link":"https:\/\/www.plus-que-pro-distribution.fr\/licencie-de-marque-hauts-de-seine-plus-que-pro\/","title":{"rendered":"Licenci\u00e9 de marque en Ile-et-Vilaine, Carol GU\u00c9 revient sur l\u2019importance d\u2019appliquer la m\u00e9thode Plus que pro"},"content":{"rendered":"<p class=\"[&amp;_a]:underline [&amp;_a]:underline-offset-2 [&amp;_a]:text-secondary-500 [&amp;_a:focus-visible]:outline-none [&amp;_a:focus]:outline-none [&amp;_a:focus-visible]:ring-2 [&amp;_a:focus-visible]:ring-offset-2 [&amp;_a:focus-visible]:ring-secondary-500 [&amp;_a:focus-visible]:rounded-full [&amp;_+_*]:mt-xs [*_+_&amp;]:mt-xs [&amp;_+_.wp-block-group]:mt-m [&amp;_+_.wp-block-group]:md:mt-l [&amp;.text-caption_+_*]:!mt-xs [&amp;.text-caption_+_*]:md:!mt-xs aligndefault max-w-default mx-auto \" ><\/p>\n\n<h2 class=\"wp-block-heading text-balance [&amp;_+_*]:mt-m [&amp;_+_*]:md:mt-l [*_+_&amp;]:mt-m [*_+_&amp;]:md:mt-l [&amp;.text-caption_+_*]:!mt-xs [&amp;.text-caption_+_*]:md:!mt-xs [&amp;_a]:underline [&amp;_a]:underline-offset-2 [&amp;_a]:text-secondary-500 text-h2 aligndefault max-w-default mx-auto \" >Appliquer la m\u00e9thode Plus que pro d\u00e8s les premiers instants<\/h2>\n\n<p class=\"[&amp;_a]:underline [&amp;_a]:underline-offset-2 [&amp;_a]:text-secondary-500 [&amp;_a:focus-visible]:outline-none [&amp;_a:focus]:outline-none [&amp;_a:focus-visible]:ring-2 [&amp;_a:focus-visible]:ring-offset-2 [&amp;_a:focus-visible]:ring-secondary-500 [&amp;_a:focus-visible]:rounded-full [&amp;_+_*]:mt-xs [*_+_&amp;]:mt-xs [&amp;_+_.wp-block-group]:mt-m [&amp;_+_.wp-block-group]:md:mt-l [&amp;.text-caption_+_*]:!mt-xs [&amp;.text-caption_+_*]:md:!mt-xs aligndefault max-w-default mx-auto \" >Ayant l\u00e9gitimement fait confiance \u00e0 son talent au d\u00e9marrage de son partenariat avec Plus que pro, Carol a rapidement r\u00e9alis\u00e9 qu\u2019appliquer la m\u00e9thode Plus que pro \u00e9tait <strong>primordial<\/strong>.<br>\n\u00ab\u00a0Chez Plus que pro, nous apprenons qu\u2019il est n\u00e9cessaire de d\u00e9sapprendre\u00a0\u00bb. En d\u2019autres termes, suivre les indications des collaborateurs exp\u00e9riment\u00e9s et <strong>respecter le cadre est fondamental<\/strong>.<\/p>\n\n<p class=\"[&amp;_a]:underline [&amp;_a]:underline-offset-2 [&amp;_a]:text-secondary-500 [&amp;_a:focus-visible]:outline-none [&amp;_a:focus]:outline-none [&amp;_a:focus-visible]:ring-2 [&amp;_a:focus-visible]:ring-offset-2 [&amp;_a:focus-visible]:ring-secondary-500 [&amp;_a:focus-visible]:rounded-full [&amp;_+_*]:mt-xs [*_+_&amp;]:mt-xs [&amp;_+_.wp-block-group]:mt-m [&amp;_+_.wp-block-group]:md:mt-l [&amp;.text-caption_+_*]:!mt-xs [&amp;.text-caption_+_*]:md:!mt-xs aligndefault max-w-default mx-auto \" >S\u2019\u00e9tant remis en question suite \u00e0 des premiers mois en demi-teinte, Carol s\u2019est replong\u00e9 dans la m\u00e9thode. Un travail \u00ab\u00a0<em><strong>scolaire<\/strong><\/em>\u00a0\u00bb qui s\u2019est traduit par \u00ab\u00a0<em>de l\u2019\u00e9nergie consacr\u00e9e \u00e0 visionner des vid\u00e9os, relire les cours de la PQP Academy, interroger et <strong>appeler un certain nombre des partenaires Plus que pro<\/strong><\/em>\u00a0\u00bb.<\/p>\n\n<p class=\"[&amp;_a]:underline [&amp;_a]:underline-offset-2 [&amp;_a]:text-secondary-500 [&amp;_a:focus-visible]:outline-none [&amp;_a:focus]:outline-none [&amp;_a:focus-visible]:ring-2 [&amp;_a:focus-visible]:ring-offset-2 [&amp;_a:focus-visible]:ring-secondary-500 [&amp;_a:focus-visible]:rounded-full [&amp;_+_*]:mt-xs [*_+_&amp;]:mt-xs [&amp;_+_.wp-block-group]:mt-m [&amp;_+_.wp-block-group]:md:mt-l [&amp;.text-caption_+_*]:!mt-xs [&amp;.text-caption_+_*]:md:!mt-xs aligndefault max-w-default mx-auto \" >\u00ab<em><strong>\u00a0\u00c0 partir du moment o\u00f9 j\u2019ai appliqu\u00e9 la m\u00e9thode, mes r\u00e9sultats se sont multipli\u00e9s par 8\u00a0! \u00c0 l\u2019image d\u2019un sportif de haut niveau, je me suis attach\u00e9 aux d\u00e9tails.<\/strong><\/em>\u00a0\u00bb<\/p>\n\n<p class=\"[&amp;_a]:underline [&amp;_a]:underline-offset-2 [&amp;_a]:text-secondary-500 [&amp;_a:focus-visible]:outline-none [&amp;_a:focus]:outline-none [&amp;_a:focus-visible]:ring-2 [&amp;_a:focus-visible]:ring-offset-2 [&amp;_a:focus-visible]:ring-secondary-500 [&amp;_a:focus-visible]:rounded-full [&amp;_+_*]:mt-xs [*_+_&amp;]:mt-xs [&amp;_+_.wp-block-group]:mt-m [&amp;_+_.wp-block-group]:md:mt-l [&amp;.text-caption_+_*]:!mt-xs [&amp;.text-caption_+_*]:md:!mt-xs aligndefault max-w-default mx-auto \" >Exp\u00e9riment\u00e9 et lucide \u00e0 la fois, Carol a su compenser ses premiers r\u00e9sultats mitig\u00e9s gr\u00e2ce \u00e0 <strong>un accompagnement sans faille de la t\u00eate de r\u00e9seau<\/strong>.<\/p>\n\n<h2 class=\"wp-block-heading text-balance [&amp;_+_*]:mt-m [&amp;_+_*]:md:mt-l [*_+_&amp;]:mt-m [*_+_&amp;]:md:mt-l [&amp;.text-caption_+_*]:!mt-xs [&amp;.text-caption_+_*]:md:!mt-xs [&amp;_a]:underline [&amp;_a]:underline-offset-2 [&amp;_a]:text-secondary-500 text-h2 aligndefault max-w-default mx-auto \" >Plus que pro, un r\u00e9seau solide, pr\u00e9sent pour ses licenci\u00e9s de marques<\/h2>\n\n<p class=\"[&amp;_a]:underline [&amp;_a]:underline-offset-2 [&amp;_a]:text-secondary-500 [&amp;_a:focus-visible]:outline-none [&amp;_a:focus]:outline-none [&amp;_a:focus-visible]:ring-2 [&amp;_a:focus-visible]:ring-offset-2 [&amp;_a:focus-visible]:ring-secondary-500 [&amp;_a:focus-visible]:rounded-full [&amp;_+_*]:mt-xs [*_+_&amp;]:mt-xs [&amp;_+_.wp-block-group]:mt-m [&amp;_+_.wp-block-group]:md:mt-l [&amp;.text-caption_+_*]:!mt-xs [&amp;.text-caption_+_*]:md:!mt-xs aligndefault max-w-default mx-auto \" >La solution Plus que pro a de suite plu \u00e0 Carol qui a trouv\u00e9 la \u00ab\u00a0<em><strong>mission\u00a0<\/strong><\/em>\u00bb qu\u2019il recherchait depuis des ann\u00e9es. Ayant eu besoin de trouver quelque chose qui s\u2019inscrive dans la dur\u00e9e et qui soit positif, notre licenci\u00e9 de marque qui officie aujourd\u2019hui en Bretagne est ravi d\u2019\u00eatre investi d\u2019une double mission\u00a0:<br>\n\u00ab\u00a0<em><strong>Mon job est clair\u00a0: identifier les entreprises qui pr\u00e9sentent une r\u00e9elle qualit\u00e9 de service, accompagner et rassurer les consommateurs.<\/strong><\/em>\u00a0\u00bb<\/p>\n\n<p class=\"[&amp;_a]:underline [&amp;_a]:underline-offset-2 [&amp;_a]:text-secondary-500 [&amp;_a:focus-visible]:outline-none [&amp;_a:focus]:outline-none [&amp;_a:focus-visible]:ring-2 [&amp;_a:focus-visible]:ring-offset-2 [&amp;_a:focus-visible]:ring-secondary-500 [&amp;_a:focus-visible]:rounded-full [&amp;_+_*]:mt-xs [*_+_&amp;]:mt-xs [&amp;_+_.wp-block-group]:mt-m [&amp;_+_.wp-block-group]:md:mt-l [&amp;.text-caption_+_*]:!mt-xs [&amp;.text-caption_+_*]:md:!mt-xs aligndefault max-w-default mx-auto \" >Selon lui, le succ\u00e8s de Plus que pro tient de la <strong>rigueur<\/strong> extr\u00eame apport\u00e9e par l\u2019enseigne. Mais pas seulement\u00a0!<br>\n\u00ab\u00a0<em><strong>Ce qui est fantastique, c\u2019est bien entendu l\u2019accompagnement. Nous sommes soutenus en permanence. Cette constance est plus qu\u2019appr\u00e9ciable. Nous avons acc\u00e8s \u00e0 l\u2019ensemble des outils o\u00f9 que nous soyons.<\/strong><\/em>\u00a0\u00bb<\/p>\n\n<h2 class=\"wp-block-heading text-balance [&amp;_+_*]:mt-m [&amp;_+_*]:md:mt-l [*_+_&amp;]:mt-m [*_+_&amp;]:md:mt-l [&amp;.text-caption_+_*]:!mt-xs [&amp;.text-caption_+_*]:md:!mt-xs [&amp;_a]:underline [&amp;_a]:underline-offset-2 [&amp;_a]:text-secondary-500 text-h2 aligndefault max-w-default mx-auto \" >Cas concret : retour au si\u00e8ge pour une session d\u2019accompagnement<\/h2>\n\n<p class=\"[&amp;_a]:underline [&amp;_a]:underline-offset-2 [&amp;_a]:text-secondary-500 [&amp;_a:focus-visible]:outline-none [&amp;_a:focus]:outline-none [&amp;_a:focus-visible]:ring-2 [&amp;_a:focus-visible]:ring-offset-2 [&amp;_a:focus-visible]:ring-secondary-500 [&amp;_a:focus-visible]:rounded-full [&amp;_+_*]:mt-xs [*_+_&amp;]:mt-xs [&amp;_+_.wp-block-group]:mt-m [&amp;_+_.wp-block-group]:md:mt-l [&amp;.text-caption_+_*]:!mt-xs [&amp;.text-caption_+_*]:md:!mt-xs aligndefault max-w-default mx-auto \" >\u00ab\u00a0<em>Il n\u2019y a pas de secret\u00a0: pour \u00eatre bon il ne faut pas avoir peur de perdre. Et pour ne pas perdre, il faut avoir un agenda suffisamment plein. <strong>C\u2019est \u00e0 nous, licenci\u00e9s de marque, de r\u00e9ussir \u00e0 cr\u00e9er ce cercle vertueux et surtout \u00e0 le conserver.<\/strong><\/em>\u00a0\u00bb<\/p>\n\n<p class=\"[&amp;_a]:underline [&amp;_a]:underline-offset-2 [&amp;_a]:text-secondary-500 [&amp;_a:focus-visible]:outline-none [&amp;_a:focus]:outline-none [&amp;_a:focus-visible]:ring-2 [&amp;_a:focus-visible]:ring-offset-2 [&amp;_a:focus-visible]:ring-secondary-500 [&amp;_a:focus-visible]:rounded-full [&amp;_+_*]:mt-xs [*_+_&amp;]:mt-xs [&amp;_+_.wp-block-group]:mt-m [&amp;_+_.wp-block-group]:md:mt-l [&amp;.text-caption_+_*]:!mt-xs [&amp;.text-caption_+_*]:md:!mt-xs aligndefault max-w-default mx-auto \" >Carol GU\u00c9 est convaincu que la solution fonctionne : <strong><em>\u00ab Il ne faut simplement pas se rel\u00e2cher<\/em><\/strong>\u00a0\u00bb.<br>\nSuite \u00e0 un tr\u00e8s bon mois en termes de signatures, il a l\u00e9g\u00e8rement r\u00e9duit ses efforts et, in\u00e9vitablement, n\u2019a pas compl\u00e9t\u00e9 son agenda de rendez-vous.<br>\n\u00ab\u00a0<em>C\u2019est pourquoi je suis de retour au si\u00e8ge pour une session de formation dispens\u00e9e par les coachs Plus que pro au sujet de la prospection par t\u00e9l\u00e9phone.<\/em>\u00a0\u00bb<\/p>\n\n<p class=\"[&amp;_a]:underline [&amp;_a]:underline-offset-2 [&amp;_a]:text-secondary-500 [&amp;_a:focus-visible]:outline-none [&amp;_a:focus]:outline-none [&amp;_a:focus-visible]:ring-2 [&amp;_a:focus-visible]:ring-offset-2 [&amp;_a:focus-visible]:ring-secondary-500 [&amp;_a:focus-visible]:rounded-full [&amp;_+_*]:mt-xs [*_+_&amp;]:mt-xs [&amp;_+_.wp-block-group]:mt-m [&amp;_+_.wp-block-group]:md:mt-l [&amp;.text-caption_+_*]:!mt-xs [&amp;.text-caption_+_*]:md:!mt-xs aligndefault max-w-default mx-auto \" >Aujourd\u2019hui, ambassadeur du r\u00e9seau Plus que pro en Ile-et-Vilaine et non plus en r\u00e9gion parisienne, Carol est satisfait :<br>\n\u00ab\u00a0<em><strong>La solution Plus que pro provoque des r\u00e9sultats sur le CA de mes adh\u00e9rents et sur leur taux de signature. La mission est en train de porter ses fruits.<\/strong><\/em>\u00a0\u00bb<\/p>\n\n<p class=\"[&amp;_a]:underline [&amp;_a]:underline-offset-2 [&amp;_a]:text-secondary-500 [&amp;_a:focus-visible]:outline-none [&amp;_a:focus]:outline-none [&amp;_a:focus-visible]:ring-2 [&amp;_a:focus-visible]:ring-offset-2 [&amp;_a:focus-visible]:ring-secondary-500 [&amp;_a:focus-visible]:rounded-full [&amp;_+_*]:mt-xs [*_+_&amp;]:mt-xs [&amp;_+_.wp-block-group]:mt-m [&amp;_+_.wp-block-group]:md:mt-l [&amp;.text-caption_+_*]:!mt-xs [&amp;.text-caption_+_*]:md:!mt-xs aligndefault max-w-default mx-auto \" >\u00ab\u00a0<em>C\u2019est assez <strong>r\u00e9confortant<\/strong> de savoir que je ne vends pas qu\u2019une simple promesse. <strong>Si au d\u00e9part, j\u2019ai bien fait mon travail de s\u00e9lection, je suis s\u00fbr de pouvoir atteindre mes objectifs.<\/strong><\/em>\u00a0\u00bb<\/p>\n\n<h2 class=\"wp-block-heading text-balance [&amp;_+_*]:mt-m [&amp;_+_*]:md:mt-l [*_+_&amp;]:mt-m [*_+_&amp;]:md:mt-l [&amp;.text-caption_+_*]:!mt-xs [&amp;.text-caption_+_*]:md:!mt-xs [&amp;_a]:underline [&amp;_a]:underline-offset-2 [&amp;_a]:text-secondary-500 text-h2 aligndefault max-w-default mx-auto \" >\u00ab Tr\u00e8s heureux d\u2019avoir rejoint Plus que pro ! \u00bb<\/h2>\n\n<p class=\"[&amp;_a]:underline [&amp;_a]:underline-offset-2 [&amp;_a]:text-secondary-500 [&amp;_a:focus-visible]:outline-none [&amp;_a:focus]:outline-none [&amp;_a:focus-visible]:ring-2 [&amp;_a:focus-visible]:ring-offset-2 [&amp;_a:focus-visible]:ring-secondary-500 [&amp;_a:focus-visible]:rounded-full [&amp;_+_*]:mt-xs [*_+_&amp;]:mt-xs [&amp;_+_.wp-block-group]:mt-m [&amp;_+_.wp-block-group]:md:mt-l [&amp;.text-caption_+_*]:!mt-xs [&amp;.text-caption_+_*]:md:!mt-xs aligndefault max-w-default mx-auto \" >Ne regrettant aucunement d\u2019avoir rejoint les rangs des licenci\u00e9s de marque Plus que pro, Carol a trouv\u00e9 la mission qui manquait \u00e0 sa vie professionnelle.<br>\n<em><strong>\u00ab\u00a0Je suis tr\u00e8s heureux d\u2019avoir pris cette d\u00e9cision\u00a0! La mission est plus importante, elle est sup\u00e9rieure \u00e0 soi\u00a0!\u00a0\u00bb<\/strong><\/em><\/p>\n\n<p class=\"[&amp;_a]:underline [&amp;_a]:underline-offset-2 [&amp;_a]:text-secondary-500 [&amp;_a:focus-visible]:outline-none [&amp;_a:focus]:outline-none [&amp;_a:focus-visible]:ring-2 [&amp;_a:focus-visible]:ring-offset-2 [&amp;_a:focus-visible]:ring-secondary-500 [&amp;_a:focus-visible]:rounded-full [&amp;_+_*]:mt-xs [*_+_&amp;]:mt-xs [&amp;_+_.wp-block-group]:mt-m [&amp;_+_.wp-block-group]:md:mt-l [&amp;.text-caption_+_*]:!mt-xs [&amp;.text-caption_+_*]:md:!mt-xs aligndefault max-w-default mx-auto \" >\u00ab\u00a0<em>Je me l\u00e8ve chaque matin en me disant que j\u2019aide le consommateur. En termes de performance financi\u00e8re, de progression du chef d\u2019entreprise, je r\u00e9alise que<strong> j\u2019ai un impact imm\u00e9diat et puissant en une ann\u00e9e\u00a0!<\/strong><\/em>\u00a0\u00bb<\/p>\n\n<p class=\"[&amp;_a]:underline [&amp;_a]:underline-offset-2 [&amp;_a]:text-secondary-500 [&amp;_a:focus-visible]:outline-none [&amp;_a:focus]:outline-none [&amp;_a:focus-visible]:ring-2 [&amp;_a:focus-visible]:ring-offset-2 [&amp;_a:focus-visible]:ring-secondary-500 [&amp;_a:focus-visible]:rounded-full [&amp;_+_*]:mt-xs [*_+_&amp;]:mt-xs [&amp;_+_.wp-block-group]:mt-m [&amp;_+_.wp-block-group]:md:mt-l [&amp;.text-caption_+_*]:!mt-xs [&amp;.text-caption_+_*]:md:!mt-xs  text-center\" ><strong>Vous songez \u00e0 donner un nouvel \u00e9lan \u00e0 votre carri\u00e8re en cette nouvelle ann\u00e9e\u00a0?<\/strong> Devenez le nouvel ambassadeur de votre secteur g\u00e9ographique en int\u00e9grant le Groupe Plus que pro\u00a0!<br> Candidatez sur <a href=\"https:\/\/www.plus-que-pro-distribution.fr\/\" target=\"_blank\" rel=\"noreferrer noopener\">https:\/\/www.plus-que-pro-distribution.fr\/<\/a><\/p>\n\n<p class=\"[&amp;_a]:underline [&amp;_a]:underline-offset-2 [&amp;_a]:text-secondary-500 [&amp;_a:focus-visible]:outline-none [&amp;_a:focus]:outline-none [&amp;_a:focus-visible]:ring-2 [&amp;_a:focus-visible]:ring-offset-2 [&amp;_a:focus-visible]:ring-secondary-500 [&amp;_a:focus-visible]:rounded-full [&amp;_+_*]:mt-xs [*_+_&amp;]:mt-xs [&amp;_+_.wp-block-group]:mt-m [&amp;_+_.wp-block-group]:md:mt-l [&amp;.text-caption_+_*]:!mt-xs [&amp;.text-caption_+_*]:md:!mt-xs  text-center\" >Voir l\u2019int\u00e9gralit\u00e9 de la vid\u00e9o :<\/p>\n\n<figure class=\"wp-block-embed relative aligndefault max-w-default mx-auto [&amp;_lite-youtube]:w-full [&amp;_lite-youtube]:h-full [&amp;_lite-youtube]:rounded-media [&amp;_lite-youtube]:aspect-video [&amp;_lite-youtube]:mx-auto [&amp;_lite-youtube]:max-w-default [&amp;.alignfull_&gt;_lite-youtube]:rounded-none [&amp;.alignfull_&gt;_figcaption]:pl-global-padding \" >\n<lite-youtube js-api params=\"enablejsapi=1&#038;autoplay=0\" videoid=\"5joEwYPa6kw\" title=\"Distributeur Plus que pro : Carol Gu\u00e9 nous rappelle l'importance de la m\u00e9thode ! (2019)\" width=\"500\" height=\"281\" data-src=\"https:\/\/www.youtube.com\/embed\/5joEwYPa6kw?feature=oembed\" frameborder=\"0\" allow=\"accelerometer; autoplay; clipboard-write; encrypted-media; gyroscope; picture-in-picture; web-share\" referrerpolicy=\"strict-origin-when-cross-origin\" allowfullscreen><\/lite-youtube>\n<div x-on:click.stop=\"\" class=\"youtube-consent-overlay flex relative items-center text-center rounded-sm p-global-padding bg-primary-950 gap-s flex-col\" ><div class=\"text-white has-text-color\" >La lecture des vid\u00e9os Youtube est conditionn\u00e9e au d\u00e9p\u00f4t de cookies sur votre terminal pour permettre la diffusion des vid\u00e9os, mais \u00e9galement pour des finalit\u00e9s publicitaires. En cliquant sur \u00ab\u00a0Autoriser\u00a0\u00bb, vous consentez au d\u00e9p\u00f4t de cookies pour l&rsquo;ensemble des finalit\u00e9s.<\/div><a target=\"_blank\" href=\"https:\/\/policies.google.com\/privacy?hl=fr&amp;gl=fr\" class=\"text-white underline focus-visible:outline-none focus:outline-none focus-visible:ring-2 focus-visible:ring-offset-2 focus-visible:ring-secondary-500 rounded-full\" >Consulter la politique de confidentialit\u00e9 de Youtube<\/a><div class=\"justify-center wp-block-buttons flex flex-col md:flex-row items-start gap-7\" ><button x-data=\"{\n            init() {\n                window.didomiOnReady = window.didomiOnReady || [];\n                window.didomiOnReady.push((Didomi) =&gt; {\n                    Didomi.getObservableOnUserConsentStatusForVendor(&quot;c:youtube-axWT9ZeX&quot;).subscribe(\n                        (consentStatus) =&gt; {\n                            if (consentStatus === true) {\n                                this.showAllVideos();\n                            }\n                        }\n                    );\n                });\n            },\n            showAllVideos() {\n\t\t\t\tconst liteYoutubes = document.querySelectorAll(&quot;lite-youtube&quot;);\n\t\t\t\tif (liteYoutubes.length === 0) {\n\t\t\t\t\treturn;\n\t\t\t\t}\n\n\t\t\t\tliteYoutubes.forEach((liteYoutube) =&gt; {\n\t\t\t\t\tconst src = liteYoutube.getAttribute(&quot;data-src&quot;);\n\t\t\t\t\tliteYoutube.setAttribute(&quot;src&quot;, src);\n\t\t\t\t});\n\n\t\t\t\tconst overlays = document.querySelectorAll(&quot;.youtube-consent-overlay&quot;);\n\t\t\t\tif (overlays.length === 0) {\n\t\t\t\t\treturn;\n\t\t\t\t}\n\n\t\t\t\toverlays.forEach((overlay) =&gt; {\n\t\t\t\t\toverlay.style.display = &quot;none&quot;;\n\t\t\t\t});\n            },\n            handleYoutubeConsent() {\n                if (typeof Didomi === &quot;undefined&quot;) {\n                    return;\n                }\n\n                const youtubeVendor = Didomi.getVendorById(&quot;c:youtube-axWT9ZeX&quot;);\n                if (!youtubeVendor) {\n                    return;\n                }\n                const transaction = Didomi.openCurrentUserStatusTransaction();\n                transaction.enableVendor(youtubeVendor.didomiId);\n                transaction.enablePurposes(youtubeVendor.purposeIds);\n                transaction.commit();\n            }\n        }\" x-on:click=\"handleYoutubeConsent()\" x-on:init=\"init()\" class=\"flex-none border-2 inline-flex items-center gap-2 py-3 px-6 rounded-full is-style-fill text-white border-secondary-500 bg-secondary-500 hover:border-secondary-600 hover:bg-secondary-600 transition ease-in duration-300 disabled:bg-secondary-200 disabled:border-secondary-200\" >Autoriser<\/button><\/div><\/div> <figcaption class=\"text-caption text-deep-300 has-text-color \" ><\/figcaption><\/figure>","protected":false},"excerpt":{"rendered":"<p>Arriv\u00e9 au sein du r\u00e9seau Plus que pro en avril 2019 en tant que licenci\u00e9 de marque, Carol GU\u00c9 a trouv\u00e9 la mission qu\u2019il recherchait\u00a0: apporter une solution concr\u00e8te aux consommateurs et aux chefs d\u2019entreprise d\u2019aujourd\u2019hui.<\/p>\n<p>Dans cette vid\u00e9o, il revient sur ses d\u00e9buts en dressant les points forts de la m\u00e9thode de travail qu\u2019il a adopt\u00e9e et les points de vigilance \u00e0 prendre en compte selon lui.<\/p>\n","protected":false},"author":4,"featured_media":8453,"comment_status":"open","ping_status":"open","sticky":false,"template":"","format":"standard","meta":{"footnotes":""},"categories":[6],"tags":[],"class_list":["post-8435","post","type-post","status-publish","format-standard","has-post-thumbnail","hentry","category-nos-actualites"],"yoast_head":"<title>T\u00e9moignage de Carol Gu\u00e9, franchis\u00e9 en Ile-et-Vilaine<\/title>\n<meta name=\"description\" content=\"Arriv\u00e9 chez Plus que pro en avril 2019 en tant que licenci\u00e9 de marque, Carol GU\u00c9 revient sur la m\u00e9thode bien r\u00e9fl\u00e9chie du r\u00e9seau aux 5 \u00e9toiles\" \/>\n<meta name=\"robots\" content=\"index, follow, max-snippet:-1, max-image-preview:large, max-video-preview:-1\" \/>\n<link rel=\"canonical\" href=\"https:\/\/www.plus-que-pro-distribution.fr\/licencie-de-marque-hauts-de-seine-plus-que-pro\/\" \/>\n<meta property=\"og:locale\" content=\"fr_FR\" \/>\n<meta property=\"og:type\" content=\"article\" \/>\n<meta property=\"og:title\" content=\"T\u00e9moignage de Carol Gu\u00e9, franchis\u00e9 en Ile-et-Vilaine\" \/>\n<meta property=\"og:description\" content=\"Arriv\u00e9 chez Plus que pro en avril 2019 en tant que licenci\u00e9 de marque, Carol GU\u00c9 revient sur la m\u00e9thode bien r\u00e9fl\u00e9chie du r\u00e9seau aux 5 \u00e9toiles\" \/>\n<meta property=\"og:url\" content=\"https:\/\/www.plus-que-pro-distribution.fr\/licencie-de-marque-hauts-de-seine-plus-que-pro\/\" \/>\n<meta property=\"og:site_name\" content=\"Plus que pro - Distribution\" \/>\n<meta property=\"article:publisher\" content=\"https:\/\/www.facebook.com\/Plusquepro\/\" \/>\n<meta property=\"article:published_time\" content=\"2020-01-28T09:33:35+00:00\" \/>\n<meta property=\"article:modified_time\" content=\"2025-11-21T11:15:35+00:00\" \/>\n<meta property=\"og:image\" content=\"https:\/\/www.plus-que-pro-distribution.fr\/uploads\/temoignage-carol-1.jpg\" \/>\n\t<meta property=\"og:image:width\" content=\"1280\" \/>\n\t<meta property=\"og:image:height\" content=\"720\" \/>\n\t<meta property=\"og:image:type\" content=\"image\/jpeg\" \/>\n<meta name=\"author\" content=\"Jean\" \/>\n<meta name=\"twitter:card\" content=\"summary_large_image\" \/>\n<meta name=\"twitter:label1\" content=\"Written by\" \/>\n\t<meta name=\"twitter:data1\" content=\"Jean\" \/>\n\t<meta name=\"twitter:label2\" content=\"Est. reading time\" \/>\n\t<meta name=\"twitter:data2\" content=\"4 minutes\" \/>\n<script type=\"application\/ld+json\" class=\"yoast-schema-graph\">{\"@context\":\"https:\/\/schema.org\",\"@graph\":[{\"@type\":\"Article\",\"@id\":\"https:\/\/www.plus-que-pro-distribution.fr\/licencie-de-marque-hauts-de-seine-plus-que-pro\/#article\",\"isPartOf\":{\"@id\":\"https:\/\/www.plus-que-pro-distribution.fr\/licencie-de-marque-hauts-de-seine-plus-que-pro\/\"},\"author\":{\"name\":\"Jean\",\"@id\":\"https:\/\/www.plus-que-pro-distribution.fr\/#\/schema\/person\/751af92e7c43e3eeb98f4f63875e4ceb\"},\"headline\":\"Licenci\u00e9 de marque en Ile-et-Vilaine, Carol GU\u00c9 revient sur l\u2019importance d\u2019appliquer la m\u00e9thode Plus que pro\",\"datePublished\":\"2020-01-28T09:33:35+00:00\",\"dateModified\":\"2025-11-21T11:15:35+00:00\",\"mainEntityOfPage\":{\"@id\":\"https:\/\/www.plus-que-pro-distribution.fr\/licencie-de-marque-hauts-de-seine-plus-que-pro\/\"},\"wordCount\":777,\"commentCount\":0,\"publisher\":{\"@id\":\"https:\/\/www.plus-que-pro-distribution.fr\/#organization\"},\"image\":{\"@id\":\"https:\/\/www.plus-que-pro-distribution.fr\/licencie-de-marque-hauts-de-seine-plus-que-pro\/#primaryimage\"},\"thumbnailUrl\":\"https:\/\/www.plus-que-pro-distribution.fr\/uploads\/temoignage-carol-1.jpg\",\"articleSection\":[\"Nos actualit\u00e9s\"],\"inLanguage\":\"fr-FR\",\"potentialAction\":[{\"@type\":\"CommentAction\",\"name\":\"Comment\",\"target\":[\"https:\/\/www.plus-que-pro-distribution.fr\/licencie-de-marque-hauts-de-seine-plus-que-pro\/#respond\"]}]},{\"@type\":\"WebPage\",\"@id\":\"https:\/\/www.plus-que-pro-distribution.fr\/licencie-de-marque-hauts-de-seine-plus-que-pro\/\",\"url\":\"https:\/\/www.plus-que-pro-distribution.fr\/licencie-de-marque-hauts-de-seine-plus-que-pro\/\",\"name\":\"T\u00e9moignage de Carol Gu\u00e9, franchis\u00e9 en Ile-et-Vilaine\",\"isPartOf\":{\"@id\":\"https:\/\/www.plus-que-pro-distribution.fr\/#website\"},\"primaryImageOfPage\":{\"@id\":\"https:\/\/www.plus-que-pro-distribution.fr\/licencie-de-marque-hauts-de-seine-plus-que-pro\/#primaryimage\"},\"image\":{\"@id\":\"https:\/\/www.plus-que-pro-distribution.fr\/licencie-de-marque-hauts-de-seine-plus-que-pro\/#primaryimage\"},\"thumbnailUrl\":\"https:\/\/www.plus-que-pro-distribution.fr\/uploads\/temoignage-carol-1.jpg\",\"datePublished\":\"2020-01-28T09:33:35+00:00\",\"dateModified\":\"2025-11-21T11:15:35+00:00\",\"description\":\"Arriv\u00e9 chez Plus que pro en avril 2019 en tant que licenci\u00e9 de marque, Carol GU\u00c9 revient sur la m\u00e9thode bien r\u00e9fl\u00e9chie du r\u00e9seau aux 5 \u00e9toiles\",\"breadcrumb\":{\"@id\":\"https:\/\/www.plus-que-pro-distribution.fr\/licencie-de-marque-hauts-de-seine-plus-que-pro\/#breadcrumb\"},\"inLanguage\":\"fr-FR\",\"potentialAction\":[{\"@type\":\"ReadAction\",\"target\":[\"https:\/\/www.plus-que-pro-distribution.fr\/licencie-de-marque-hauts-de-seine-plus-que-pro\/\"]}]},{\"@type\":\"ImageObject\",\"inLanguage\":\"fr-FR\",\"@id\":\"https:\/\/www.plus-que-pro-distribution.fr\/licencie-de-marque-hauts-de-seine-plus-que-pro\/#primaryimage\",\"url\":\"https:\/\/www.plus-que-pro-distribution.fr\/uploads\/temoignage-carol-1.jpg\",\"contentUrl\":\"https:\/\/www.plus-que-pro-distribution.fr\/uploads\/temoignage-carol-1.jpg\",\"width\":1280,\"height\":720,\"caption\":\"T\u00e9moignage de Carol, partenaire Plus que pro en Ile-et-Vilaine\"},{\"@type\":\"BreadcrumbList\",\"@id\":\"https:\/\/www.plus-que-pro-distribution.fr\/licencie-de-marque-hauts-de-seine-plus-que-pro\/#breadcrumb\",\"itemListElement\":[{\"@type\":\"ListItem\",\"position\":1,\"name\":\"Home\",\"item\":\"https:\/\/www.plus-que-pro-distribution.fr\/\"},{\"@type\":\"ListItem\",\"position\":2,\"name\":\"Licenci\u00e9 de marque en Ile-et-Vilaine, Carol GU\u00c9 revient sur l\u2019importance d\u2019appliquer la m\u00e9thode Plus que pro\"}]},{\"@type\":\"WebSite\",\"@id\":\"https:\/\/www.plus-que-pro-distribution.fr\/#website\",\"url\":\"https:\/\/www.plus-que-pro-distribution.fr\/\",\"name\":\"Plus que pro distribution\",\"description\":\"\",\"publisher\":{\"@id\":\"https:\/\/www.plus-que-pro-distribution.fr\/#organization\"},\"potentialAction\":[{\"@type\":\"SearchAction\",\"target\":{\"@type\":\"EntryPoint\",\"urlTemplate\":\"https:\/\/www.plus-que-pro-distribution.fr\/?s={search_term_string}\"},\"query-input\":{\"@type\":\"PropertyValueSpecification\",\"valueRequired\":true,\"valueName\":\"search_term_string\"}}],\"inLanguage\":\"fr-FR\"},{\"@type\":\"Organization\",\"@id\":\"https:\/\/www.plus-que-pro-distribution.fr\/#organization\",\"name\":\"Plus que pro distribution\",\"url\":\"https:\/\/www.plus-que-pro-distribution.fr\/\",\"logo\":{\"@type\":\"ImageObject\",\"inLanguage\":\"fr-FR\",\"@id\":\"https:\/\/www.plus-que-pro-distribution.fr\/#\/schema\/logo\/image\/\",\"url\":\"https:\/\/www.plus-que-pro-distribution.fr\/uploads\/logo-pqp-distribution.svg\",\"contentUrl\":\"https:\/\/www.plus-que-pro-distribution.fr\/uploads\/logo-pqp-distribution.svg\",\"width\":144,\"height\":34,\"caption\":\"Plus que pro distribution\"},\"image\":{\"@id\":\"https:\/\/www.plus-que-pro-distribution.fr\/#\/schema\/logo\/image\/\"},\"sameAs\":[\"https:\/\/www.facebook.com\/Plusquepro\/\"]},{\"@type\":\"Person\",\"@id\":\"https:\/\/www.plus-que-pro-distribution.fr\/#\/schema\/person\/751af92e7c43e3eeb98f4f63875e4ceb\",\"name\":\"Jean\",\"image\":{\"@type\":\"ImageObject\",\"inLanguage\":\"fr-FR\",\"@id\":\"https:\/\/www.plus-que-pro-distribution.fr\/#\/schema\/person\/image\/\",\"url\":\"https:\/\/secure.gravatar.com\/avatar\/aac25d1e3a248ba1be7404ccf9581f1a78704d8a0e292c792ed971a596325c72?s=96&d=mm&r=g\",\"contentUrl\":\"https:\/\/secure.gravatar.com\/avatar\/aac25d1e3a248ba1be7404ccf9581f1a78704d8a0e292c792ed971a596325c72?s=96&d=mm&r=g\",\"caption\":\"Jean\"}}]}<\/script>","yoast_head_json":{"title":"T\u00e9moignage de Carol Gu\u00e9, franchis\u00e9 en Ile-et-Vilaine","description":"Arriv\u00e9 chez Plus que pro en avril 2019 en tant que licenci\u00e9 de marque, Carol GU\u00c9 revient sur la m\u00e9thode bien r\u00e9fl\u00e9chie du r\u00e9seau aux 5 \u00e9toiles","robots":{"index":"index","follow":"follow","max-snippet":"max-snippet:-1","max-image-preview":"max-image-preview:large","max-video-preview":"max-video-preview:-1"},"canonical":"https:\/\/www.plus-que-pro-distribution.fr\/licencie-de-marque-hauts-de-seine-plus-que-pro\/","og_locale":"fr_FR","og_type":"article","og_title":"T\u00e9moignage de Carol Gu\u00e9, franchis\u00e9 en Ile-et-Vilaine","og_description":"Arriv\u00e9 chez Plus que pro en avril 2019 en tant que licenci\u00e9 de marque, Carol GU\u00c9 revient sur la m\u00e9thode bien r\u00e9fl\u00e9chie du r\u00e9seau aux 5 \u00e9toiles","og_url":"https:\/\/www.plus-que-pro-distribution.fr\/licencie-de-marque-hauts-de-seine-plus-que-pro\/","og_site_name":"Plus que pro - Distribution","article_publisher":"https:\/\/www.facebook.com\/Plusquepro\/","article_published_time":"2020-01-28T09:33:35+00:00","article_modified_time":"2025-11-21T11:15:35+00:00","og_image":[{"width":1280,"height":720,"url":"https:\/\/www.plus-que-pro-distribution.fr\/uploads\/temoignage-carol-1.jpg","type":"image\/jpeg"}],"author":"Jean","twitter_card":"summary_large_image","twitter_misc":{"Written by":"Jean","Est. reading time":"4 minutes"},"schema":{"@context":"https:\/\/schema.org","@graph":[{"@type":"Article","@id":"https:\/\/www.plus-que-pro-distribution.fr\/licencie-de-marque-hauts-de-seine-plus-que-pro\/#article","isPartOf":{"@id":"https:\/\/www.plus-que-pro-distribution.fr\/licencie-de-marque-hauts-de-seine-plus-que-pro\/"},"author":{"name":"Jean","@id":"https:\/\/www.plus-que-pro-distribution.fr\/#\/schema\/person\/751af92e7c43e3eeb98f4f63875e4ceb"},"headline":"Licenci\u00e9 de marque en Ile-et-Vilaine, Carol GU\u00c9 revient sur l\u2019importance d\u2019appliquer la m\u00e9thode Plus que pro","datePublished":"2020-01-28T09:33:35+00:00","dateModified":"2025-11-21T11:15:35+00:00","mainEntityOfPage":{"@id":"https:\/\/www.plus-que-pro-distribution.fr\/licencie-de-marque-hauts-de-seine-plus-que-pro\/"},"wordCount":777,"commentCount":0,"publisher":{"@id":"https:\/\/www.plus-que-pro-distribution.fr\/#organization"},"image":{"@id":"https:\/\/www.plus-que-pro-distribution.fr\/licencie-de-marque-hauts-de-seine-plus-que-pro\/#primaryimage"},"thumbnailUrl":"https:\/\/www.plus-que-pro-distribution.fr\/uploads\/temoignage-carol-1.jpg","articleSection":["Nos actualit\u00e9s"],"inLanguage":"fr-FR","potentialAction":[{"@type":"CommentAction","name":"Comment","target":["https:\/\/www.plus-que-pro-distribution.fr\/licencie-de-marque-hauts-de-seine-plus-que-pro\/#respond"]}]},{"@type":"WebPage","@id":"https:\/\/www.plus-que-pro-distribution.fr\/licencie-de-marque-hauts-de-seine-plus-que-pro\/","url":"https:\/\/www.plus-que-pro-distribution.fr\/licencie-de-marque-hauts-de-seine-plus-que-pro\/","name":"T\u00e9moignage de Carol Gu\u00e9, franchis\u00e9 en Ile-et-Vilaine","isPartOf":{"@id":"https:\/\/www.plus-que-pro-distribution.fr\/#website"},"primaryImageOfPage":{"@id":"https:\/\/www.plus-que-pro-distribution.fr\/licencie-de-marque-hauts-de-seine-plus-que-pro\/#primaryimage"},"image":{"@id":"https:\/\/www.plus-que-pro-distribution.fr\/licencie-de-marque-hauts-de-seine-plus-que-pro\/#primaryimage"},"thumbnailUrl":"https:\/\/www.plus-que-pro-distribution.fr\/uploads\/temoignage-carol-1.jpg","datePublished":"2020-01-28T09:33:35+00:00","dateModified":"2025-11-21T11:15:35+00:00","description":"Arriv\u00e9 chez Plus que pro en avril 2019 en tant que licenci\u00e9 de marque, Carol GU\u00c9 revient sur la m\u00e9thode bien r\u00e9fl\u00e9chie du r\u00e9seau aux 5 \u00e9toiles","breadcrumb":{"@id":"https:\/\/www.plus-que-pro-distribution.fr\/licencie-de-marque-hauts-de-seine-plus-que-pro\/#breadcrumb"},"inLanguage":"fr-FR","potentialAction":[{"@type":"ReadAction","target":["https:\/\/www.plus-que-pro-distribution.fr\/licencie-de-marque-hauts-de-seine-plus-que-pro\/"]}]},{"@type":"ImageObject","inLanguage":"fr-FR","@id":"https:\/\/www.plus-que-pro-distribution.fr\/licencie-de-marque-hauts-de-seine-plus-que-pro\/#primaryimage","url":"https:\/\/www.plus-que-pro-distribution.fr\/uploads\/temoignage-carol-1.jpg","contentUrl":"https:\/\/www.plus-que-pro-distribution.fr\/uploads\/temoignage-carol-1.jpg","width":1280,"height":720,"caption":"T\u00e9moignage de Carol, partenaire Plus que pro en Ile-et-Vilaine"},{"@type":"BreadcrumbList","@id":"https:\/\/www.plus-que-pro-distribution.fr\/licencie-de-marque-hauts-de-seine-plus-que-pro\/#breadcrumb","itemListElement":[{"@type":"ListItem","position":1,"name":"Home","item":"https:\/\/www.plus-que-pro-distribution.fr\/"},{"@type":"ListItem","position":2,"name":"Licenci\u00e9 de marque en Ile-et-Vilaine, Carol GU\u00c9 revient sur l\u2019importance d\u2019appliquer la m\u00e9thode Plus que pro"}]},{"@type":"WebSite","@id":"https:\/\/www.plus-que-pro-distribution.fr\/#website","url":"https:\/\/www.plus-que-pro-distribution.fr\/","name":"Plus que pro distribution","description":"","publisher":{"@id":"https:\/\/www.plus-que-pro-distribution.fr\/#organization"},"potentialAction":[{"@type":"SearchAction","target":{"@type":"EntryPoint","urlTemplate":"https:\/\/www.plus-que-pro-distribution.fr\/?s={search_term_string}"},"query-input":{"@type":"PropertyValueSpecification","valueRequired":true,"valueName":"search_term_string"}}],"inLanguage":"fr-FR"},{"@type":"Organization","@id":"https:\/\/www.plus-que-pro-distribution.fr\/#organization","name":"Plus que pro distribution","url":"https:\/\/www.plus-que-pro-distribution.fr\/","logo":{"@type":"ImageObject","inLanguage":"fr-FR","@id":"https:\/\/www.plus-que-pro-distribution.fr\/#\/schema\/logo\/image\/","url":"https:\/\/www.plus-que-pro-distribution.fr\/uploads\/logo-pqp-distribution.svg","contentUrl":"https:\/\/www.plus-que-pro-distribution.fr\/uploads\/logo-pqp-distribution.svg","width":144,"height":34,"caption":"Plus que pro distribution"},"image":{"@id":"https:\/\/www.plus-que-pro-distribution.fr\/#\/schema\/logo\/image\/"},"sameAs":["https:\/\/www.facebook.com\/Plusquepro\/"]},{"@type":"Person","@id":"https:\/\/www.plus-que-pro-distribution.fr\/#\/schema\/person\/751af92e7c43e3eeb98f4f63875e4ceb","name":"Jean","image":{"@type":"ImageObject","inLanguage":"fr-FR","@id":"https:\/\/www.plus-que-pro-distribution.fr\/#\/schema\/person\/image\/","url":"https:\/\/secure.gravatar.com\/avatar\/aac25d1e3a248ba1be7404ccf9581f1a78704d8a0e292c792ed971a596325c72?s=96&d=mm&r=g","contentUrl":"https:\/\/secure.gravatar.com\/avatar\/aac25d1e3a248ba1be7404ccf9581f1a78704d8a0e292c792ed971a596325c72?s=96&d=mm&r=g","caption":"Jean"}}]}},"_links":{"self":[{"href":"https:\/\/www.plus-que-pro-distribution.fr\/api\/wp\/v2\/posts\/8435","targetHints":{"allow":["GET"]}}],"collection":[{"href":"https:\/\/www.plus-que-pro-distribution.fr\/api\/wp\/v2\/posts"}],"about":[{"href":"https:\/\/www.plus-que-pro-distribution.fr\/api\/wp\/v2\/types\/post"}],"author":[{"embeddable":true,"href":"https:\/\/www.plus-que-pro-distribution.fr\/api\/wp\/v2\/users\/4"}],"replies":[{"embeddable":true,"href":"https:\/\/www.plus-que-pro-distribution.fr\/api\/wp\/v2\/comments?post=8435"}],"version-history":[{"count":2,"href":"https:\/\/www.plus-que-pro-distribution.fr\/api\/wp\/v2\/posts\/8435\/revisions"}],"predecessor-version":[{"id":19452,"href":"https:\/\/www.plus-que-pro-distribution.fr\/api\/wp\/v2\/posts\/8435\/revisions\/19452"}],"wp:featuredmedia":[{"embeddable":true,"href":"https:\/\/www.plus-que-pro-distribution.fr\/api\/wp\/v2\/media\/8453"}],"wp:attachment":[{"href":"https:\/\/www.plus-que-pro-distribution.fr\/api\/wp\/v2\/media?parent=8435"}],"wp:term":[{"taxonomy":"category","embeddable":true,"href":"https:\/\/www.plus-que-pro-distribution.fr\/api\/wp\/v2\/categories?post=8435"},{"taxonomy":"post_tag","embeddable":true,"href":"https:\/\/www.plus-que-pro-distribution.fr\/api\/wp\/v2\/tags?post=8435"}],"curies":[{"name":"wp","href":"https:\/\/api.w.org\/{rel}","templated":true}]}}