{"id":8203,"date":"2019-12-09T14:23:53","date_gmt":"2019-12-09T14:23:53","guid":{"rendered":"https:\/\/www.network-plus-que-pro.fr\/?p=8203"},"modified":"2025-02-19T14:15:04","modified_gmt":"2025-02-19T13:15:04","slug":"plus-que-pro-finit-une-nouvelle-fois-dans-le-classement-fw-500","status":"publish","type":"post","link":"https:\/\/www.plus-que-pro-distribution.fr\/plus-que-pro-finit-une-nouvelle-fois-dans-le-classement-fw-500\/","title":{"rendered":"Plus que pro finit une nouvelle fois dans le classement FW500"},"content":{"rendered":"<figure class=\"block m-0  float-left mr-auto text-left\" ><img decoding=\"async\" src=\"https:\/\/www.plus-que-pro-distribution.fr\/uploads\/logo-FrenchWeb-plusquepro-1-150x150.png\" class=\"inline-block rounded-tr-media rounded-tl-media rounded-bl-media rounded-br-media \" ><\/figure>\n\n<p class=\"[&amp;_a]:underline [&amp;_a]:underline-offset-2 [&amp;_a]:text-secondary-500 [&amp;_a:focus-visible]:outline-none [&amp;_a:focus]:outline-none [&amp;_a:focus-visible]:ring-2 [&amp;_a:focus-visible]:ring-offset-2 [&amp;_a:focus-visible]:ring-secondary-500 [&amp;_a:focus-visible]:rounded-full [&amp;_+_*]:mt-xs [*_+_&amp;]:mt-xs [&amp;_+_.wp-block-group]:mt-m [&amp;_+_.wp-block-group]:md:mt-l [&amp;.text-caption_+_*]:!mt-xs [&amp;.text-caption_+_*]:md:!mt-xs aligndefault max-w-default mx-auto \" >FrenchWeb500 a rendu son classement des 300 entreprises de la tech fran\u00e7aise ayant les meilleures performances et le plus grand potentiel, et parmi elles se trouvent <a href=\"https:\/\/www.plus-que-pro-distribution.fr\/plus-que-pro-referencee-dans-le-classement-french-web-500\/\">Plus que pro<\/a>.<\/p>\n\n<p class=\"[&amp;_a]:underline [&amp;_a]:underline-offset-2 [&amp;_a]:text-secondary-500 [&amp;_a:focus-visible]:outline-none [&amp;_a:focus]:outline-none [&amp;_a:focus-visible]:ring-2 [&amp;_a:focus-visible]:ring-offset-2 [&amp;_a:focus-visible]:ring-secondary-500 [&amp;_a:focus-visible]:rounded-full [&amp;_+_*]:mt-xs [*_+_&amp;]:mt-xs [&amp;_+_.wp-block-group]:mt-m [&amp;_+_.wp-block-group]:md:mt-l [&amp;.text-caption_+_*]:!mt-xs [&amp;.text-caption_+_*]:md:!mt-xs aligndefault max-w-default mx-auto \" >Plac\u00e9 <a href=\"https:\/\/www.frenchweb.fr\/fw500\" target=\"_blank\" rel=\"noopener noreferrer\">164e dans le classement<\/a>,<strong> le r\u00e9seau des meilleurs entreprises de France affirme une fois de plus la qualit\u00e9 de son produit, les avis clients contr\u00f4l\u00e9s<\/strong>.<\/p>\n\n<figure class=\"block m-0  text-center\" ><img decoding=\"async\" src=\"https:\/\/www.plus-que-pro-distribution.fr\/uploads\/shutterstock_1109785655-1.jpg\" alt=\"Plus que pro dans le classement FW500\" class=\"inline-block rounded-tr-media rounded-tl-media rounded-bl-media rounded-br-media \" ><\/figure>\n\n<p class=\"[&amp;_a]:underline [&amp;_a]:underline-offset-2 [&amp;_a]:text-secondary-500 [&amp;_a:focus-visible]:outline-none [&amp;_a:focus]:outline-none [&amp;_a:focus-visible]:ring-2 [&amp;_a:focus-visible]:ring-offset-2 [&amp;_a:focus-visible]:ring-secondary-500 [&amp;_a:focus-visible]:rounded-full [&amp;_+_*]:mt-xs [*_+_&amp;]:mt-xs [&amp;_+_.wp-block-group]:mt-m [&amp;_+_.wp-block-group]:md:mt-l [&amp;.text-caption_+_*]:!mt-xs [&amp;.text-caption_+_*]:md:!mt-xs aligndefault max-w-default mx-auto \" ><\/p>\n\n<p class=\"[&amp;_a]:underline [&amp;_a]:underline-offset-2 [&amp;_a]:text-secondary-500 [&amp;_a:focus-visible]:outline-none [&amp;_a:focus]:outline-none [&amp;_a:focus-visible]:ring-2 [&amp;_a:focus-visible]:ring-offset-2 [&amp;_a:focus-visible]:ring-secondary-500 [&amp;_a:focus-visible]:rounded-full [&amp;_+_*]:mt-xs [*_+_&amp;]:mt-xs [&amp;_+_.wp-block-group]:mt-m [&amp;_+_.wp-block-group]:md:mt-l [&amp;.text-caption_+_*]:!mt-xs [&amp;.text-caption_+_*]:md:!mt-xs aligndefault max-w-default mx-auto \" >En cr\u00e9ant un cercle vertueux entre les clients et les entreprises, Plus que pro a su r\u00e9pondre \u00e0 un r\u00e9el besoin. <strong>Avec une vingtaine de licenci\u00e9s de marque pour exporter le concept partout en France, l&rsquo;entreprise aux 5 \u00e9toiles a de beaux jours devant elle<\/strong>.<\/p>\n\n<div class=\"wp-block-buttons flex flex-col md:flex-row items-start gap-7 aligndefault max-w-default mx-auto items-center justify-center [&amp;_+_*]:mt-m [&amp;_+_*]:md:mt-l [p_+_&amp;]:mt-m [p_+_&amp;]:md:mt-l [ul_+_&amp;]:mt-m [ul_+_&amp;]:md:mt-l [.wp-block-columns_+_&amp;]:md:mt-l [.wp-block-group_+_&amp;]:mt-m [.wp-block-group_+_&amp;]:md:mt-l \" ><a href=\"https:\/\/www.plus-que-pro-solution.fr\/plus-que-pro-finit-une-nouvelle-fois-dans-le-classement-fw-500\/\" class=\"wp-block-button__link wp-element-button border-2 inline-flex items-center gap-2 py-3 px-6 rounded-full text-light-title font-bold focus-visible:outline-none focus:outline-none focus-visible:ring-2 focus-visible:ring-offset-2 focus-visible:ring-secondary-500 is-style-fill text-white border-secondary-500 bg-secondary-500 hover:border-secondary-600 hover:bg-secondary-600 transition ease-in duration-300 disabled:bg-secondary-200 disabled:border-secondary-200 \" >POUR EN SAVOIR PLUS<\/a><\/div>","protected":false},"excerpt":{"rendered":"<p>En cr\u00e9ant un cercle vertueux entre les clients et les entreprises, Plus que pro a su r\u00e9pondre \u00e0 un r\u00e9el besoin. Avec une vingtaine de licenci\u00e9s de marque pour exporter le concept partout en France, l&rsquo;entreprise aux 5 \u00e9toiles a de beaux jours devant elle.<\/p>\n","protected":false},"author":4,"featured_media":8204,"comment_status":"open","ping_status":"open","sticky":false,"template":"","format":"standard","meta":{"footnotes":""},"categories":[6],"tags":[],"class_list":["post-8203","post","type-post","status-publish","format-standard","has-post-thumbnail","hentry","category-nos-actualites"],"yoast_head":"<title>Plus que pro une nouvelle fois class\u00e9 au FW500<\/title>\n<meta name=\"description\" content=\"Pour la quatri\u00e8me \u00e9dition de ce classement, Plus que pro a atteint la 164\u1d49 place. Il s\u2019agit d\u2019une preuve suppl\u00e9mentaire du succ\u00e8s de l&#039;entreprise\" \/>\n<meta name=\"robots\" content=\"index, follow, max-snippet:-1, max-image-preview:large, max-video-preview:-1\" \/>\n<link rel=\"canonical\" href=\"https:\/\/www.plus-que-pro-distribution.fr\/plus-que-pro-finit-une-nouvelle-fois-dans-le-classement-fw-500\/\" \/>\n<meta property=\"og:locale\" content=\"fr_FR\" \/>\n<meta property=\"og:type\" content=\"article\" \/>\n<meta property=\"og:title\" content=\"Plus que pro une nouvelle fois class\u00e9 au FW500\" \/>\n<meta property=\"og:description\" content=\"Pour la quatri\u00e8me \u00e9dition de ce classement, Plus que pro a atteint la 164\u1d49 place. Il s\u2019agit d\u2019une preuve suppl\u00e9mentaire du succ\u00e8s de l&#039;entreprise\" \/>\n<meta property=\"og:url\" content=\"https:\/\/www.plus-que-pro-distribution.fr\/plus-que-pro-finit-une-nouvelle-fois-dans-le-classement-fw-500\/\" \/>\n<meta property=\"og:site_name\" content=\"Plus que pro - Distribution\" \/>\n<meta property=\"article:publisher\" content=\"https:\/\/www.facebook.com\/Plusquepro\/\" \/>\n<meta property=\"article:published_time\" content=\"2019-12-09T14:23:53+00:00\" \/>\n<meta property=\"article:modified_time\" content=\"2025-02-19T13:15:04+00:00\" \/>\n<meta property=\"og:image\" content=\"https:\/\/www.plus-que-pro-distribution.fr\/uploads\/shutterstock_1109785655.jpg\" \/>\n\t<meta property=\"og:image:width\" content=\"500\" \/>\n\t<meta property=\"og:image:height\" content=\"363\" \/>\n\t<meta property=\"og:image:type\" content=\"image\/jpeg\" \/>\n<meta name=\"author\" content=\"Jean\" \/>\n<meta name=\"twitter:card\" content=\"summary_large_image\" \/>\n<meta name=\"twitter:label1\" content=\"Written by\" \/>\n\t<meta name=\"twitter:data1\" content=\"Jean\" \/>\n\t<meta name=\"twitter:label2\" content=\"Est. reading time\" \/>\n\t<meta name=\"twitter:data2\" content=\"2 minutes\" \/>\n<script type=\"application\/ld+json\" class=\"yoast-schema-graph\">{\"@context\":\"https:\/\/schema.org\",\"@graph\":[{\"@type\":\"Article\",\"@id\":\"https:\/\/www.plus-que-pro-distribution.fr\/plus-que-pro-finit-une-nouvelle-fois-dans-le-classement-fw-500\/#article\",\"isPartOf\":{\"@id\":\"https:\/\/www.plus-que-pro-distribution.fr\/plus-que-pro-finit-une-nouvelle-fois-dans-le-classement-fw-500\/\"},\"author\":{\"name\":\"Jean\",\"@id\":\"https:\/\/www.plus-que-pro-distribution.fr\/#\/schema\/person\/751af92e7c43e3eeb98f4f63875e4ceb\"},\"headline\":\"Plus que pro finit une nouvelle fois dans le classement FW500\",\"datePublished\":\"2019-12-09T14:23:53+00:00\",\"dateModified\":\"2025-02-19T13:15:04+00:00\",\"mainEntityOfPage\":{\"@id\":\"https:\/\/www.plus-que-pro-distribution.fr\/plus-que-pro-finit-une-nouvelle-fois-dans-le-classement-fw-500\/\"},\"wordCount\":121,\"commentCount\":0,\"publisher\":{\"@id\":\"https:\/\/www.plus-que-pro-distribution.fr\/#organization\"},\"image\":{\"@id\":\"https:\/\/www.plus-que-pro-distribution.fr\/plus-que-pro-finit-une-nouvelle-fois-dans-le-classement-fw-500\/#primaryimage\"},\"thumbnailUrl\":\"https:\/\/www.plus-que-pro-distribution.fr\/uploads\/shutterstock_1109785655.jpg\",\"articleSection\":[\"Nos actualit\u00e9s\"],\"inLanguage\":\"fr-FR\",\"potentialAction\":[{\"@type\":\"CommentAction\",\"name\":\"Comment\",\"target\":[\"https:\/\/www.plus-que-pro-distribution.fr\/plus-que-pro-finit-une-nouvelle-fois-dans-le-classement-fw-500\/#respond\"]}]},{\"@type\":\"WebPage\",\"@id\":\"https:\/\/www.plus-que-pro-distribution.fr\/plus-que-pro-finit-une-nouvelle-fois-dans-le-classement-fw-500\/\",\"url\":\"https:\/\/www.plus-que-pro-distribution.fr\/plus-que-pro-finit-une-nouvelle-fois-dans-le-classement-fw-500\/\",\"name\":\"Plus que pro une nouvelle fois class\u00e9 au FW500\",\"isPartOf\":{\"@id\":\"https:\/\/www.plus-que-pro-distribution.fr\/#website\"},\"primaryImageOfPage\":{\"@id\":\"https:\/\/www.plus-que-pro-distribution.fr\/plus-que-pro-finit-une-nouvelle-fois-dans-le-classement-fw-500\/#primaryimage\"},\"image\":{\"@id\":\"https:\/\/www.plus-que-pro-distribution.fr\/plus-que-pro-finit-une-nouvelle-fois-dans-le-classement-fw-500\/#primaryimage\"},\"thumbnailUrl\":\"https:\/\/www.plus-que-pro-distribution.fr\/uploads\/shutterstock_1109785655.jpg\",\"datePublished\":\"2019-12-09T14:23:53+00:00\",\"dateModified\":\"2025-02-19T13:15:04+00:00\",\"description\":\"Pour la quatri\u00e8me \u00e9dition de ce classement, Plus que pro a atteint la 164\u1d49 place. Il s\u2019agit d\u2019une preuve suppl\u00e9mentaire du succ\u00e8s de l'entreprise\",\"breadcrumb\":{\"@id\":\"https:\/\/www.plus-que-pro-distribution.fr\/plus-que-pro-finit-une-nouvelle-fois-dans-le-classement-fw-500\/#breadcrumb\"},\"inLanguage\":\"fr-FR\",\"potentialAction\":[{\"@type\":\"ReadAction\",\"target\":[\"https:\/\/www.plus-que-pro-distribution.fr\/plus-que-pro-finit-une-nouvelle-fois-dans-le-classement-fw-500\/\"]}]},{\"@type\":\"ImageObject\",\"inLanguage\":\"fr-FR\",\"@id\":\"https:\/\/www.plus-que-pro-distribution.fr\/plus-que-pro-finit-une-nouvelle-fois-dans-le-classement-fw-500\/#primaryimage\",\"url\":\"https:\/\/www.plus-que-pro-distribution.fr\/uploads\/shutterstock_1109785655.jpg\",\"contentUrl\":\"https:\/\/www.plus-que-pro-distribution.fr\/uploads\/shutterstock_1109785655.jpg\",\"width\":500,\"height\":363,\"caption\":\"visuel main croissance graphique \u00e9toile\"},{\"@type\":\"BreadcrumbList\",\"@id\":\"https:\/\/www.plus-que-pro-distribution.fr\/plus-que-pro-finit-une-nouvelle-fois-dans-le-classement-fw-500\/#breadcrumb\",\"itemListElement\":[{\"@type\":\"ListItem\",\"position\":1,\"name\":\"Home\",\"item\":\"https:\/\/www.plus-que-pro-distribution.fr\/\"},{\"@type\":\"ListItem\",\"position\":2,\"name\":\"Plus que pro finit une nouvelle fois dans le classement FW500\"}]},{\"@type\":\"WebSite\",\"@id\":\"https:\/\/www.plus-que-pro-distribution.fr\/#website\",\"url\":\"https:\/\/www.plus-que-pro-distribution.fr\/\",\"name\":\"Plus que pro distribution\",\"description\":\"\",\"publisher\":{\"@id\":\"https:\/\/www.plus-que-pro-distribution.fr\/#organization\"},\"potentialAction\":[{\"@type\":\"SearchAction\",\"target\":{\"@type\":\"EntryPoint\",\"urlTemplate\":\"https:\/\/www.plus-que-pro-distribution.fr\/?s={search_term_string}\"},\"query-input\":{\"@type\":\"PropertyValueSpecification\",\"valueRequired\":true,\"valueName\":\"search_term_string\"}}],\"inLanguage\":\"fr-FR\"},{\"@type\":\"Organization\",\"@id\":\"https:\/\/www.plus-que-pro-distribution.fr\/#organization\",\"name\":\"Plus que pro distribution\",\"url\":\"https:\/\/www.plus-que-pro-distribution.fr\/\",\"logo\":{\"@type\":\"ImageObject\",\"inLanguage\":\"fr-FR\",\"@id\":\"https:\/\/www.plus-que-pro-distribution.fr\/#\/schema\/logo\/image\/\",\"url\":\"https:\/\/www.plus-que-pro-distribution.fr\/uploads\/logo-pqp-distribution.svg\",\"contentUrl\":\"https:\/\/www.plus-que-pro-distribution.fr\/uploads\/logo-pqp-distribution.svg\",\"width\":144,\"height\":34,\"caption\":\"Plus que pro distribution\"},\"image\":{\"@id\":\"https:\/\/www.plus-que-pro-distribution.fr\/#\/schema\/logo\/image\/\"},\"sameAs\":[\"https:\/\/www.facebook.com\/Plusquepro\/\"]},{\"@type\":\"Person\",\"@id\":\"https:\/\/www.plus-que-pro-distribution.fr\/#\/schema\/person\/751af92e7c43e3eeb98f4f63875e4ceb\",\"name\":\"Jean\",\"image\":{\"@type\":\"ImageObject\",\"inLanguage\":\"fr-FR\",\"@id\":\"https:\/\/www.plus-que-pro-distribution.fr\/#\/schema\/person\/image\/\",\"url\":\"https:\/\/secure.gravatar.com\/avatar\/aac25d1e3a248ba1be7404ccf9581f1a78704d8a0e292c792ed971a596325c72?s=96&d=mm&r=g\",\"contentUrl\":\"https:\/\/secure.gravatar.com\/avatar\/aac25d1e3a248ba1be7404ccf9581f1a78704d8a0e292c792ed971a596325c72?s=96&d=mm&r=g\",\"caption\":\"Jean\"}}]}<\/script>","yoast_head_json":{"title":"Plus que pro une nouvelle fois class\u00e9 au FW500","description":"Pour la quatri\u00e8me \u00e9dition de ce classement, Plus que pro a atteint la 164\u1d49 place. Il s\u2019agit d\u2019une preuve suppl\u00e9mentaire du succ\u00e8s de l'entreprise","robots":{"index":"index","follow":"follow","max-snippet":"max-snippet:-1","max-image-preview":"max-image-preview:large","max-video-preview":"max-video-preview:-1"},"canonical":"https:\/\/www.plus-que-pro-distribution.fr\/plus-que-pro-finit-une-nouvelle-fois-dans-le-classement-fw-500\/","og_locale":"fr_FR","og_type":"article","og_title":"Plus que pro une nouvelle fois class\u00e9 au FW500","og_description":"Pour la quatri\u00e8me \u00e9dition de ce classement, Plus que pro a atteint la 164\u1d49 place. Il s\u2019agit d\u2019une preuve suppl\u00e9mentaire du succ\u00e8s de l'entreprise","og_url":"https:\/\/www.plus-que-pro-distribution.fr\/plus-que-pro-finit-une-nouvelle-fois-dans-le-classement-fw-500\/","og_site_name":"Plus que pro - Distribution","article_publisher":"https:\/\/www.facebook.com\/Plusquepro\/","article_published_time":"2019-12-09T14:23:53+00:00","article_modified_time":"2025-02-19T13:15:04+00:00","og_image":[{"width":500,"height":363,"url":"https:\/\/www.plus-que-pro-distribution.fr\/uploads\/shutterstock_1109785655.jpg","type":"image\/jpeg"}],"author":"Jean","twitter_card":"summary_large_image","twitter_misc":{"Written by":"Jean","Est. reading time":"2 minutes"},"schema":{"@context":"https:\/\/schema.org","@graph":[{"@type":"Article","@id":"https:\/\/www.plus-que-pro-distribution.fr\/plus-que-pro-finit-une-nouvelle-fois-dans-le-classement-fw-500\/#article","isPartOf":{"@id":"https:\/\/www.plus-que-pro-distribution.fr\/plus-que-pro-finit-une-nouvelle-fois-dans-le-classement-fw-500\/"},"author":{"name":"Jean","@id":"https:\/\/www.plus-que-pro-distribution.fr\/#\/schema\/person\/751af92e7c43e3eeb98f4f63875e4ceb"},"headline":"Plus que pro finit une nouvelle fois dans le classement FW500","datePublished":"2019-12-09T14:23:53+00:00","dateModified":"2025-02-19T13:15:04+00:00","mainEntityOfPage":{"@id":"https:\/\/www.plus-que-pro-distribution.fr\/plus-que-pro-finit-une-nouvelle-fois-dans-le-classement-fw-500\/"},"wordCount":121,"commentCount":0,"publisher":{"@id":"https:\/\/www.plus-que-pro-distribution.fr\/#organization"},"image":{"@id":"https:\/\/www.plus-que-pro-distribution.fr\/plus-que-pro-finit-une-nouvelle-fois-dans-le-classement-fw-500\/#primaryimage"},"thumbnailUrl":"https:\/\/www.plus-que-pro-distribution.fr\/uploads\/shutterstock_1109785655.jpg","articleSection":["Nos actualit\u00e9s"],"inLanguage":"fr-FR","potentialAction":[{"@type":"CommentAction","name":"Comment","target":["https:\/\/www.plus-que-pro-distribution.fr\/plus-que-pro-finit-une-nouvelle-fois-dans-le-classement-fw-500\/#respond"]}]},{"@type":"WebPage","@id":"https:\/\/www.plus-que-pro-distribution.fr\/plus-que-pro-finit-une-nouvelle-fois-dans-le-classement-fw-500\/","url":"https:\/\/www.plus-que-pro-distribution.fr\/plus-que-pro-finit-une-nouvelle-fois-dans-le-classement-fw-500\/","name":"Plus que pro une nouvelle fois class\u00e9 au FW500","isPartOf":{"@id":"https:\/\/www.plus-que-pro-distribution.fr\/#website"},"primaryImageOfPage":{"@id":"https:\/\/www.plus-que-pro-distribution.fr\/plus-que-pro-finit-une-nouvelle-fois-dans-le-classement-fw-500\/#primaryimage"},"image":{"@id":"https:\/\/www.plus-que-pro-distribution.fr\/plus-que-pro-finit-une-nouvelle-fois-dans-le-classement-fw-500\/#primaryimage"},"thumbnailUrl":"https:\/\/www.plus-que-pro-distribution.fr\/uploads\/shutterstock_1109785655.jpg","datePublished":"2019-12-09T14:23:53+00:00","dateModified":"2025-02-19T13:15:04+00:00","description":"Pour la quatri\u00e8me \u00e9dition de ce classement, Plus que pro a atteint la 164\u1d49 place. Il s\u2019agit d\u2019une preuve suppl\u00e9mentaire du succ\u00e8s de l'entreprise","breadcrumb":{"@id":"https:\/\/www.plus-que-pro-distribution.fr\/plus-que-pro-finit-une-nouvelle-fois-dans-le-classement-fw-500\/#breadcrumb"},"inLanguage":"fr-FR","potentialAction":[{"@type":"ReadAction","target":["https:\/\/www.plus-que-pro-distribution.fr\/plus-que-pro-finit-une-nouvelle-fois-dans-le-classement-fw-500\/"]}]},{"@type":"ImageObject","inLanguage":"fr-FR","@id":"https:\/\/www.plus-que-pro-distribution.fr\/plus-que-pro-finit-une-nouvelle-fois-dans-le-classement-fw-500\/#primaryimage","url":"https:\/\/www.plus-que-pro-distribution.fr\/uploads\/shutterstock_1109785655.jpg","contentUrl":"https:\/\/www.plus-que-pro-distribution.fr\/uploads\/shutterstock_1109785655.jpg","width":500,"height":363,"caption":"visuel main croissance graphique \u00e9toile"},{"@type":"BreadcrumbList","@id":"https:\/\/www.plus-que-pro-distribution.fr\/plus-que-pro-finit-une-nouvelle-fois-dans-le-classement-fw-500\/#breadcrumb","itemListElement":[{"@type":"ListItem","position":1,"name":"Home","item":"https:\/\/www.plus-que-pro-distribution.fr\/"},{"@type":"ListItem","position":2,"name":"Plus que pro finit une nouvelle fois dans le classement FW500"}]},{"@type":"WebSite","@id":"https:\/\/www.plus-que-pro-distribution.fr\/#website","url":"https:\/\/www.plus-que-pro-distribution.fr\/","name":"Plus que pro distribution","description":"","publisher":{"@id":"https:\/\/www.plus-que-pro-distribution.fr\/#organization"},"potentialAction":[{"@type":"SearchAction","target":{"@type":"EntryPoint","urlTemplate":"https:\/\/www.plus-que-pro-distribution.fr\/?s={search_term_string}"},"query-input":{"@type":"PropertyValueSpecification","valueRequired":true,"valueName":"search_term_string"}}],"inLanguage":"fr-FR"},{"@type":"Organization","@id":"https:\/\/www.plus-que-pro-distribution.fr\/#organization","name":"Plus que pro distribution","url":"https:\/\/www.plus-que-pro-distribution.fr\/","logo":{"@type":"ImageObject","inLanguage":"fr-FR","@id":"https:\/\/www.plus-que-pro-distribution.fr\/#\/schema\/logo\/image\/","url":"https:\/\/www.plus-que-pro-distribution.fr\/uploads\/logo-pqp-distribution.svg","contentUrl":"https:\/\/www.plus-que-pro-distribution.fr\/uploads\/logo-pqp-distribution.svg","width":144,"height":34,"caption":"Plus que pro distribution"},"image":{"@id":"https:\/\/www.plus-que-pro-distribution.fr\/#\/schema\/logo\/image\/"},"sameAs":["https:\/\/www.facebook.com\/Plusquepro\/"]},{"@type":"Person","@id":"https:\/\/www.plus-que-pro-distribution.fr\/#\/schema\/person\/751af92e7c43e3eeb98f4f63875e4ceb","name":"Jean","image":{"@type":"ImageObject","inLanguage":"fr-FR","@id":"https:\/\/www.plus-que-pro-distribution.fr\/#\/schema\/person\/image\/","url":"https:\/\/secure.gravatar.com\/avatar\/aac25d1e3a248ba1be7404ccf9581f1a78704d8a0e292c792ed971a596325c72?s=96&d=mm&r=g","contentUrl":"https:\/\/secure.gravatar.com\/avatar\/aac25d1e3a248ba1be7404ccf9581f1a78704d8a0e292c792ed971a596325c72?s=96&d=mm&r=g","caption":"Jean"}}]}},"_links":{"self":[{"href":"https:\/\/www.plus-que-pro-distribution.fr\/api\/wp\/v2\/posts\/8203","targetHints":{"allow":["GET"]}}],"collection":[{"href":"https:\/\/www.plus-que-pro-distribution.fr\/api\/wp\/v2\/posts"}],"about":[{"href":"https:\/\/www.plus-que-pro-distribution.fr\/api\/wp\/v2\/types\/post"}],"author":[{"embeddable":true,"href":"https:\/\/www.plus-que-pro-distribution.fr\/api\/wp\/v2\/users\/4"}],"replies":[{"embeddable":true,"href":"https:\/\/www.plus-que-pro-distribution.fr\/api\/wp\/v2\/comments?post=8203"}],"version-history":[{"count":2,"href":"https:\/\/www.plus-que-pro-distribution.fr\/api\/wp\/v2\/posts\/8203\/revisions"}],"predecessor-version":[{"id":18312,"href":"https:\/\/www.plus-que-pro-distribution.fr\/api\/wp\/v2\/posts\/8203\/revisions\/18312"}],"wp:featuredmedia":[{"embeddable":true,"href":"https:\/\/www.plus-que-pro-distribution.fr\/api\/wp\/v2\/media\/8204"}],"wp:attachment":[{"href":"https:\/\/www.plus-que-pro-distribution.fr\/api\/wp\/v2\/media?parent=8203"}],"wp:term":[{"taxonomy":"category","embeddable":true,"href":"https:\/\/www.plus-que-pro-distribution.fr\/api\/wp\/v2\/categories?post=8203"},{"taxonomy":"post_tag","embeddable":true,"href":"https:\/\/www.plus-que-pro-distribution.fr\/api\/wp\/v2\/tags?post=8203"}],"curies":[{"name":"wp","href":"https:\/\/api.w.org\/{rel}","templated":true}]}}