{"id":8125,"date":"2019-11-26T08:13:21","date_gmt":"2019-11-26T08:13:21","guid":{"rendered":"https:\/\/www.network-plus-que-pro.fr\/?p=8125"},"modified":"2025-01-15T12:04:12","modified_gmt":"2025-01-15T11:04:12","slug":"le-site-fusacq-revient-sur-le-rachat-de-franchise-magazine-par-plus-que-pro","status":"publish","type":"post","link":"https:\/\/www.plus-que-pro-distribution.fr\/le-site-fusacq-revient-sur-le-rachat-de-franchise-magazine-par-plus-que-pro\/","title":{"rendered":"Le site Fusacq revient sur le rachat de Franchise Magazine par Plus que pro"},"content":{"rendered":"<p class=\"[&amp;_a]:underline [&amp;_a]:underline-offset-2 [&amp;_a]:text-secondary-500 [&amp;_a:focus-visible]:outline-none [&amp;_a:focus]:outline-none [&amp;_a:focus-visible]:ring-2 [&amp;_a:focus-visible]:ring-offset-2 [&amp;_a:focus-visible]:ring-secondary-500 [&amp;_a:focus-visible]:rounded-full [&amp;_+_*]:mt-xs [*_+_&amp;]:mt-xs [&amp;_+_.wp-block-group]:mt-m [&amp;_+_.wp-block-group]:md:mt-l [&amp;.text-caption_+_*]:!mt-xs [&amp;.text-caption_+_*]:md:!mt-xs aligndefault max-w-default mx-auto \" >Fusacq, le m\u00e9dia de l\u2019actualit\u00e9 collaborative des fusions-acquisitions, s\u2019est fait l\u2019\u00e9cho du <strong>rachat de Franchise Magazine par le groupe Plus que pro<\/strong>. Ce dernier d\u00e9tient d\u00e9j\u00e0 AC Franchise, annuaire de r\u00e9seaux et L\u2019Indicateur de la Franchise, organisme d\u2019audit de satisfaction de franchis\u00e9s.<br>\n<strong>De quoi alimenter les besoins en informations des candidats \u00e0 la franchise en qu\u00eate de garanties pour r\u00e9aliser leur investissement<\/strong> et les franchiseurs en partenaires fiables.<\/p>\n\n<figure class=\"block m-0  text-center\" ><a href=\"https:\/\/www.fusacq.com\/buzz\/plus-que-pro-rachete-franchise-magazine-a189394_fr_\" target=\"_blank\" rel=\"noopener noreferrer\" class=\"focus-visible:outline-none focus:outline-none focus-visible:ring-2 focus-visible:ring-offset-2 focus-visible:ring-secondary-500 rounded-full\" ><img decoding=\"async\" src=\"https:\/\/www.plus-que-pro-distribution.fr\/uploads\/plus-que-pro-rachete-franchise-mag-fusacq.png\" alt=\"Article Fusacq concernant le rachat de Franchise Magazine\" class=\"inline-block rounded-tr-media rounded-tl-media rounded-bl-media rounded-br-media \" ><\/a><\/figure>\n\n<p class=\"[&amp;_a]:underline [&amp;_a]:underline-offset-2 [&amp;_a]:text-secondary-500 [&amp;_a:focus-visible]:outline-none [&amp;_a:focus]:outline-none [&amp;_a:focus-visible]:ring-2 [&amp;_a:focus-visible]:ring-offset-2 [&amp;_a:focus-visible]:ring-secondary-500 [&amp;_a:focus-visible]:rounded-full [&amp;_+_*]:mt-xs [*_+_&amp;]:mt-xs [&amp;_+_.wp-block-group]:mt-m [&amp;_+_.wp-block-group]:md:mt-l [&amp;.text-caption_+_*]:!mt-xs [&amp;.text-caption_+_*]:md:!mt-xs aligndefault max-w-default mx-auto \" ><\/p>","protected":false},"excerpt":{"rendered":"<p>Fusacq, le m\u00e9dia de l\u2019actualit\u00e9 collaborative des fusions-acquisitions, s\u2019est fait l\u2019\u00e9cho du rachat de Franchise Magazine par le groupe Plus que pro. Ce dernier d\u00e9tient d\u00e9j\u00e0 AC Franchise, annuaire de r\u00e9seaux et L\u2019Indicateur de la Franchise, organisme d\u2019audit de satisfaction de franchis\u00e9s.<br \/>\n De quoi alimenter les besoins en informations des candidats \u00e0 la franchise en qu\u00eate de garanties pour r\u00e9aliser leur investissement et les franchiseurs en partenaires fiables.<\/p>\n","protected":false},"author":4,"featured_media":8127,"comment_status":"open","ping_status":"open","sticky":false,"template":"","format":"standard","meta":{"footnotes":""},"categories":[6],"tags":[],"class_list":["post-8125","post","type-post","status-publish","format-standard","has-post-thumbnail","hentry","category-nos-actualites"],"yoast_head":"<title>Le site Fusacq revient sur le rachat de Franchise Magazine<\/title>\n<meta name=\"description\" content=\"Fusacq, le m\u00e9dia de l\u2019actualit\u00e9 collaborative des fusions-acquisitions, s\u2019est fait l\u2019\u00e9cho du rachat de Franchise Magazine par le groupe Plus que pro\" \/>\n<meta name=\"robots\" content=\"index, follow, max-snippet:-1, max-image-preview:large, max-video-preview:-1\" \/>\n<link rel=\"canonical\" href=\"https:\/\/www.plus-que-pro-distribution.fr\/le-site-fusacq-revient-sur-le-rachat-de-franchise-magazine-par-plus-que-pro\/\" \/>\n<meta property=\"og:locale\" content=\"fr_FR\" \/>\n<meta property=\"og:type\" content=\"article\" \/>\n<meta property=\"og:title\" content=\"Le site Fusacq revient sur le rachat de Franchise Magazine\" \/>\n<meta property=\"og:description\" content=\"Fusacq, le m\u00e9dia de l\u2019actualit\u00e9 collaborative des fusions-acquisitions, s\u2019est fait l\u2019\u00e9cho du rachat de Franchise Magazine par le groupe Plus que pro\" \/>\n<meta property=\"og:url\" content=\"https:\/\/www.plus-que-pro-distribution.fr\/le-site-fusacq-revient-sur-le-rachat-de-franchise-magazine-par-plus-que-pro\/\" \/>\n<meta property=\"og:site_name\" content=\"Plus que pro - Distribution\" \/>\n<meta property=\"article:publisher\" content=\"https:\/\/www.facebook.com\/Plusquepro\/\" \/>\n<meta property=\"article:published_time\" content=\"2019-11-26T08:13:21+00:00\" \/>\n<meta property=\"article:modified_time\" content=\"2025-01-15T11:04:12+00:00\" \/>\n<meta property=\"og:image\" content=\"https:\/\/www.plus-que-pro-distribution.fr\/uploads\/Logo-Fusacq.jpg\" \/>\n\t<meta property=\"og:image:width\" content=\"500\" \/>\n\t<meta property=\"og:image:height\" content=\"300\" \/>\n\t<meta property=\"og:image:type\" content=\"image\/jpeg\" \/>\n<meta name=\"author\" content=\"Jean\" \/>\n<meta name=\"twitter:card\" content=\"summary_large_image\" \/>\n<meta name=\"twitter:label1\" content=\"Written by\" \/>\n\t<meta name=\"twitter:data1\" content=\"Jean\" \/>\n\t<meta name=\"twitter:label2\" content=\"Est. reading time\" \/>\n\t<meta name=\"twitter:data2\" content=\"1 minute\" \/>\n<script type=\"application\/ld+json\" class=\"yoast-schema-graph\">{\"@context\":\"https:\/\/schema.org\",\"@graph\":[{\"@type\":\"Article\",\"@id\":\"https:\/\/www.plus-que-pro-distribution.fr\/le-site-fusacq-revient-sur-le-rachat-de-franchise-magazine-par-plus-que-pro\/#article\",\"isPartOf\":{\"@id\":\"https:\/\/www.plus-que-pro-distribution.fr\/le-site-fusacq-revient-sur-le-rachat-de-franchise-magazine-par-plus-que-pro\/\"},\"author\":{\"name\":\"Jean\",\"@id\":\"https:\/\/www.plus-que-pro-distribution.fr\/#\/schema\/person\/751af92e7c43e3eeb98f4f63875e4ceb\"},\"headline\":\"Le site Fusacq revient sur le rachat de Franchise Magazine par Plus que pro\",\"datePublished\":\"2019-11-26T08:13:21+00:00\",\"dateModified\":\"2025-01-15T11:04:12+00:00\",\"mainEntityOfPage\":{\"@id\":\"https:\/\/www.plus-que-pro-distribution.fr\/le-site-fusacq-revient-sur-le-rachat-de-franchise-magazine-par-plus-que-pro\/\"},\"wordCount\":93,\"commentCount\":0,\"publisher\":{\"@id\":\"https:\/\/www.plus-que-pro-distribution.fr\/#organization\"},\"image\":{\"@id\":\"https:\/\/www.plus-que-pro-distribution.fr\/le-site-fusacq-revient-sur-le-rachat-de-franchise-magazine-par-plus-que-pro\/#primaryimage\"},\"thumbnailUrl\":\"https:\/\/www.plus-que-pro-distribution.fr\/uploads\/Logo-Fusacq.jpg\",\"articleSection\":[\"Nos actualit\u00e9s\"],\"inLanguage\":\"fr-FR\",\"potentialAction\":[{\"@type\":\"CommentAction\",\"name\":\"Comment\",\"target\":[\"https:\/\/www.plus-que-pro-distribution.fr\/le-site-fusacq-revient-sur-le-rachat-de-franchise-magazine-par-plus-que-pro\/#respond\"]}]},{\"@type\":\"WebPage\",\"@id\":\"https:\/\/www.plus-que-pro-distribution.fr\/le-site-fusacq-revient-sur-le-rachat-de-franchise-magazine-par-plus-que-pro\/\",\"url\":\"https:\/\/www.plus-que-pro-distribution.fr\/le-site-fusacq-revient-sur-le-rachat-de-franchise-magazine-par-plus-que-pro\/\",\"name\":\"Le site Fusacq revient sur le rachat de Franchise Magazine\",\"isPartOf\":{\"@id\":\"https:\/\/www.plus-que-pro-distribution.fr\/#website\"},\"primaryImageOfPage\":{\"@id\":\"https:\/\/www.plus-que-pro-distribution.fr\/le-site-fusacq-revient-sur-le-rachat-de-franchise-magazine-par-plus-que-pro\/#primaryimage\"},\"image\":{\"@id\":\"https:\/\/www.plus-que-pro-distribution.fr\/le-site-fusacq-revient-sur-le-rachat-de-franchise-magazine-par-plus-que-pro\/#primaryimage\"},\"thumbnailUrl\":\"https:\/\/www.plus-que-pro-distribution.fr\/uploads\/Logo-Fusacq.jpg\",\"datePublished\":\"2019-11-26T08:13:21+00:00\",\"dateModified\":\"2025-01-15T11:04:12+00:00\",\"description\":\"Fusacq, le m\u00e9dia de l\u2019actualit\u00e9 collaborative des fusions-acquisitions, s\u2019est fait l\u2019\u00e9cho du rachat de Franchise Magazine par le groupe Plus que pro\",\"breadcrumb\":{\"@id\":\"https:\/\/www.plus-que-pro-distribution.fr\/le-site-fusacq-revient-sur-le-rachat-de-franchise-magazine-par-plus-que-pro\/#breadcrumb\"},\"inLanguage\":\"fr-FR\",\"potentialAction\":[{\"@type\":\"ReadAction\",\"target\":[\"https:\/\/www.plus-que-pro-distribution.fr\/le-site-fusacq-revient-sur-le-rachat-de-franchise-magazine-par-plus-que-pro\/\"]}]},{\"@type\":\"ImageObject\",\"inLanguage\":\"fr-FR\",\"@id\":\"https:\/\/www.plus-que-pro-distribution.fr\/le-site-fusacq-revient-sur-le-rachat-de-franchise-magazine-par-plus-que-pro\/#primaryimage\",\"url\":\"https:\/\/www.plus-que-pro-distribution.fr\/uploads\/Logo-Fusacq.jpg\",\"contentUrl\":\"https:\/\/www.plus-que-pro-distribution.fr\/uploads\/Logo-Fusacq.jpg\",\"width\":500,\"height\":300,\"caption\":\"Logo Fusacq\"},{\"@type\":\"BreadcrumbList\",\"@id\":\"https:\/\/www.plus-que-pro-distribution.fr\/le-site-fusacq-revient-sur-le-rachat-de-franchise-magazine-par-plus-que-pro\/#breadcrumb\",\"itemListElement\":[{\"@type\":\"ListItem\",\"position\":1,\"name\":\"Home\",\"item\":\"https:\/\/www.plus-que-pro-distribution.fr\/\"},{\"@type\":\"ListItem\",\"position\":2,\"name\":\"Le site Fusacq revient sur le rachat de Franchise Magazine par Plus que pro\"}]},{\"@type\":\"WebSite\",\"@id\":\"https:\/\/www.plus-que-pro-distribution.fr\/#website\",\"url\":\"https:\/\/www.plus-que-pro-distribution.fr\/\",\"name\":\"Plus que pro distribution\",\"description\":\"\",\"publisher\":{\"@id\":\"https:\/\/www.plus-que-pro-distribution.fr\/#organization\"},\"potentialAction\":[{\"@type\":\"SearchAction\",\"target\":{\"@type\":\"EntryPoint\",\"urlTemplate\":\"https:\/\/www.plus-que-pro-distribution.fr\/?s={search_term_string}\"},\"query-input\":{\"@type\":\"PropertyValueSpecification\",\"valueRequired\":true,\"valueName\":\"search_term_string\"}}],\"inLanguage\":\"fr-FR\"},{\"@type\":\"Organization\",\"@id\":\"https:\/\/www.plus-que-pro-distribution.fr\/#organization\",\"name\":\"Plus que pro distribution\",\"url\":\"https:\/\/www.plus-que-pro-distribution.fr\/\",\"logo\":{\"@type\":\"ImageObject\",\"inLanguage\":\"fr-FR\",\"@id\":\"https:\/\/www.plus-que-pro-distribution.fr\/#\/schema\/logo\/image\/\",\"url\":\"https:\/\/www.plus-que-pro-distribution.fr\/uploads\/logo-pqp-distribution.svg\",\"contentUrl\":\"https:\/\/www.plus-que-pro-distribution.fr\/uploads\/logo-pqp-distribution.svg\",\"width\":144,\"height\":34,\"caption\":\"Plus que pro distribution\"},\"image\":{\"@id\":\"https:\/\/www.plus-que-pro-distribution.fr\/#\/schema\/logo\/image\/\"},\"sameAs\":[\"https:\/\/www.facebook.com\/Plusquepro\/\"]},{\"@type\":\"Person\",\"@id\":\"https:\/\/www.plus-que-pro-distribution.fr\/#\/schema\/person\/751af92e7c43e3eeb98f4f63875e4ceb\",\"name\":\"Jean\",\"image\":{\"@type\":\"ImageObject\",\"inLanguage\":\"fr-FR\",\"@id\":\"https:\/\/www.plus-que-pro-distribution.fr\/#\/schema\/person\/image\/\",\"url\":\"https:\/\/secure.gravatar.com\/avatar\/aac25d1e3a248ba1be7404ccf9581f1a78704d8a0e292c792ed971a596325c72?s=96&d=mm&r=g\",\"contentUrl\":\"https:\/\/secure.gravatar.com\/avatar\/aac25d1e3a248ba1be7404ccf9581f1a78704d8a0e292c792ed971a596325c72?s=96&d=mm&r=g\",\"caption\":\"Jean\"}}]}<\/script>","yoast_head_json":{"title":"Le site Fusacq revient sur le rachat de Franchise Magazine","description":"Fusacq, le m\u00e9dia de l\u2019actualit\u00e9 collaborative des fusions-acquisitions, s\u2019est fait l\u2019\u00e9cho du rachat de Franchise Magazine par le groupe Plus que pro","robots":{"index":"index","follow":"follow","max-snippet":"max-snippet:-1","max-image-preview":"max-image-preview:large","max-video-preview":"max-video-preview:-1"},"canonical":"https:\/\/www.plus-que-pro-distribution.fr\/le-site-fusacq-revient-sur-le-rachat-de-franchise-magazine-par-plus-que-pro\/","og_locale":"fr_FR","og_type":"article","og_title":"Le site Fusacq revient sur le rachat de Franchise Magazine","og_description":"Fusacq, le m\u00e9dia de l\u2019actualit\u00e9 collaborative des fusions-acquisitions, s\u2019est fait l\u2019\u00e9cho du rachat de Franchise Magazine par le groupe Plus que pro","og_url":"https:\/\/www.plus-que-pro-distribution.fr\/le-site-fusacq-revient-sur-le-rachat-de-franchise-magazine-par-plus-que-pro\/","og_site_name":"Plus que pro - Distribution","article_publisher":"https:\/\/www.facebook.com\/Plusquepro\/","article_published_time":"2019-11-26T08:13:21+00:00","article_modified_time":"2025-01-15T11:04:12+00:00","og_image":[{"width":500,"height":300,"url":"https:\/\/www.plus-que-pro-distribution.fr\/uploads\/Logo-Fusacq.jpg","type":"image\/jpeg"}],"author":"Jean","twitter_card":"summary_large_image","twitter_misc":{"Written by":"Jean","Est. reading time":"1 minute"},"schema":{"@context":"https:\/\/schema.org","@graph":[{"@type":"Article","@id":"https:\/\/www.plus-que-pro-distribution.fr\/le-site-fusacq-revient-sur-le-rachat-de-franchise-magazine-par-plus-que-pro\/#article","isPartOf":{"@id":"https:\/\/www.plus-que-pro-distribution.fr\/le-site-fusacq-revient-sur-le-rachat-de-franchise-magazine-par-plus-que-pro\/"},"author":{"name":"Jean","@id":"https:\/\/www.plus-que-pro-distribution.fr\/#\/schema\/person\/751af92e7c43e3eeb98f4f63875e4ceb"},"headline":"Le site Fusacq revient sur le rachat de Franchise Magazine par Plus que pro","datePublished":"2019-11-26T08:13:21+00:00","dateModified":"2025-01-15T11:04:12+00:00","mainEntityOfPage":{"@id":"https:\/\/www.plus-que-pro-distribution.fr\/le-site-fusacq-revient-sur-le-rachat-de-franchise-magazine-par-plus-que-pro\/"},"wordCount":93,"commentCount":0,"publisher":{"@id":"https:\/\/www.plus-que-pro-distribution.fr\/#organization"},"image":{"@id":"https:\/\/www.plus-que-pro-distribution.fr\/le-site-fusacq-revient-sur-le-rachat-de-franchise-magazine-par-plus-que-pro\/#primaryimage"},"thumbnailUrl":"https:\/\/www.plus-que-pro-distribution.fr\/uploads\/Logo-Fusacq.jpg","articleSection":["Nos actualit\u00e9s"],"inLanguage":"fr-FR","potentialAction":[{"@type":"CommentAction","name":"Comment","target":["https:\/\/www.plus-que-pro-distribution.fr\/le-site-fusacq-revient-sur-le-rachat-de-franchise-magazine-par-plus-que-pro\/#respond"]}]},{"@type":"WebPage","@id":"https:\/\/www.plus-que-pro-distribution.fr\/le-site-fusacq-revient-sur-le-rachat-de-franchise-magazine-par-plus-que-pro\/","url":"https:\/\/www.plus-que-pro-distribution.fr\/le-site-fusacq-revient-sur-le-rachat-de-franchise-magazine-par-plus-que-pro\/","name":"Le site Fusacq revient sur le rachat de Franchise Magazine","isPartOf":{"@id":"https:\/\/www.plus-que-pro-distribution.fr\/#website"},"primaryImageOfPage":{"@id":"https:\/\/www.plus-que-pro-distribution.fr\/le-site-fusacq-revient-sur-le-rachat-de-franchise-magazine-par-plus-que-pro\/#primaryimage"},"image":{"@id":"https:\/\/www.plus-que-pro-distribution.fr\/le-site-fusacq-revient-sur-le-rachat-de-franchise-magazine-par-plus-que-pro\/#primaryimage"},"thumbnailUrl":"https:\/\/www.plus-que-pro-distribution.fr\/uploads\/Logo-Fusacq.jpg","datePublished":"2019-11-26T08:13:21+00:00","dateModified":"2025-01-15T11:04:12+00:00","description":"Fusacq, le m\u00e9dia de l\u2019actualit\u00e9 collaborative des fusions-acquisitions, s\u2019est fait l\u2019\u00e9cho du rachat de Franchise Magazine par le groupe Plus que pro","breadcrumb":{"@id":"https:\/\/www.plus-que-pro-distribution.fr\/le-site-fusacq-revient-sur-le-rachat-de-franchise-magazine-par-plus-que-pro\/#breadcrumb"},"inLanguage":"fr-FR","potentialAction":[{"@type":"ReadAction","target":["https:\/\/www.plus-que-pro-distribution.fr\/le-site-fusacq-revient-sur-le-rachat-de-franchise-magazine-par-plus-que-pro\/"]}]},{"@type":"ImageObject","inLanguage":"fr-FR","@id":"https:\/\/www.plus-que-pro-distribution.fr\/le-site-fusacq-revient-sur-le-rachat-de-franchise-magazine-par-plus-que-pro\/#primaryimage","url":"https:\/\/www.plus-que-pro-distribution.fr\/uploads\/Logo-Fusacq.jpg","contentUrl":"https:\/\/www.plus-que-pro-distribution.fr\/uploads\/Logo-Fusacq.jpg","width":500,"height":300,"caption":"Logo Fusacq"},{"@type":"BreadcrumbList","@id":"https:\/\/www.plus-que-pro-distribution.fr\/le-site-fusacq-revient-sur-le-rachat-de-franchise-magazine-par-plus-que-pro\/#breadcrumb","itemListElement":[{"@type":"ListItem","position":1,"name":"Home","item":"https:\/\/www.plus-que-pro-distribution.fr\/"},{"@type":"ListItem","position":2,"name":"Le site Fusacq revient sur le rachat de Franchise Magazine par Plus que pro"}]},{"@type":"WebSite","@id":"https:\/\/www.plus-que-pro-distribution.fr\/#website","url":"https:\/\/www.plus-que-pro-distribution.fr\/","name":"Plus que pro distribution","description":"","publisher":{"@id":"https:\/\/www.plus-que-pro-distribution.fr\/#organization"},"potentialAction":[{"@type":"SearchAction","target":{"@type":"EntryPoint","urlTemplate":"https:\/\/www.plus-que-pro-distribution.fr\/?s={search_term_string}"},"query-input":{"@type":"PropertyValueSpecification","valueRequired":true,"valueName":"search_term_string"}}],"inLanguage":"fr-FR"},{"@type":"Organization","@id":"https:\/\/www.plus-que-pro-distribution.fr\/#organization","name":"Plus que pro distribution","url":"https:\/\/www.plus-que-pro-distribution.fr\/","logo":{"@type":"ImageObject","inLanguage":"fr-FR","@id":"https:\/\/www.plus-que-pro-distribution.fr\/#\/schema\/logo\/image\/","url":"https:\/\/www.plus-que-pro-distribution.fr\/uploads\/logo-pqp-distribution.svg","contentUrl":"https:\/\/www.plus-que-pro-distribution.fr\/uploads\/logo-pqp-distribution.svg","width":144,"height":34,"caption":"Plus que pro distribution"},"image":{"@id":"https:\/\/www.plus-que-pro-distribution.fr\/#\/schema\/logo\/image\/"},"sameAs":["https:\/\/www.facebook.com\/Plusquepro\/"]},{"@type":"Person","@id":"https:\/\/www.plus-que-pro-distribution.fr\/#\/schema\/person\/751af92e7c43e3eeb98f4f63875e4ceb","name":"Jean","image":{"@type":"ImageObject","inLanguage":"fr-FR","@id":"https:\/\/www.plus-que-pro-distribution.fr\/#\/schema\/person\/image\/","url":"https:\/\/secure.gravatar.com\/avatar\/aac25d1e3a248ba1be7404ccf9581f1a78704d8a0e292c792ed971a596325c72?s=96&d=mm&r=g","contentUrl":"https:\/\/secure.gravatar.com\/avatar\/aac25d1e3a248ba1be7404ccf9581f1a78704d8a0e292c792ed971a596325c72?s=96&d=mm&r=g","caption":"Jean"}}]}},"_links":{"self":[{"href":"https:\/\/www.plus-que-pro-distribution.fr\/api\/wp\/v2\/posts\/8125","targetHints":{"allow":["GET"]}}],"collection":[{"href":"https:\/\/www.plus-que-pro-distribution.fr\/api\/wp\/v2\/posts"}],"about":[{"href":"https:\/\/www.plus-que-pro-distribution.fr\/api\/wp\/v2\/types\/post"}],"author":[{"embeddable":true,"href":"https:\/\/www.plus-que-pro-distribution.fr\/api\/wp\/v2\/users\/4"}],"replies":[{"embeddable":true,"href":"https:\/\/www.plus-que-pro-distribution.fr\/api\/wp\/v2\/comments?post=8125"}],"version-history":[{"count":2,"href":"https:\/\/www.plus-que-pro-distribution.fr\/api\/wp\/v2\/posts\/8125\/revisions"}],"predecessor-version":[{"id":17265,"href":"https:\/\/www.plus-que-pro-distribution.fr\/api\/wp\/v2\/posts\/8125\/revisions\/17265"}],"wp:featuredmedia":[{"embeddable":true,"href":"https:\/\/www.plus-que-pro-distribution.fr\/api\/wp\/v2\/media\/8127"}],"wp:attachment":[{"href":"https:\/\/www.plus-que-pro-distribution.fr\/api\/wp\/v2\/media?parent=8125"}],"wp:term":[{"taxonomy":"category","embeddable":true,"href":"https:\/\/www.plus-que-pro-distribution.fr\/api\/wp\/v2\/categories?post=8125"},{"taxonomy":"post_tag","embeddable":true,"href":"https:\/\/www.plus-que-pro-distribution.fr\/api\/wp\/v2\/tags?post=8125"}],"curies":[{"name":"wp","href":"https:\/\/api.w.org\/{rel}","templated":true}]}}