{"id":7921,"date":"2019-09-27T13:38:19","date_gmt":"2019-09-27T13:38:19","guid":{"rendered":"https:\/\/www.network-plus-que-pro.fr\/?p=7921"},"modified":"2025-02-17T17:23:58","modified_gmt":"2025-02-17T16:23:58","slug":"les-dna-mettent-la-lumiere-sur-le-vernissage-solidaire-pour-venir-en-aide-au-petit-camille","status":"publish","type":"post","link":"https:\/\/www.plus-que-pro-distribution.fr\/les-dna-mettent-la-lumiere-sur-le-vernissage-solidaire-pour-venir-en-aide-au-petit-camille\/","title":{"rendered":"Les DNA mettent la lumi\u00e8re sur le vernissage solidaire pour venir en aide au petit Camille"},"content":{"rendered":"<p class=\"[&amp;_a]:underline [&amp;_a]:underline-offset-2 [&amp;_a]:text-secondary-500 [&amp;_a:focus-visible]:outline-none [&amp;_a:focus]:outline-none [&amp;_a:focus-visible]:ring-2 [&amp;_a:focus-visible]:ring-offset-2 [&amp;_a:focus-visible]:ring-secondary-500 [&amp;_a:focus-visible]:rounded-full [&amp;_+_*]:mt-xs [*_+_&amp;]:mt-xs [&amp;_+_.wp-block-group]:mt-m [&amp;_+_.wp-block-group]:md:mt-l [&amp;.text-caption_+_*]:!mt-xs [&amp;.text-caption_+_*]:md:!mt-xs aligndefault max-w-default mx-auto \" >Les DNA ont consacr\u00e9 un papier au <a href=\"https:\/\/www.plus-que-pro-solution.fr\/un-vernissage-comme-forme-de-soutien\/\">vernissage solidaire<\/a> qui a \u00e9t\u00e9 organis\u00e9 au restaurant Le Confidentiel il y a peu.<\/p>\n\n<figure class=\"block m-0\" ><img decoding=\"async\" src=\"https:\/\/www.plus-que-pro-distribution.fr\/uploads\/plus-que-pro-vernissage-solidaire-1024x569.jpg\" alt=\"Les DNA relatent le vernissage solidaire organis\u00e9 par Plus que pro\" class=\"inline-block rounded-tr-media rounded-tl-media rounded-bl-media rounded-br-media \" ><\/figure>\n\n<p class=\"[&amp;_a]:underline [&amp;_a]:underline-offset-2 [&amp;_a]:text-secondary-500 [&amp;_a:focus-visible]:outline-none [&amp;_a:focus]:outline-none [&amp;_a:focus-visible]:ring-2 [&amp;_a:focus-visible]:ring-offset-2 [&amp;_a:focus-visible]:ring-secondary-500 [&amp;_a:focus-visible]:rounded-full [&amp;_+_*]:mt-xs [*_+_&amp;]:mt-xs [&amp;_+_.wp-block-group]:mt-m [&amp;_+_.wp-block-group]:md:mt-l [&amp;.text-caption_+_*]:!mt-xs [&amp;.text-caption_+_*]:md:!mt-xs aligndefault max-w-default mx-auto \" ><\/p>\n\n<p class=\"[&amp;_a]:underline [&amp;_a]:underline-offset-2 [&amp;_a]:text-secondary-500 [&amp;_a:focus-visible]:outline-none [&amp;_a:focus]:outline-none [&amp;_a:focus-visible]:ring-2 [&amp;_a:focus-visible]:ring-offset-2 [&amp;_a:focus-visible]:ring-secondary-500 [&amp;_a:focus-visible]:rounded-full [&amp;_+_*]:mt-xs [*_+_&amp;]:mt-xs [&amp;_+_.wp-block-group]:mt-m [&amp;_+_.wp-block-group]:md:mt-l [&amp;.text-caption_+_*]:!mt-xs [&amp;.text-caption_+_*]:md:!mt-xs aligndefault max-w-default mx-auto \" >Les toiles de l\u2019artiste Mr. Oreke ont ainsi \u00e9t\u00e9 mises en vente pour permettre de financer les travaux mis en \u0153uvre par les adh\u00e9rents du r\u00e9seau Plus que pro afin d\u2019<a href=\"https:\/\/www.plus-que-pro-distribution.fr\/plus-que-pro-soutient-lassociation-ela\/\">am\u00e9nager la maison des parents de Camille<\/a>, 7 ans, atteint de leucodystrophie.<br> 900 \u20ac ont pu \u00eatre collect\u00e9s lors de l\u2019\u00e9v\u00e9nement.<\/p>\n\n<p class=\"[&amp;_a]:underline [&amp;_a]:underline-offset-2 [&amp;_a]:text-secondary-500 [&amp;_a:focus-visible]:outline-none [&amp;_a:focus]:outline-none [&amp;_a:focus-visible]:ring-2 [&amp;_a:focus-visible]:ring-offset-2 [&amp;_a:focus-visible]:ring-secondary-500 [&amp;_a:focus-visible]:rounded-full [&amp;_+_*]:mt-xs [*_+_&amp;]:mt-xs [&amp;_+_.wp-block-group]:mt-m [&amp;_+_.wp-block-group]:md:mt-l [&amp;.text-caption_+_*]:!mt-xs [&amp;.text-caption_+_*]:md:!mt-xs aligndefault max-w-default mx-auto \" >Cliquez sur l&rsquo;image ci-dessous pour d\u00e9couvrir l&rsquo;article.<\/p>\n\n<figure class=\"block m-0\" ><a href=\"https:\/\/www.plus-que-pro-distribution.fr\/uploads\/Secteur-de-Strasbourg-Nord-_-Des-oeuvres-dart-vendues-pour-aider-Camille-un-enfant-atteint-de-leucodystrophie-26-09-19.pdf\" target=\"_blank\" rel=\"noopener noreferrer\" class=\"focus-visible:outline-none focus:outline-none focus-visible:ring-2 focus-visible:ring-offset-2 focus-visible:ring-secondary-500 rounded-full\" ><img decoding=\"async\" src=\"https:\/\/www.plus-que-pro-distribution.fr\/uploads\/Secteur-de-Strasbourg-Nord-_-Des-oeuvres-dart-vendues-pour-aider-Camille-un-enfant-atteint-de-leucodystrophie-dna-987x1024.jpg\" alt=\"Article DNA sur le vernissage solidaire\" class=\"inline-block rounded-tr-media rounded-tl-media rounded-bl-media rounded-br-media \" ><\/a><\/figure>\n\n<p class=\"[&amp;_a]:underline [&amp;_a]:underline-offset-2 [&amp;_a]:text-secondary-500 [&amp;_a:focus-visible]:outline-none [&amp;_a:focus]:outline-none [&amp;_a:focus-visible]:ring-2 [&amp;_a:focus-visible]:ring-offset-2 [&amp;_a:focus-visible]:ring-secondary-500 [&amp;_a:focus-visible]:rounded-full [&amp;_+_*]:mt-xs [*_+_&amp;]:mt-xs [&amp;_+_.wp-block-group]:mt-m [&amp;_+_.wp-block-group]:md:mt-l [&amp;.text-caption_+_*]:!mt-xs [&amp;.text-caption_+_*]:md:!mt-xs aligndefault max-w-default mx-auto \" ><\/p>","protected":false},"excerpt":{"rendered":"<p>Les DNA ont consacr\u00e9 un papier au vernissage solidaire qui a \u00e9t\u00e9 organis\u00e9 au restaurant Le Confidentiel il y a peu. Les toiles de l\u2019artiste Mr. Oreke ont ainsi \u00e9t\u00e9 mises en vente pour permettre de financer les travaux mis en \u0153uvre par les adh\u00e9rents du r\u00e9seau Plus que pro afin d\u2019am\u00e9nager la maison des [&hellip;]<\/p>\n","protected":false},"author":4,"featured_media":7922,"comment_status":"open","ping_status":"open","sticky":false,"template":"","format":"standard","meta":{"footnotes":""},"categories":[6],"tags":[],"class_list":["post-7921","post","type-post","status-publish","format-standard","has-post-thumbnail","hentry","category-nos-actualites"],"yoast_head":"<title>Les DNA consacre un papier au vernissage solidaire pour le petit Camille<\/title>\n<meta name=\"description\" content=\"Les DNA ont consacr\u00e9 un papier au vernissage solidaire qui a \u00e9t\u00e9 organis\u00e9 au restaurant Le Confidentiel par Plus que pro au profit de Camille, 7 ans.\" \/>\n<meta name=\"robots\" content=\"index, follow, max-snippet:-1, max-image-preview:large, max-video-preview:-1\" \/>\n<link rel=\"canonical\" href=\"https:\/\/www.plus-que-pro-distribution.fr\/les-dna-mettent-la-lumiere-sur-le-vernissage-solidaire-pour-venir-en-aide-au-petit-camille\/\" \/>\n<meta property=\"og:locale\" content=\"fr_FR\" \/>\n<meta property=\"og:type\" content=\"article\" \/>\n<meta property=\"og:title\" content=\"Les DNA consacre un papier au vernissage solidaire pour le petit Camille\" \/>\n<meta property=\"og:description\" content=\"Les DNA ont consacr\u00e9 un papier au vernissage solidaire qui a \u00e9t\u00e9 organis\u00e9 au restaurant Le Confidentiel par Plus que pro au profit de Camille, 7 ans.\" \/>\n<meta property=\"og:url\" content=\"https:\/\/www.plus-que-pro-distribution.fr\/les-dna-mettent-la-lumiere-sur-le-vernissage-solidaire-pour-venir-en-aide-au-petit-camille\/\" \/>\n<meta property=\"og:site_name\" content=\"Plus que pro - Distribution\" \/>\n<meta property=\"article:publisher\" content=\"https:\/\/www.facebook.com\/Plusquepro\/\" \/>\n<meta property=\"article:published_time\" content=\"2019-09-27T13:38:19+00:00\" \/>\n<meta property=\"article:modified_time\" content=\"2025-02-17T16:23:58+00:00\" \/>\n<meta property=\"og:image\" content=\"https:\/\/www.plus-que-pro-distribution.fr\/uploads\/plus-que-pro-vernissage-solidaire.jpg\" \/>\n\t<meta property=\"og:image:width\" content=\"1080\" \/>\n\t<meta property=\"og:image:height\" content=\"600\" \/>\n\t<meta property=\"og:image:type\" content=\"image\/jpeg\" \/>\n<meta name=\"author\" content=\"Jean\" \/>\n<meta name=\"twitter:card\" content=\"summary_large_image\" \/>\n<meta name=\"twitter:label1\" content=\"Written by\" \/>\n\t<meta name=\"twitter:data1\" content=\"Jean\" \/>\n\t<meta name=\"twitter:label2\" content=\"Est. reading time\" \/>\n\t<meta name=\"twitter:data2\" content=\"2 minutes\" \/>\n<script type=\"application\/ld+json\" class=\"yoast-schema-graph\">{\"@context\":\"https:\/\/schema.org\",\"@graph\":[{\"@type\":\"Article\",\"@id\":\"https:\/\/www.plus-que-pro-distribution.fr\/les-dna-mettent-la-lumiere-sur-le-vernissage-solidaire-pour-venir-en-aide-au-petit-camille\/#article\",\"isPartOf\":{\"@id\":\"https:\/\/www.plus-que-pro-distribution.fr\/les-dna-mettent-la-lumiere-sur-le-vernissage-solidaire-pour-venir-en-aide-au-petit-camille\/\"},\"author\":{\"name\":\"Jean\",\"@id\":\"https:\/\/www.plus-que-pro-distribution.fr\/#\/schema\/person\/751af92e7c43e3eeb98f4f63875e4ceb\"},\"headline\":\"Les DNA mettent la lumi\u00e8re sur le vernissage solidaire pour venir en aide au petit Camille\",\"datePublished\":\"2019-09-27T13:38:19+00:00\",\"dateModified\":\"2025-02-17T16:23:58+00:00\",\"mainEntityOfPage\":{\"@id\":\"https:\/\/www.plus-que-pro-distribution.fr\/les-dna-mettent-la-lumiere-sur-le-vernissage-solidaire-pour-venir-en-aide-au-petit-camille\/\"},\"wordCount\":104,\"commentCount\":0,\"publisher\":{\"@id\":\"https:\/\/www.plus-que-pro-distribution.fr\/#organization\"},\"image\":{\"@id\":\"https:\/\/www.plus-que-pro-distribution.fr\/les-dna-mettent-la-lumiere-sur-le-vernissage-solidaire-pour-venir-en-aide-au-petit-camille\/#primaryimage\"},\"thumbnailUrl\":\"https:\/\/www.plus-que-pro-distribution.fr\/uploads\/plus-que-pro-vernissage-solidaire.jpg\",\"articleSection\":[\"Nos actualit\u00e9s\"],\"inLanguage\":\"fr-FR\",\"potentialAction\":[{\"@type\":\"CommentAction\",\"name\":\"Comment\",\"target\":[\"https:\/\/www.plus-que-pro-distribution.fr\/les-dna-mettent-la-lumiere-sur-le-vernissage-solidaire-pour-venir-en-aide-au-petit-camille\/#respond\"]}]},{\"@type\":\"WebPage\",\"@id\":\"https:\/\/www.plus-que-pro-distribution.fr\/les-dna-mettent-la-lumiere-sur-le-vernissage-solidaire-pour-venir-en-aide-au-petit-camille\/\",\"url\":\"https:\/\/www.plus-que-pro-distribution.fr\/les-dna-mettent-la-lumiere-sur-le-vernissage-solidaire-pour-venir-en-aide-au-petit-camille\/\",\"name\":\"Les DNA consacre un papier au vernissage solidaire pour le petit Camille\",\"isPartOf\":{\"@id\":\"https:\/\/www.plus-que-pro-distribution.fr\/#website\"},\"primaryImageOfPage\":{\"@id\":\"https:\/\/www.plus-que-pro-distribution.fr\/les-dna-mettent-la-lumiere-sur-le-vernissage-solidaire-pour-venir-en-aide-au-petit-camille\/#primaryimage\"},\"image\":{\"@id\":\"https:\/\/www.plus-que-pro-distribution.fr\/les-dna-mettent-la-lumiere-sur-le-vernissage-solidaire-pour-venir-en-aide-au-petit-camille\/#primaryimage\"},\"thumbnailUrl\":\"https:\/\/www.plus-que-pro-distribution.fr\/uploads\/plus-que-pro-vernissage-solidaire.jpg\",\"datePublished\":\"2019-09-27T13:38:19+00:00\",\"dateModified\":\"2025-02-17T16:23:58+00:00\",\"description\":\"Les DNA ont consacr\u00e9 un papier au vernissage solidaire qui a \u00e9t\u00e9 organis\u00e9 au restaurant Le Confidentiel par Plus que pro au profit de Camille, 7 ans.\",\"breadcrumb\":{\"@id\":\"https:\/\/www.plus-que-pro-distribution.fr\/les-dna-mettent-la-lumiere-sur-le-vernissage-solidaire-pour-venir-en-aide-au-petit-camille\/#breadcrumb\"},\"inLanguage\":\"fr-FR\",\"potentialAction\":[{\"@type\":\"ReadAction\",\"target\":[\"https:\/\/www.plus-que-pro-distribution.fr\/les-dna-mettent-la-lumiere-sur-le-vernissage-solidaire-pour-venir-en-aide-au-petit-camille\/\"]}]},{\"@type\":\"ImageObject\",\"inLanguage\":\"fr-FR\",\"@id\":\"https:\/\/www.plus-que-pro-distribution.fr\/les-dna-mettent-la-lumiere-sur-le-vernissage-solidaire-pour-venir-en-aide-au-petit-camille\/#primaryimage\",\"url\":\"https:\/\/www.plus-que-pro-distribution.fr\/uploads\/plus-que-pro-vernissage-solidaire.jpg\",\"contentUrl\":\"https:\/\/www.plus-que-pro-distribution.fr\/uploads\/plus-que-pro-vernissage-solidaire.jpg\",\"width\":1080,\"height\":600,\"caption\":\"Les DNA relatent le vernissage solidaire organis\u00e9 par Plus que pro\"},{\"@type\":\"BreadcrumbList\",\"@id\":\"https:\/\/www.plus-que-pro-distribution.fr\/les-dna-mettent-la-lumiere-sur-le-vernissage-solidaire-pour-venir-en-aide-au-petit-camille\/#breadcrumb\",\"itemListElement\":[{\"@type\":\"ListItem\",\"position\":1,\"name\":\"Home\",\"item\":\"https:\/\/www.plus-que-pro-distribution.fr\/\"},{\"@type\":\"ListItem\",\"position\":2,\"name\":\"Les DNA mettent la lumi\u00e8re sur le vernissage solidaire pour venir en aide au petit Camille\"}]},{\"@type\":\"WebSite\",\"@id\":\"https:\/\/www.plus-que-pro-distribution.fr\/#website\",\"url\":\"https:\/\/www.plus-que-pro-distribution.fr\/\",\"name\":\"Plus que pro distribution\",\"description\":\"\",\"publisher\":{\"@id\":\"https:\/\/www.plus-que-pro-distribution.fr\/#organization\"},\"potentialAction\":[{\"@type\":\"SearchAction\",\"target\":{\"@type\":\"EntryPoint\",\"urlTemplate\":\"https:\/\/www.plus-que-pro-distribution.fr\/?s={search_term_string}\"},\"query-input\":{\"@type\":\"PropertyValueSpecification\",\"valueRequired\":true,\"valueName\":\"search_term_string\"}}],\"inLanguage\":\"fr-FR\"},{\"@type\":\"Organization\",\"@id\":\"https:\/\/www.plus-que-pro-distribution.fr\/#organization\",\"name\":\"Plus que pro distribution\",\"url\":\"https:\/\/www.plus-que-pro-distribution.fr\/\",\"logo\":{\"@type\":\"ImageObject\",\"inLanguage\":\"fr-FR\",\"@id\":\"https:\/\/www.plus-que-pro-distribution.fr\/#\/schema\/logo\/image\/\",\"url\":\"https:\/\/www.plus-que-pro-distribution.fr\/uploads\/logo-pqp-distribution.svg\",\"contentUrl\":\"https:\/\/www.plus-que-pro-distribution.fr\/uploads\/logo-pqp-distribution.svg\",\"width\":144,\"height\":34,\"caption\":\"Plus que pro distribution\"},\"image\":{\"@id\":\"https:\/\/www.plus-que-pro-distribution.fr\/#\/schema\/logo\/image\/\"},\"sameAs\":[\"https:\/\/www.facebook.com\/Plusquepro\/\"]},{\"@type\":\"Person\",\"@id\":\"https:\/\/www.plus-que-pro-distribution.fr\/#\/schema\/person\/751af92e7c43e3eeb98f4f63875e4ceb\",\"name\":\"Jean\",\"image\":{\"@type\":\"ImageObject\",\"inLanguage\":\"fr-FR\",\"@id\":\"https:\/\/www.plus-que-pro-distribution.fr\/#\/schema\/person\/image\/\",\"url\":\"https:\/\/secure.gravatar.com\/avatar\/aac25d1e3a248ba1be7404ccf9581f1a78704d8a0e292c792ed971a596325c72?s=96&d=mm&r=g\",\"contentUrl\":\"https:\/\/secure.gravatar.com\/avatar\/aac25d1e3a248ba1be7404ccf9581f1a78704d8a0e292c792ed971a596325c72?s=96&d=mm&r=g\",\"caption\":\"Jean\"}}]}<\/script>","yoast_head_json":{"title":"Les DNA consacre un papier au vernissage solidaire pour le petit Camille","description":"Les DNA ont consacr\u00e9 un papier au vernissage solidaire qui a \u00e9t\u00e9 organis\u00e9 au restaurant Le Confidentiel par Plus que pro au profit de Camille, 7 ans.","robots":{"index":"index","follow":"follow","max-snippet":"max-snippet:-1","max-image-preview":"max-image-preview:large","max-video-preview":"max-video-preview:-1"},"canonical":"https:\/\/www.plus-que-pro-distribution.fr\/les-dna-mettent-la-lumiere-sur-le-vernissage-solidaire-pour-venir-en-aide-au-petit-camille\/","og_locale":"fr_FR","og_type":"article","og_title":"Les DNA consacre un papier au vernissage solidaire pour le petit Camille","og_description":"Les DNA ont consacr\u00e9 un papier au vernissage solidaire qui a \u00e9t\u00e9 organis\u00e9 au restaurant Le Confidentiel par Plus que pro au profit de Camille, 7 ans.","og_url":"https:\/\/www.plus-que-pro-distribution.fr\/les-dna-mettent-la-lumiere-sur-le-vernissage-solidaire-pour-venir-en-aide-au-petit-camille\/","og_site_name":"Plus que pro - Distribution","article_publisher":"https:\/\/www.facebook.com\/Plusquepro\/","article_published_time":"2019-09-27T13:38:19+00:00","article_modified_time":"2025-02-17T16:23:58+00:00","og_image":[{"width":1080,"height":600,"url":"https:\/\/www.plus-que-pro-distribution.fr\/uploads\/plus-que-pro-vernissage-solidaire.jpg","type":"image\/jpeg"}],"author":"Jean","twitter_card":"summary_large_image","twitter_misc":{"Written by":"Jean","Est. reading time":"2 minutes"},"schema":{"@context":"https:\/\/schema.org","@graph":[{"@type":"Article","@id":"https:\/\/www.plus-que-pro-distribution.fr\/les-dna-mettent-la-lumiere-sur-le-vernissage-solidaire-pour-venir-en-aide-au-petit-camille\/#article","isPartOf":{"@id":"https:\/\/www.plus-que-pro-distribution.fr\/les-dna-mettent-la-lumiere-sur-le-vernissage-solidaire-pour-venir-en-aide-au-petit-camille\/"},"author":{"name":"Jean","@id":"https:\/\/www.plus-que-pro-distribution.fr\/#\/schema\/person\/751af92e7c43e3eeb98f4f63875e4ceb"},"headline":"Les DNA mettent la lumi\u00e8re sur le vernissage solidaire pour venir en aide au petit Camille","datePublished":"2019-09-27T13:38:19+00:00","dateModified":"2025-02-17T16:23:58+00:00","mainEntityOfPage":{"@id":"https:\/\/www.plus-que-pro-distribution.fr\/les-dna-mettent-la-lumiere-sur-le-vernissage-solidaire-pour-venir-en-aide-au-petit-camille\/"},"wordCount":104,"commentCount":0,"publisher":{"@id":"https:\/\/www.plus-que-pro-distribution.fr\/#organization"},"image":{"@id":"https:\/\/www.plus-que-pro-distribution.fr\/les-dna-mettent-la-lumiere-sur-le-vernissage-solidaire-pour-venir-en-aide-au-petit-camille\/#primaryimage"},"thumbnailUrl":"https:\/\/www.plus-que-pro-distribution.fr\/uploads\/plus-que-pro-vernissage-solidaire.jpg","articleSection":["Nos actualit\u00e9s"],"inLanguage":"fr-FR","potentialAction":[{"@type":"CommentAction","name":"Comment","target":["https:\/\/www.plus-que-pro-distribution.fr\/les-dna-mettent-la-lumiere-sur-le-vernissage-solidaire-pour-venir-en-aide-au-petit-camille\/#respond"]}]},{"@type":"WebPage","@id":"https:\/\/www.plus-que-pro-distribution.fr\/les-dna-mettent-la-lumiere-sur-le-vernissage-solidaire-pour-venir-en-aide-au-petit-camille\/","url":"https:\/\/www.plus-que-pro-distribution.fr\/les-dna-mettent-la-lumiere-sur-le-vernissage-solidaire-pour-venir-en-aide-au-petit-camille\/","name":"Les DNA consacre un papier au vernissage solidaire pour le petit Camille","isPartOf":{"@id":"https:\/\/www.plus-que-pro-distribution.fr\/#website"},"primaryImageOfPage":{"@id":"https:\/\/www.plus-que-pro-distribution.fr\/les-dna-mettent-la-lumiere-sur-le-vernissage-solidaire-pour-venir-en-aide-au-petit-camille\/#primaryimage"},"image":{"@id":"https:\/\/www.plus-que-pro-distribution.fr\/les-dna-mettent-la-lumiere-sur-le-vernissage-solidaire-pour-venir-en-aide-au-petit-camille\/#primaryimage"},"thumbnailUrl":"https:\/\/www.plus-que-pro-distribution.fr\/uploads\/plus-que-pro-vernissage-solidaire.jpg","datePublished":"2019-09-27T13:38:19+00:00","dateModified":"2025-02-17T16:23:58+00:00","description":"Les DNA ont consacr\u00e9 un papier au vernissage solidaire qui a \u00e9t\u00e9 organis\u00e9 au restaurant Le Confidentiel par Plus que pro au profit de Camille, 7 ans.","breadcrumb":{"@id":"https:\/\/www.plus-que-pro-distribution.fr\/les-dna-mettent-la-lumiere-sur-le-vernissage-solidaire-pour-venir-en-aide-au-petit-camille\/#breadcrumb"},"inLanguage":"fr-FR","potentialAction":[{"@type":"ReadAction","target":["https:\/\/www.plus-que-pro-distribution.fr\/les-dna-mettent-la-lumiere-sur-le-vernissage-solidaire-pour-venir-en-aide-au-petit-camille\/"]}]},{"@type":"ImageObject","inLanguage":"fr-FR","@id":"https:\/\/www.plus-que-pro-distribution.fr\/les-dna-mettent-la-lumiere-sur-le-vernissage-solidaire-pour-venir-en-aide-au-petit-camille\/#primaryimage","url":"https:\/\/www.plus-que-pro-distribution.fr\/uploads\/plus-que-pro-vernissage-solidaire.jpg","contentUrl":"https:\/\/www.plus-que-pro-distribution.fr\/uploads\/plus-que-pro-vernissage-solidaire.jpg","width":1080,"height":600,"caption":"Les DNA relatent le vernissage solidaire organis\u00e9 par Plus que pro"},{"@type":"BreadcrumbList","@id":"https:\/\/www.plus-que-pro-distribution.fr\/les-dna-mettent-la-lumiere-sur-le-vernissage-solidaire-pour-venir-en-aide-au-petit-camille\/#breadcrumb","itemListElement":[{"@type":"ListItem","position":1,"name":"Home","item":"https:\/\/www.plus-que-pro-distribution.fr\/"},{"@type":"ListItem","position":2,"name":"Les DNA mettent la lumi\u00e8re sur le vernissage solidaire pour venir en aide au petit Camille"}]},{"@type":"WebSite","@id":"https:\/\/www.plus-que-pro-distribution.fr\/#website","url":"https:\/\/www.plus-que-pro-distribution.fr\/","name":"Plus que pro distribution","description":"","publisher":{"@id":"https:\/\/www.plus-que-pro-distribution.fr\/#organization"},"potentialAction":[{"@type":"SearchAction","target":{"@type":"EntryPoint","urlTemplate":"https:\/\/www.plus-que-pro-distribution.fr\/?s={search_term_string}"},"query-input":{"@type":"PropertyValueSpecification","valueRequired":true,"valueName":"search_term_string"}}],"inLanguage":"fr-FR"},{"@type":"Organization","@id":"https:\/\/www.plus-que-pro-distribution.fr\/#organization","name":"Plus que pro distribution","url":"https:\/\/www.plus-que-pro-distribution.fr\/","logo":{"@type":"ImageObject","inLanguage":"fr-FR","@id":"https:\/\/www.plus-que-pro-distribution.fr\/#\/schema\/logo\/image\/","url":"https:\/\/www.plus-que-pro-distribution.fr\/uploads\/logo-pqp-distribution.svg","contentUrl":"https:\/\/www.plus-que-pro-distribution.fr\/uploads\/logo-pqp-distribution.svg","width":144,"height":34,"caption":"Plus que pro distribution"},"image":{"@id":"https:\/\/www.plus-que-pro-distribution.fr\/#\/schema\/logo\/image\/"},"sameAs":["https:\/\/www.facebook.com\/Plusquepro\/"]},{"@type":"Person","@id":"https:\/\/www.plus-que-pro-distribution.fr\/#\/schema\/person\/751af92e7c43e3eeb98f4f63875e4ceb","name":"Jean","image":{"@type":"ImageObject","inLanguage":"fr-FR","@id":"https:\/\/www.plus-que-pro-distribution.fr\/#\/schema\/person\/image\/","url":"https:\/\/secure.gravatar.com\/avatar\/aac25d1e3a248ba1be7404ccf9581f1a78704d8a0e292c792ed971a596325c72?s=96&d=mm&r=g","contentUrl":"https:\/\/secure.gravatar.com\/avatar\/aac25d1e3a248ba1be7404ccf9581f1a78704d8a0e292c792ed971a596325c72?s=96&d=mm&r=g","caption":"Jean"}}]}},"_links":{"self":[{"href":"https:\/\/www.plus-que-pro-distribution.fr\/api\/wp\/v2\/posts\/7921","targetHints":{"allow":["GET"]}}],"collection":[{"href":"https:\/\/www.plus-que-pro-distribution.fr\/api\/wp\/v2\/posts"}],"about":[{"href":"https:\/\/www.plus-que-pro-distribution.fr\/api\/wp\/v2\/types\/post"}],"author":[{"embeddable":true,"href":"https:\/\/www.plus-que-pro-distribution.fr\/api\/wp\/v2\/users\/4"}],"replies":[{"embeddable":true,"href":"https:\/\/www.plus-que-pro-distribution.fr\/api\/wp\/v2\/comments?post=7921"}],"version-history":[{"count":2,"href":"https:\/\/www.plus-que-pro-distribution.fr\/api\/wp\/v2\/posts\/7921\/revisions"}],"predecessor-version":[{"id":18297,"href":"https:\/\/www.plus-que-pro-distribution.fr\/api\/wp\/v2\/posts\/7921\/revisions\/18297"}],"wp:featuredmedia":[{"embeddable":true,"href":"https:\/\/www.plus-que-pro-distribution.fr\/api\/wp\/v2\/media\/7922"}],"wp:attachment":[{"href":"https:\/\/www.plus-que-pro-distribution.fr\/api\/wp\/v2\/media?parent=7921"}],"wp:term":[{"taxonomy":"category","embeddable":true,"href":"https:\/\/www.plus-que-pro-distribution.fr\/api\/wp\/v2\/categories?post=7921"},{"taxonomy":"post_tag","embeddable":true,"href":"https:\/\/www.plus-que-pro-distribution.fr\/api\/wp\/v2\/tags?post=7921"}],"curies":[{"name":"wp","href":"https:\/\/api.w.org\/{rel}","templated":true}]}}