{"id":7878,"date":"2019-09-18T12:37:08","date_gmt":"2019-09-18T12:37:08","guid":{"rendered":"https:\/\/www.network-plus-que-pro.fr\/?p=7878"},"modified":"2025-02-19T14:44:28","modified_gmt":"2025-02-19T13:44:28","slug":"gregory-regouby-elu-entrepreneur-de-lannee-par-ernst-young","status":"publish","type":"post","link":"https:\/\/www.plus-que-pro-distribution.fr\/gregory-regouby-elu-entrepreneur-de-lannee-par-ernst-young\/","title":{"rendered":"Gr\u00e9gory Regouby, \u00e9lu Entrepreneur de l\u2019ann\u00e9e par Ernst &#038; Young"},"content":{"rendered":"\n<style><span data-mce-type=\"bookmark\" style=\"display: inline-block; width: 0px; overflow: hidden; line-height: 0;\" class=\"mce_SELRES_start\">\ufeff<\/span><br \/>@media (max-width:600px) {<br \/> .videoResponsive {width:98% !important; margin-bottom: 10px !important;}<br \/>}<br \/><\/style>\n\n\n<p class=\"[&amp;_a]:underline [&amp;_a]:underline-offset-2 [&amp;_a]:text-secondary-500 [&amp;_a:focus-visible]:outline-none [&amp;_a:focus]:outline-none [&amp;_a:focus-visible]:ring-2 [&amp;_a:focus-visible]:ring-offset-2 [&amp;_a:focus-visible]:ring-secondary-500 [&amp;_a:focus-visible]:rounded-full [&amp;_+_*]:mt-xs [*_+_&amp;]:mt-xs [&amp;_+_.wp-block-group]:mt-m [&amp;_+_.wp-block-group]:md:mt-l [&amp;.text-caption_+_*]:!mt-xs [&amp;.text-caption_+_*]:md:!mt-xs aligndefault max-w-default mx-auto \" ><code><\/code>Hier soir, le pr\u00e9sident de Plus que pro Gr\u00e9gory Regouby s\u2019est vu remettre<strong> le prix de l\u2019entrepreneur de l\u2019ann\u00e9e 2019 par le cabinet d\u2019expert comptable Ernst &amp; Young<\/strong>.<\/p>\n\n<h2 class=\"wp-block-heading text-balance [&amp;_+_*]:mt-m [&amp;_+_*]:md:mt-l [*_+_&amp;]:mt-m [*_+_&amp;]:md:mt-l [&amp;.text-caption_+_*]:!mt-xs [&amp;.text-caption_+_*]:md:!mt-xs [&amp;_a]:underline [&amp;_a]:underline-offset-2 [&amp;_a]:text-secondary-500 text-h2 aligndefault max-w-default mx-auto \" >D\u00e9couvrir la vid\u00e9o de pr\u00e9sentation de Plus que pro par le cabinet Ernst &amp; Young &amp; la vid\u00e9o de la remise du prix<\/h2>\n\n<figure class=\"wp-block-embed relative aligndefault max-w-default mx-auto [&amp;_lite-youtube]:w-full [&amp;_lite-youtube]:h-full [&amp;_lite-youtube]:rounded-media [&amp;_lite-youtube]:aspect-video [&amp;_lite-youtube]:mx-auto [&amp;_lite-youtube]:max-w-default [&amp;.alignfull_&gt;_lite-youtube]:rounded-none [&amp;.alignfull_&gt;_figcaption]:pl-global-padding \" >\n<lite-youtube js-api params=\"enablejsapi=1&#038;autoplay=0\" videoid=\"embed\/ymI2H9MylMk\" title=\"Plus que pro : Gr\u00e9gory Regouby \u00e9lu Entrepreneur de l\u2019ann\u00e9e 2019 par E &amp; Y\" width=\"500\" height=\"281\" data-src=\"https:\/\/www.youtube.com\/embed\/ymI2H9MylMk?feature=oembed\" frameborder=\"0\" allow=\"accelerometer; autoplay; clipboard-write; encrypted-media; gyroscope; picture-in-picture; web-share\" referrerpolicy=\"strict-origin-when-cross-origin\" allowfullscreen><\/lite-youtube>\n<div x-on:click.stop=\"\" class=\"youtube-consent-overlay flex relative items-center text-center rounded-sm p-global-padding bg-primary-950 gap-s flex-col\" ><div class=\"text-white has-text-color\" >La lecture des vid\u00e9os Youtube est conditionn\u00e9e au d\u00e9p\u00f4t de cookies sur votre terminal pour permettre la diffusion des vid\u00e9os, mais \u00e9galement pour des finalit\u00e9s publicitaires. En cliquant sur \u00ab\u00a0Autoriser\u00a0\u00bb, vous consentez au d\u00e9p\u00f4t de cookies pour l&rsquo;ensemble des finalit\u00e9s.<\/div><a target=\"_blank\" href=\"https:\/\/policies.google.com\/privacy?hl=fr&amp;gl=fr\" class=\"text-white underline focus-visible:outline-none focus:outline-none focus-visible:ring-2 focus-visible:ring-offset-2 focus-visible:ring-secondary-500 rounded-full\" >Consulter la politique de confidentialit\u00e9 de Youtube<\/a><div class=\"justify-center wp-block-buttons flex flex-col md:flex-row items-start gap-7\" ><button x-data=\"{\n            init() {\n                window.didomiOnReady = window.didomiOnReady || [];\n                window.didomiOnReady.push((Didomi) =&gt; {\n                    Didomi.getObservableOnUserConsentStatusForVendor(&quot;c:youtube-axWT9ZeX&quot;).subscribe(\n                        (consentStatus) =&gt; {\n                            if (consentStatus === true) {\n                                this.showAllVideos();\n                            }\n                        }\n                    );\n                });\n            },\n            showAllVideos() {\n\t\t\t\tconst liteYoutubes = document.querySelectorAll(&quot;lite-youtube&quot;);\n\t\t\t\tif (liteYoutubes.length === 0) {\n\t\t\t\t\treturn;\n\t\t\t\t}\n\n\t\t\t\tliteYoutubes.forEach((liteYoutube) =&gt; {\n\t\t\t\t\tconst src = liteYoutube.getAttribute(&quot;data-src&quot;);\n\t\t\t\t\tliteYoutube.setAttribute(&quot;src&quot;, src);\n\t\t\t\t});\n\n\t\t\t\tconst overlays = document.querySelectorAll(&quot;.youtube-consent-overlay&quot;);\n\t\t\t\tif (overlays.length === 0) {\n\t\t\t\t\treturn;\n\t\t\t\t}\n\n\t\t\t\toverlays.forEach((overlay) =&gt; {\n\t\t\t\t\toverlay.style.display = &quot;none&quot;;\n\t\t\t\t});\n            },\n            handleYoutubeConsent() {\n                if (typeof Didomi === &quot;undefined&quot;) {\n                    return;\n                }\n\n                const youtubeVendor = Didomi.getVendorById(&quot;c:youtube-axWT9ZeX&quot;);\n                if (!youtubeVendor) {\n                    return;\n                }\n                const transaction = Didomi.openCurrentUserStatusTransaction();\n                transaction.enableVendor(youtubeVendor.didomiId);\n                transaction.enablePurposes(youtubeVendor.purposeIds);\n                transaction.commit();\n            }\n        }\" x-on:click=\"handleYoutubeConsent()\" x-on:init=\"init()\" class=\"flex-none border-2 inline-flex items-center gap-2 py-3 px-6 rounded-full is-style-fill text-white border-secondary-500 bg-secondary-500 hover:border-secondary-600 hover:bg-secondary-600 transition ease-in duration-300 disabled:bg-secondary-200 disabled:border-secondary-200\" >Autoriser<\/button><\/div><\/div> <figcaption class=\"text-caption text-deep-300 has-text-color \" ><\/figcaption><\/figure>\n\n<hr class=\"h-px w-full block wp-block-separator border-white aligndefault max-w-default mx-auto bg-white has-background-color has-background mt-s mb-s\" ><\/hr>\n\n<figure class=\"wp-block-embed relative aligndefault max-w-default mx-auto [&amp;_lite-youtube]:w-full [&amp;_lite-youtube]:h-full [&amp;_lite-youtube]:rounded-media [&amp;_lite-youtube]:aspect-video [&amp;_lite-youtube]:mx-auto [&amp;_lite-youtube]:max-w-default [&amp;.alignfull_&gt;_lite-youtube]:rounded-none [&amp;.alignfull_&gt;_figcaption]:pl-global-padding \" >\n<lite-youtube js-api params=\"enablejsapi=1&#038;autoplay=0\" videoid=\"embed\/b_j74VtOS5o\" title=\"Concours E &amp; Y : Gr\u00e9gory Regouby re\u00e7oit le prix d'Entrepreneur de l'Ann\u00e9e - Start-Up (2019)\" width=\"500\" height=\"281\" data-src=\"https:\/\/www.youtube.com\/embed\/b_j74VtOS5o?feature=oembed\" frameborder=\"0\" allow=\"accelerometer; autoplay; clipboard-write; encrypted-media; gyroscope; picture-in-picture; web-share\" referrerpolicy=\"strict-origin-when-cross-origin\" allowfullscreen><\/lite-youtube>\n<div x-on:click.stop=\"\" class=\"youtube-consent-overlay flex relative items-center text-center rounded-sm p-global-padding bg-primary-950 gap-s flex-col\" ><div class=\"text-white has-text-color\" >La lecture des vid\u00e9os Youtube est conditionn\u00e9e au d\u00e9p\u00f4t de cookies sur votre terminal pour permettre la diffusion des vid\u00e9os, mais \u00e9galement pour des finalit\u00e9s publicitaires. En cliquant sur \u00ab\u00a0Autoriser\u00a0\u00bb, vous consentez au d\u00e9p\u00f4t de cookies pour l&rsquo;ensemble des finalit\u00e9s.<\/div><a target=\"_blank\" href=\"https:\/\/policies.google.com\/privacy?hl=fr&amp;gl=fr\" class=\"text-white underline focus-visible:outline-none focus:outline-none focus-visible:ring-2 focus-visible:ring-offset-2 focus-visible:ring-secondary-500 rounded-full\" >Consulter la politique de confidentialit\u00e9 de Youtube<\/a><div class=\"justify-center wp-block-buttons flex flex-col md:flex-row items-start gap-7\" ><button x-data=\"{\n            init() {\n                window.didomiOnReady = window.didomiOnReady || [];\n                window.didomiOnReady.push((Didomi) =&gt; {\n                    Didomi.getObservableOnUserConsentStatusForVendor(&quot;c:youtube-axWT9ZeX&quot;).subscribe(\n                        (consentStatus) =&gt; {\n                            if (consentStatus === true) {\n                                this.showAllVideos();\n                            }\n                        }\n                    );\n                });\n            },\n            showAllVideos() {\n\t\t\t\tconst liteYoutubes = document.querySelectorAll(&quot;lite-youtube&quot;);\n\t\t\t\tif (liteYoutubes.length === 0) {\n\t\t\t\t\treturn;\n\t\t\t\t}\n\n\t\t\t\tliteYoutubes.forEach((liteYoutube) =&gt; {\n\t\t\t\t\tconst src = liteYoutube.getAttribute(&quot;data-src&quot;);\n\t\t\t\t\tliteYoutube.setAttribute(&quot;src&quot;, src);\n\t\t\t\t});\n\n\t\t\t\tconst overlays = document.querySelectorAll(&quot;.youtube-consent-overlay&quot;);\n\t\t\t\tif (overlays.length === 0) {\n\t\t\t\t\treturn;\n\t\t\t\t}\n\n\t\t\t\toverlays.forEach((overlay) =&gt; {\n\t\t\t\t\toverlay.style.display = &quot;none&quot;;\n\t\t\t\t});\n            },\n            handleYoutubeConsent() {\n                if (typeof Didomi === &quot;undefined&quot;) {\n                    return;\n                }\n\n                const youtubeVendor = Didomi.getVendorById(&quot;c:youtube-axWT9ZeX&quot;);\n                if (!youtubeVendor) {\n                    return;\n                }\n                const transaction = Didomi.openCurrentUserStatusTransaction();\n                transaction.enableVendor(youtubeVendor.didomiId);\n                transaction.enablePurposes(youtubeVendor.purposeIds);\n                transaction.commit();\n            }\n        }\" x-on:click=\"handleYoutubeConsent()\" x-on:init=\"init()\" class=\"flex-none border-2 inline-flex items-center gap-2 py-3 px-6 rounded-full is-style-fill text-white border-secondary-500 bg-secondary-500 hover:border-secondary-600 hover:bg-secondary-600 transition ease-in duration-300 disabled:bg-secondary-200 disabled:border-secondary-200\" >Autoriser<\/button><\/div><\/div> <figcaption class=\"text-caption text-deep-300 has-text-color \" ><\/figcaption><\/figure>\n\n<p class=\"[&amp;_a]:underline [&amp;_a]:underline-offset-2 [&amp;_a]:text-secondary-500 [&amp;_a:focus-visible]:outline-none [&amp;_a:focus]:outline-none [&amp;_a:focus-visible]:ring-2 [&amp;_a:focus-visible]:ring-offset-2 [&amp;_a:focus-visible]:ring-secondary-500 [&amp;_a:focus-visible]:rounded-full [&amp;_+_*]:mt-xs [*_+_&amp;]:mt-xs [&amp;_+_.wp-block-group]:mt-m [&amp;_+_.wp-block-group]:md:mt-l [&amp;.text-caption_+_*]:!mt-xs [&amp;.text-caption_+_*]:md:!mt-xs aligndefault max-w-default mx-auto \" >Ce prix r\u00e9compense<strong> les entrepreneurs au parcours remarquable<\/strong> et qui dirigent des entreprises innovantes.<br>\nUne cons\u00e9cration pour le r\u00e9seau Plus que pro, cr\u00e9\u00e9 en 2014 avec pour but de valoriser les meilleures entreprises de France via leurs retours d\u2019exp\u00e9riences clients.<br>\nUn moyen de <strong>soutenir les soci\u00e9t\u00e9s qualitatives et de prot\u00e9ger les consommateurs<\/strong> dans leurs achats.<br>\nDepuis 2017, Plus que pro donne l\u2019opportunit\u00e9 \u00e0 des entrepreneurs de d\u00e9ployer le concept dans leur r\u00e9gion en<strong> licence de marque<\/strong>.<br>\nAujourd\u2019hui, Plus que pro permet chaque ann\u00e9e \u00e0 ses adh\u00e9rents de g\u00e9n\u00e9rer un\u00a0chiffres d\u2019affaires global d&rsquo;un demi-milliard d\u2019euros.<\/p>\n\n<div class=\"wp-block-buttons flex flex-col md:flex-row items-start gap-7 aligndefault max-w-default mx-auto [&amp;_+_*]:mt-m [&amp;_+_*]:md:mt-l [p_+_&amp;]:mt-m [p_+_&amp;]:md:mt-l [ul_+_&amp;]:mt-m [ul_+_&amp;]:md:mt-l [.wp-block-columns_+_&amp;]:md:mt-l [.wp-block-group_+_&amp;]:mt-m [.wp-block-group_+_&amp;]:md:mt-l \" ><a href=\"https:\/\/www.plus-que-pro-solution.fr\/gregory-regouby-elu-entrepreneur-de-lannee\/\" class=\"wp-block-button__link wp-element-button border-2 inline-flex items-center gap-2 py-3 px-6 rounded-full text-light-title font-bold focus-visible:outline-none focus:outline-none focus-visible:ring-2 focus-visible:ring-offset-2 focus-visible:ring-secondary-500 is-style-fill text-white border-secondary-500 bg-secondary-500 hover:border-secondary-600 hover:bg-secondary-600 transition ease-in duration-300 disabled:bg-secondary-200 disabled:border-secondary-200 \" >Decouvrez le parcours de Gr\u00e9gory Regouby en cliquant ici<\/a><\/div>\n\n<figure class=\"block m-0  text-center\" ><img decoding=\"async\" src=\"https:\/\/www.plus-que-pro-distribution.fr\/uploads\/remise-prix-ey.jpg\" alt=\"Remise du prix de l&#039;Entrepreneur par le cabinet Ernst &amp; Young\" class=\"inline-block rounded-tr-media rounded-tl-media rounded-bl-media rounded-br-media \" ><\/figure>\n\n<p class=\"[&amp;_a]:underline [&amp;_a]:underline-offset-2 [&amp;_a]:text-secondary-500 [&amp;_a:focus-visible]:outline-none [&amp;_a:focus]:outline-none [&amp;_a:focus-visible]:ring-2 [&amp;_a:focus-visible]:ring-offset-2 [&amp;_a:focus-visible]:ring-secondary-500 [&amp;_a:focus-visible]:rounded-full [&amp;_+_*]:mt-xs [*_+_&amp;]:mt-xs [&amp;_+_.wp-block-group]:mt-m [&amp;_+_.wp-block-group]:md:mt-l [&amp;.text-caption_+_*]:!mt-xs [&amp;.text-caption_+_*]:md:!mt-xs aligndefault max-w-default mx-auto \" ><\/p>\n\n<p class=\"[&amp;_a]:underline [&amp;_a]:underline-offset-2 [&amp;_a]:text-secondary-500 [&amp;_a:focus-visible]:outline-none [&amp;_a:focus]:outline-none [&amp;_a:focus-visible]:ring-2 [&amp;_a:focus-visible]:ring-offset-2 [&amp;_a:focus-visible]:ring-secondary-500 [&amp;_a:focus-visible]:rounded-full [&amp;_+_*]:mt-xs [*_+_&amp;]:mt-xs [&amp;_+_.wp-block-group]:mt-m [&amp;_+_.wp-block-group]:md:mt-l [&amp;.text-caption_+_*]:!mt-xs [&amp;.text-caption_+_*]:md:!mt-xs aligndefault max-w-default mx-auto \" >A gauche, Sacha Goepp, \u00e0 droite, Gr\u00e9gory Regouby, co-fondateurs de Plus que pro.<\/p>","protected":false},"excerpt":{"rendered":"<p>Hier soir, le pr\u00e9sident de Plus que pro Gr\u00e9gory Regouby s\u2019est vu remettre le prix de l\u2019entrepreneur de l\u2019ann\u00e9e 2019 par le cabinet d\u2019expert comptable Ernst &#038; Young.<\/p>\n","protected":false},"author":4,"featured_media":17843,"comment_status":"open","ping_status":"open","sticky":false,"template":"","format":"standard","meta":{"footnotes":""},"categories":[6],"tags":[],"class_list":["post-7878","post","type-post","status-publish","format-standard","has-post-thumbnail","hentry","category-nos-actualites"],"yoast_head":"<title>Le prix de l\u2019entrepreneur 2019 d\u00e9cern\u00e9 \u00e0 Gr\u00e9gory Regouby<\/title>\n<meta name=\"description\" content=\"Le pr\u00e9sident de Plus que pro Gr\u00e9gory Regouby s\u2019est vu remettre le prix de l\u2019Entrepreneur de l\u2019ann\u00e9e 2019 par le cabinet d\u2019expert comptable Ernst &amp; Young\" \/>\n<meta name=\"robots\" content=\"index, follow, max-snippet:-1, max-image-preview:large, max-video-preview:-1\" \/>\n<link rel=\"canonical\" href=\"https:\/\/www.plus-que-pro-distribution.fr\/gregory-regouby-elu-entrepreneur-de-lannee-par-ernst-young\/\" \/>\n<meta property=\"og:locale\" content=\"fr_FR\" \/>\n<meta property=\"og:type\" content=\"article\" \/>\n<meta property=\"og:title\" content=\"Le prix de l\u2019entrepreneur 2019 d\u00e9cern\u00e9 \u00e0 Gr\u00e9gory Regouby\" \/>\n<meta property=\"og:description\" content=\"Le pr\u00e9sident de Plus que pro Gr\u00e9gory Regouby s\u2019est vu remettre le prix de l\u2019Entrepreneur de l\u2019ann\u00e9e 2019 par le cabinet d\u2019expert comptable Ernst &amp; Young\" \/>\n<meta property=\"og:url\" content=\"https:\/\/www.plus-que-pro-distribution.fr\/gregory-regouby-elu-entrepreneur-de-lannee-par-ernst-young\/\" \/>\n<meta property=\"og:site_name\" content=\"Plus que pro - Distribution\" \/>\n<meta property=\"article:publisher\" content=\"https:\/\/www.facebook.com\/Plusquepro\/\" \/>\n<meta property=\"article:published_time\" content=\"2019-09-18T12:37:08+00:00\" \/>\n<meta property=\"article:modified_time\" content=\"2025-02-19T13:44:28+00:00\" \/>\n<meta property=\"og:image\" content=\"https:\/\/www.plus-que-pro-distribution.fr\/uploads\/Concours-EY-_-Gregory-Regouby-recoit-le-prix-dEntrepreneur-de-lAnnee-Start-Up.jpg\" \/>\n\t<meta property=\"og:image:width\" content=\"1245\" \/>\n\t<meta property=\"og:image:height\" content=\"687\" \/>\n\t<meta property=\"og:image:type\" content=\"image\/jpeg\" \/>\n<meta name=\"author\" content=\"Jean\" \/>\n<meta name=\"twitter:card\" content=\"summary_large_image\" \/>\n<meta name=\"twitter:label1\" content=\"Written by\" \/>\n\t<meta name=\"twitter:data1\" content=\"Jean\" \/>\n\t<meta name=\"twitter:label2\" content=\"Est. reading time\" \/>\n\t<meta name=\"twitter:data2\" content=\"2 minutes\" \/>\n<script type=\"application\/ld+json\" class=\"yoast-schema-graph\">{\"@context\":\"https:\/\/schema.org\",\"@graph\":[{\"@type\":\"Article\",\"@id\":\"https:\/\/www.plus-que-pro-distribution.fr\/gregory-regouby-elu-entrepreneur-de-lannee-par-ernst-young\/#article\",\"isPartOf\":{\"@id\":\"https:\/\/www.plus-que-pro-distribution.fr\/gregory-regouby-elu-entrepreneur-de-lannee-par-ernst-young\/\"},\"author\":{\"name\":\"Jean\",\"@id\":\"https:\/\/www.plus-que-pro-distribution.fr\/#\/schema\/person\/751af92e7c43e3eeb98f4f63875e4ceb\"},\"headline\":\"Gr\u00e9gory Regouby, \u00e9lu Entrepreneur de l\u2019ann\u00e9e par Ernst &#038; Young\",\"datePublished\":\"2019-09-18T12:37:08+00:00\",\"dateModified\":\"2025-02-19T13:44:28+00:00\",\"mainEntityOfPage\":{\"@id\":\"https:\/\/www.plus-que-pro-distribution.fr\/gregory-regouby-elu-entrepreneur-de-lannee-par-ernst-young\/\"},\"wordCount\":224,\"commentCount\":0,\"publisher\":{\"@id\":\"https:\/\/www.plus-que-pro-distribution.fr\/#organization\"},\"image\":{\"@id\":\"https:\/\/www.plus-que-pro-distribution.fr\/gregory-regouby-elu-entrepreneur-de-lannee-par-ernst-young\/#primaryimage\"},\"thumbnailUrl\":\"https:\/\/www.plus-que-pro-distribution.fr\/uploads\/Concours-EY-_-Gregory-Regouby-recoit-le-prix-dEntrepreneur-de-lAnnee-Start-Up.jpg\",\"articleSection\":[\"Nos actualit\u00e9s\"],\"inLanguage\":\"fr-FR\",\"potentialAction\":[{\"@type\":\"CommentAction\",\"name\":\"Comment\",\"target\":[\"https:\/\/www.plus-que-pro-distribution.fr\/gregory-regouby-elu-entrepreneur-de-lannee-par-ernst-young\/#respond\"]}]},{\"@type\":\"WebPage\",\"@id\":\"https:\/\/www.plus-que-pro-distribution.fr\/gregory-regouby-elu-entrepreneur-de-lannee-par-ernst-young\/\",\"url\":\"https:\/\/www.plus-que-pro-distribution.fr\/gregory-regouby-elu-entrepreneur-de-lannee-par-ernst-young\/\",\"name\":\"Le prix de l\u2019entrepreneur 2019 d\u00e9cern\u00e9 \u00e0 Gr\u00e9gory Regouby\",\"isPartOf\":{\"@id\":\"https:\/\/www.plus-que-pro-distribution.fr\/#website\"},\"primaryImageOfPage\":{\"@id\":\"https:\/\/www.plus-que-pro-distribution.fr\/gregory-regouby-elu-entrepreneur-de-lannee-par-ernst-young\/#primaryimage\"},\"image\":{\"@id\":\"https:\/\/www.plus-que-pro-distribution.fr\/gregory-regouby-elu-entrepreneur-de-lannee-par-ernst-young\/#primaryimage\"},\"thumbnailUrl\":\"https:\/\/www.plus-que-pro-distribution.fr\/uploads\/Concours-EY-_-Gregory-Regouby-recoit-le-prix-dEntrepreneur-de-lAnnee-Start-Up.jpg\",\"datePublished\":\"2019-09-18T12:37:08+00:00\",\"dateModified\":\"2025-02-19T13:44:28+00:00\",\"description\":\"Le pr\u00e9sident de Plus que pro Gr\u00e9gory Regouby s\u2019est vu remettre le prix de l\u2019Entrepreneur de l\u2019ann\u00e9e 2019 par le cabinet d\u2019expert comptable Ernst & Young\",\"breadcrumb\":{\"@id\":\"https:\/\/www.plus-que-pro-distribution.fr\/gregory-regouby-elu-entrepreneur-de-lannee-par-ernst-young\/#breadcrumb\"},\"inLanguage\":\"fr-FR\",\"potentialAction\":[{\"@type\":\"ReadAction\",\"target\":[\"https:\/\/www.plus-que-pro-distribution.fr\/gregory-regouby-elu-entrepreneur-de-lannee-par-ernst-young\/\"]}]},{\"@type\":\"ImageObject\",\"inLanguage\":\"fr-FR\",\"@id\":\"https:\/\/www.plus-que-pro-distribution.fr\/gregory-regouby-elu-entrepreneur-de-lannee-par-ernst-young\/#primaryimage\",\"url\":\"https:\/\/www.plus-que-pro-distribution.fr\/uploads\/Concours-EY-_-Gregory-Regouby-recoit-le-prix-dEntrepreneur-de-lAnnee-Start-Up.jpg\",\"contentUrl\":\"https:\/\/www.plus-que-pro-distribution.fr\/uploads\/Concours-EY-_-Gregory-Regouby-recoit-le-prix-dEntrepreneur-de-lAnnee-Start-Up.jpg\",\"width\":1245,\"height\":687,\"caption\":\"Concours E&Y _ Gr\u00e9gory Regouby re\u00e7oit le prix d'Entrepreneur de l'Ann\u00e9e - Start-Up\"},{\"@type\":\"BreadcrumbList\",\"@id\":\"https:\/\/www.plus-que-pro-distribution.fr\/gregory-regouby-elu-entrepreneur-de-lannee-par-ernst-young\/#breadcrumb\",\"itemListElement\":[{\"@type\":\"ListItem\",\"position\":1,\"name\":\"Home\",\"item\":\"https:\/\/www.plus-que-pro-distribution.fr\/\"},{\"@type\":\"ListItem\",\"position\":2,\"name\":\"Gr\u00e9gory Regouby, \u00e9lu Entrepreneur de l\u2019ann\u00e9e par Ernst &#038; Young\"}]},{\"@type\":\"WebSite\",\"@id\":\"https:\/\/www.plus-que-pro-distribution.fr\/#website\",\"url\":\"https:\/\/www.plus-que-pro-distribution.fr\/\",\"name\":\"Plus que pro distribution\",\"description\":\"\",\"publisher\":{\"@id\":\"https:\/\/www.plus-que-pro-distribution.fr\/#organization\"},\"potentialAction\":[{\"@type\":\"SearchAction\",\"target\":{\"@type\":\"EntryPoint\",\"urlTemplate\":\"https:\/\/www.plus-que-pro-distribution.fr\/?s={search_term_string}\"},\"query-input\":{\"@type\":\"PropertyValueSpecification\",\"valueRequired\":true,\"valueName\":\"search_term_string\"}}],\"inLanguage\":\"fr-FR\"},{\"@type\":\"Organization\",\"@id\":\"https:\/\/www.plus-que-pro-distribution.fr\/#organization\",\"name\":\"Plus que pro distribution\",\"url\":\"https:\/\/www.plus-que-pro-distribution.fr\/\",\"logo\":{\"@type\":\"ImageObject\",\"inLanguage\":\"fr-FR\",\"@id\":\"https:\/\/www.plus-que-pro-distribution.fr\/#\/schema\/logo\/image\/\",\"url\":\"https:\/\/www.plus-que-pro-distribution.fr\/uploads\/logo-pqp-distribution.svg\",\"contentUrl\":\"https:\/\/www.plus-que-pro-distribution.fr\/uploads\/logo-pqp-distribution.svg\",\"width\":144,\"height\":34,\"caption\":\"Plus que pro distribution\"},\"image\":{\"@id\":\"https:\/\/www.plus-que-pro-distribution.fr\/#\/schema\/logo\/image\/\"},\"sameAs\":[\"https:\/\/www.facebook.com\/Plusquepro\/\"]},{\"@type\":\"Person\",\"@id\":\"https:\/\/www.plus-que-pro-distribution.fr\/#\/schema\/person\/751af92e7c43e3eeb98f4f63875e4ceb\",\"name\":\"Jean\",\"image\":{\"@type\":\"ImageObject\",\"inLanguage\":\"fr-FR\",\"@id\":\"https:\/\/www.plus-que-pro-distribution.fr\/#\/schema\/person\/image\/\",\"url\":\"https:\/\/secure.gravatar.com\/avatar\/aac25d1e3a248ba1be7404ccf9581f1a78704d8a0e292c792ed971a596325c72?s=96&d=mm&r=g\",\"contentUrl\":\"https:\/\/secure.gravatar.com\/avatar\/aac25d1e3a248ba1be7404ccf9581f1a78704d8a0e292c792ed971a596325c72?s=96&d=mm&r=g\",\"caption\":\"Jean\"}}]}<\/script>","yoast_head_json":{"title":"Le prix de l\u2019entrepreneur 2019 d\u00e9cern\u00e9 \u00e0 Gr\u00e9gory Regouby","description":"Le pr\u00e9sident de Plus que pro Gr\u00e9gory Regouby s\u2019est vu remettre le prix de l\u2019Entrepreneur de l\u2019ann\u00e9e 2019 par le cabinet d\u2019expert comptable Ernst & Young","robots":{"index":"index","follow":"follow","max-snippet":"max-snippet:-1","max-image-preview":"max-image-preview:large","max-video-preview":"max-video-preview:-1"},"canonical":"https:\/\/www.plus-que-pro-distribution.fr\/gregory-regouby-elu-entrepreneur-de-lannee-par-ernst-young\/","og_locale":"fr_FR","og_type":"article","og_title":"Le prix de l\u2019entrepreneur 2019 d\u00e9cern\u00e9 \u00e0 Gr\u00e9gory Regouby","og_description":"Le pr\u00e9sident de Plus que pro Gr\u00e9gory Regouby s\u2019est vu remettre le prix de l\u2019Entrepreneur de l\u2019ann\u00e9e 2019 par le cabinet d\u2019expert comptable Ernst & Young","og_url":"https:\/\/www.plus-que-pro-distribution.fr\/gregory-regouby-elu-entrepreneur-de-lannee-par-ernst-young\/","og_site_name":"Plus que pro - Distribution","article_publisher":"https:\/\/www.facebook.com\/Plusquepro\/","article_published_time":"2019-09-18T12:37:08+00:00","article_modified_time":"2025-02-19T13:44:28+00:00","og_image":[{"width":1245,"height":687,"url":"https:\/\/www.plus-que-pro-distribution.fr\/uploads\/Concours-EY-_-Gregory-Regouby-recoit-le-prix-dEntrepreneur-de-lAnnee-Start-Up.jpg","type":"image\/jpeg"}],"author":"Jean","twitter_card":"summary_large_image","twitter_misc":{"Written by":"Jean","Est. reading time":"2 minutes"},"schema":{"@context":"https:\/\/schema.org","@graph":[{"@type":"Article","@id":"https:\/\/www.plus-que-pro-distribution.fr\/gregory-regouby-elu-entrepreneur-de-lannee-par-ernst-young\/#article","isPartOf":{"@id":"https:\/\/www.plus-que-pro-distribution.fr\/gregory-regouby-elu-entrepreneur-de-lannee-par-ernst-young\/"},"author":{"name":"Jean","@id":"https:\/\/www.plus-que-pro-distribution.fr\/#\/schema\/person\/751af92e7c43e3eeb98f4f63875e4ceb"},"headline":"Gr\u00e9gory Regouby, \u00e9lu Entrepreneur de l\u2019ann\u00e9e par Ernst &#038; Young","datePublished":"2019-09-18T12:37:08+00:00","dateModified":"2025-02-19T13:44:28+00:00","mainEntityOfPage":{"@id":"https:\/\/www.plus-que-pro-distribution.fr\/gregory-regouby-elu-entrepreneur-de-lannee-par-ernst-young\/"},"wordCount":224,"commentCount":0,"publisher":{"@id":"https:\/\/www.plus-que-pro-distribution.fr\/#organization"},"image":{"@id":"https:\/\/www.plus-que-pro-distribution.fr\/gregory-regouby-elu-entrepreneur-de-lannee-par-ernst-young\/#primaryimage"},"thumbnailUrl":"https:\/\/www.plus-que-pro-distribution.fr\/uploads\/Concours-EY-_-Gregory-Regouby-recoit-le-prix-dEntrepreneur-de-lAnnee-Start-Up.jpg","articleSection":["Nos actualit\u00e9s"],"inLanguage":"fr-FR","potentialAction":[{"@type":"CommentAction","name":"Comment","target":["https:\/\/www.plus-que-pro-distribution.fr\/gregory-regouby-elu-entrepreneur-de-lannee-par-ernst-young\/#respond"]}]},{"@type":"WebPage","@id":"https:\/\/www.plus-que-pro-distribution.fr\/gregory-regouby-elu-entrepreneur-de-lannee-par-ernst-young\/","url":"https:\/\/www.plus-que-pro-distribution.fr\/gregory-regouby-elu-entrepreneur-de-lannee-par-ernst-young\/","name":"Le prix de l\u2019entrepreneur 2019 d\u00e9cern\u00e9 \u00e0 Gr\u00e9gory Regouby","isPartOf":{"@id":"https:\/\/www.plus-que-pro-distribution.fr\/#website"},"primaryImageOfPage":{"@id":"https:\/\/www.plus-que-pro-distribution.fr\/gregory-regouby-elu-entrepreneur-de-lannee-par-ernst-young\/#primaryimage"},"image":{"@id":"https:\/\/www.plus-que-pro-distribution.fr\/gregory-regouby-elu-entrepreneur-de-lannee-par-ernst-young\/#primaryimage"},"thumbnailUrl":"https:\/\/www.plus-que-pro-distribution.fr\/uploads\/Concours-EY-_-Gregory-Regouby-recoit-le-prix-dEntrepreneur-de-lAnnee-Start-Up.jpg","datePublished":"2019-09-18T12:37:08+00:00","dateModified":"2025-02-19T13:44:28+00:00","description":"Le pr\u00e9sident de Plus que pro Gr\u00e9gory Regouby s\u2019est vu remettre le prix de l\u2019Entrepreneur de l\u2019ann\u00e9e 2019 par le cabinet d\u2019expert comptable Ernst & Young","breadcrumb":{"@id":"https:\/\/www.plus-que-pro-distribution.fr\/gregory-regouby-elu-entrepreneur-de-lannee-par-ernst-young\/#breadcrumb"},"inLanguage":"fr-FR","potentialAction":[{"@type":"ReadAction","target":["https:\/\/www.plus-que-pro-distribution.fr\/gregory-regouby-elu-entrepreneur-de-lannee-par-ernst-young\/"]}]},{"@type":"ImageObject","inLanguage":"fr-FR","@id":"https:\/\/www.plus-que-pro-distribution.fr\/gregory-regouby-elu-entrepreneur-de-lannee-par-ernst-young\/#primaryimage","url":"https:\/\/www.plus-que-pro-distribution.fr\/uploads\/Concours-EY-_-Gregory-Regouby-recoit-le-prix-dEntrepreneur-de-lAnnee-Start-Up.jpg","contentUrl":"https:\/\/www.plus-que-pro-distribution.fr\/uploads\/Concours-EY-_-Gregory-Regouby-recoit-le-prix-dEntrepreneur-de-lAnnee-Start-Up.jpg","width":1245,"height":687,"caption":"Concours E&Y _ Gr\u00e9gory Regouby re\u00e7oit le prix d'Entrepreneur de l'Ann\u00e9e - Start-Up"},{"@type":"BreadcrumbList","@id":"https:\/\/www.plus-que-pro-distribution.fr\/gregory-regouby-elu-entrepreneur-de-lannee-par-ernst-young\/#breadcrumb","itemListElement":[{"@type":"ListItem","position":1,"name":"Home","item":"https:\/\/www.plus-que-pro-distribution.fr\/"},{"@type":"ListItem","position":2,"name":"Gr\u00e9gory Regouby, \u00e9lu Entrepreneur de l\u2019ann\u00e9e par Ernst &#038; Young"}]},{"@type":"WebSite","@id":"https:\/\/www.plus-que-pro-distribution.fr\/#website","url":"https:\/\/www.plus-que-pro-distribution.fr\/","name":"Plus que pro distribution","description":"","publisher":{"@id":"https:\/\/www.plus-que-pro-distribution.fr\/#organization"},"potentialAction":[{"@type":"SearchAction","target":{"@type":"EntryPoint","urlTemplate":"https:\/\/www.plus-que-pro-distribution.fr\/?s={search_term_string}"},"query-input":{"@type":"PropertyValueSpecification","valueRequired":true,"valueName":"search_term_string"}}],"inLanguage":"fr-FR"},{"@type":"Organization","@id":"https:\/\/www.plus-que-pro-distribution.fr\/#organization","name":"Plus que pro distribution","url":"https:\/\/www.plus-que-pro-distribution.fr\/","logo":{"@type":"ImageObject","inLanguage":"fr-FR","@id":"https:\/\/www.plus-que-pro-distribution.fr\/#\/schema\/logo\/image\/","url":"https:\/\/www.plus-que-pro-distribution.fr\/uploads\/logo-pqp-distribution.svg","contentUrl":"https:\/\/www.plus-que-pro-distribution.fr\/uploads\/logo-pqp-distribution.svg","width":144,"height":34,"caption":"Plus que pro distribution"},"image":{"@id":"https:\/\/www.plus-que-pro-distribution.fr\/#\/schema\/logo\/image\/"},"sameAs":["https:\/\/www.facebook.com\/Plusquepro\/"]},{"@type":"Person","@id":"https:\/\/www.plus-que-pro-distribution.fr\/#\/schema\/person\/751af92e7c43e3eeb98f4f63875e4ceb","name":"Jean","image":{"@type":"ImageObject","inLanguage":"fr-FR","@id":"https:\/\/www.plus-que-pro-distribution.fr\/#\/schema\/person\/image\/","url":"https:\/\/secure.gravatar.com\/avatar\/aac25d1e3a248ba1be7404ccf9581f1a78704d8a0e292c792ed971a596325c72?s=96&d=mm&r=g","contentUrl":"https:\/\/secure.gravatar.com\/avatar\/aac25d1e3a248ba1be7404ccf9581f1a78704d8a0e292c792ed971a596325c72?s=96&d=mm&r=g","caption":"Jean"}}]}},"_links":{"self":[{"href":"https:\/\/www.plus-que-pro-distribution.fr\/api\/wp\/v2\/posts\/7878","targetHints":{"allow":["GET"]}}],"collection":[{"href":"https:\/\/www.plus-que-pro-distribution.fr\/api\/wp\/v2\/posts"}],"about":[{"href":"https:\/\/www.plus-que-pro-distribution.fr\/api\/wp\/v2\/types\/post"}],"author":[{"embeddable":true,"href":"https:\/\/www.plus-que-pro-distribution.fr\/api\/wp\/v2\/users\/4"}],"replies":[{"embeddable":true,"href":"https:\/\/www.plus-que-pro-distribution.fr\/api\/wp\/v2\/comments?post=7878"}],"version-history":[{"count":2,"href":"https:\/\/www.plus-que-pro-distribution.fr\/api\/wp\/v2\/posts\/7878\/revisions"}],"predecessor-version":[{"id":18323,"href":"https:\/\/www.plus-que-pro-distribution.fr\/api\/wp\/v2\/posts\/7878\/revisions\/18323"}],"wp:featuredmedia":[{"embeddable":true,"href":"https:\/\/www.plus-que-pro-distribution.fr\/api\/wp\/v2\/media\/17843"}],"wp:attachment":[{"href":"https:\/\/www.plus-que-pro-distribution.fr\/api\/wp\/v2\/media?parent=7878"}],"wp:term":[{"taxonomy":"category","embeddable":true,"href":"https:\/\/www.plus-que-pro-distribution.fr\/api\/wp\/v2\/categories?post=7878"},{"taxonomy":"post_tag","embeddable":true,"href":"https:\/\/www.plus-que-pro-distribution.fr\/api\/wp\/v2\/tags?post=7878"}],"curies":[{"name":"wp","href":"https:\/\/api.w.org\/{rel}","templated":true}]}}