{"id":7214,"date":"2019-05-10T13:39:52","date_gmt":"2019-05-10T13:39:52","guid":{"rendered":"https:\/\/www.network-plus-que-pro.fr\/?p=7214"},"modified":"2025-01-16T10:47:10","modified_gmt":"2025-01-16T09:47:10","slug":"le-journal-des-entreprises-parle-du-developpement-de-plus-que-pro","status":"publish","type":"post","link":"https:\/\/www.plus-que-pro-distribution.fr\/le-journal-des-entreprises-parle-du-developpement-de-plus-que-pro\/","title":{"rendered":"Le Journal des Entreprises parle du d\u00e9veloppement de Plus que pro"},"content":{"rendered":"<h2 class=\"wp-block-heading text-balance [&amp;_+_*]:mt-m [&amp;_+_*]:md:mt-l [*_+_&amp;]:mt-m [*_+_&amp;]:md:mt-l [&amp;.text-caption_+_*]:!mt-xs [&amp;.text-caption_+_*]:md:!mt-xs [&amp;_a]:underline [&amp;_a]:underline-offset-2 [&amp;_a]:text-secondary-500 text-h2 aligndefault max-w-default mx-auto \" >Le Journal des Entreprises a r\u00e9alis\u00e9 un papier consacr\u00e9 au d\u00e9veloppement du r\u00e9seau Plus que pro qui va accueillir <b>un nouveau b\u00e2timent sur le site d\u2019Obernai en 2020<\/b>.<\/h2>\n\n<p class=\"[&amp;_a]:underline [&amp;_a]:underline-offset-2 [&amp;_a]:text-secondary-500 [&amp;_a:focus-visible]:outline-none [&amp;_a:focus]:outline-none [&amp;_a:focus-visible]:ring-2 [&amp;_a:focus-visible]:ring-offset-2 [&amp;_a:focus-visible]:ring-secondary-500 [&amp;_a:focus-visible]:rounded-full [&amp;_+_*]:mt-xs [*_+_&amp;]:mt-xs [&amp;_+_.wp-block-group]:mt-m [&amp;_+_.wp-block-group]:md:mt-l [&amp;.text-caption_+_*]:!mt-xs [&amp;.text-caption_+_*]:md:!mt-xs aligndefault max-w-default mx-auto \" >\u00a0<\/p>\n\n<figure class=\"block m-0\" ><img decoding=\"async\" src=\"https:\/\/www.plus-que-pro-distribution.fr\/uploads\/plus-que-pro-jde-1024x569.jpg\" alt=\"Le Journal des Entreprises parle du d\u00e9veloppement de Plus que pro\" class=\"inline-block rounded-tr-media rounded-tl-media rounded-bl-media rounded-br-media \" ><\/figure>\n\n<p class=\"[&amp;_a]:underline [&amp;_a]:underline-offset-2 [&amp;_a]:text-secondary-500 [&amp;_a:focus-visible]:outline-none [&amp;_a:focus]:outline-none [&amp;_a:focus-visible]:ring-2 [&amp;_a:focus-visible]:ring-offset-2 [&amp;_a:focus-visible]:ring-secondary-500 [&amp;_a:focus-visible]:rounded-full [&amp;_+_*]:mt-xs [*_+_&amp;]:mt-xs [&amp;_+_.wp-block-group]:mt-m [&amp;_+_.wp-block-group]:md:mt-l [&amp;.text-caption_+_*]:!mt-xs [&amp;.text-caption_+_*]:md:!mt-xs aligndefault max-w-default mx-auto \" ><\/p>\n\n<p class=\"[&amp;_a]:underline [&amp;_a]:underline-offset-2 [&amp;_a]:text-secondary-500 [&amp;_a:focus-visible]:outline-none [&amp;_a:focus]:outline-none [&amp;_a:focus-visible]:ring-2 [&amp;_a:focus-visible]:ring-offset-2 [&amp;_a:focus-visible]:ring-secondary-500 [&amp;_a:focus-visible]:rounded-full [&amp;_+_*]:mt-xs [*_+_&amp;]:mt-xs [&amp;_+_.wp-block-group]:mt-m [&amp;_+_.wp-block-group]:md:mt-l [&amp;.text-caption_+_*]:!mt-xs [&amp;.text-caption_+_*]:md:!mt-xs aligndefault max-w-default mx-auto \" >Adelise Foucault y rappelle l\u2019historique de ce concept n\u00e9 en Alsace en 2014 et qui se d\u00e9veloppe sur l\u2019ensemble du territoire depuis fin 2017.<br>\n20 partenaires rassemblent les Meilleures Entreprises de France dans leurs d\u00e9partements respectifs pour permettre \u00e0 toujours plus de consommateurs de faire un choix \u00e9clair\u00e9, sur la base d\u2019avis clients contr\u00f4l\u00e9s et aux entreprises de qualit\u00e9 de gagner en visibilit\u00e9.<\/p>\n\n<p class=\"[&amp;_a]:underline [&amp;_a]:underline-offset-2 [&amp;_a]:text-secondary-500 [&amp;_a:focus-visible]:outline-none [&amp;_a:focus]:outline-none [&amp;_a:focus-visible]:ring-2 [&amp;_a:focus-visible]:ring-offset-2 [&amp;_a:focus-visible]:ring-secondary-500 [&amp;_a:focus-visible]:rounded-full [&amp;_+_*]:mt-xs [*_+_&amp;]:mt-xs [&amp;_+_.wp-block-group]:mt-m [&amp;_+_.wp-block-group]:md:mt-l [&amp;.text-caption_+_*]:!mt-xs [&amp;.text-caption_+_*]:md:!mt-xs aligndefault max-w-default mx-auto \" ><strong>Cliquez sur l&rsquo;image ci-dessous pour d\u00e9couvrir l&rsquo;article.<\/strong><\/p>\n\n<figure class=\"block m-0\" ><a href=\"https:\/\/www.plus-que-pro-distribution.fr\/uploads\/plus-que-pro-construit-a-obernai-JDEAlsace-mai19.pdf\" target=\"_blank\" rel=\"noopener noreferrer\" class=\"focus-visible:outline-none focus:outline-none focus-visible:ring-2 focus-visible:ring-offset-2 focus-visible:ring-secondary-500 rounded-full\" ><img decoding=\"async\" src=\"https:\/\/www.plus-que-pro-distribution.fr\/uploads\/jde-plus-que-pro.jpg\" alt=\"Plus que pro dans les colonnes du JDE\" class=\"inline-block rounded-tr-media rounded-tl-media rounded-bl-media rounded-br-media \" ><\/a><\/figure>\n\n<p class=\"[&amp;_a]:underline [&amp;_a]:underline-offset-2 [&amp;_a]:text-secondary-500 [&amp;_a:focus-visible]:outline-none [&amp;_a:focus]:outline-none [&amp;_a:focus-visible]:ring-2 [&amp;_a:focus-visible]:ring-offset-2 [&amp;_a:focus-visible]:ring-secondary-500 [&amp;_a:focus-visible]:rounded-full [&amp;_+_*]:mt-xs [*_+_&amp;]:mt-xs [&amp;_+_.wp-block-group]:mt-m [&amp;_+_.wp-block-group]:md:mt-l [&amp;.text-caption_+_*]:!mt-xs [&amp;.text-caption_+_*]:md:!mt-xs aligndefault max-w-default mx-auto \" ><\/p>","protected":false},"excerpt":{"rendered":"<p>Le Journal des Entreprises a r\u00e9alis\u00e9 un papier consacr\u00e9 au d\u00e9veloppement du r\u00e9seau Plus que pro qui va accueillir un nouveau b\u00e2timent sur le site d\u2019Obernai en 2020.<\/p>\n","protected":false},"author":4,"featured_media":7215,"comment_status":"open","ping_status":"open","sticky":false,"template":"","format":"standard","meta":{"footnotes":""},"categories":[6],"tags":[],"class_list":["post-7214","post","type-post","status-publish","format-standard","has-post-thumbnail","hentry","category-nos-actualites"],"yoast_head":"<title>Plus que pro un nouveau b\u00e2timent \u00e0 Obernai<\/title>\n<meta name=\"description\" content=\"Le Journal des Entreprises revient sur le concept Plus que pro, r\u00e9seau n\u00e9 en Alsace en 2014 et qui est en train de construire de nouveaux locaux\" \/>\n<meta name=\"robots\" content=\"index, follow, max-snippet:-1, max-image-preview:large, max-video-preview:-1\" \/>\n<link rel=\"canonical\" href=\"https:\/\/www.plus-que-pro-distribution.fr\/le-journal-des-entreprises-parle-du-developpement-de-plus-que-pro\/\" \/>\n<meta property=\"og:locale\" content=\"fr_FR\" \/>\n<meta property=\"og:type\" content=\"article\" \/>\n<meta property=\"og:title\" content=\"Plus que pro un nouveau b\u00e2timent \u00e0 Obernai\" \/>\n<meta property=\"og:description\" content=\"Le Journal des Entreprises revient sur le concept Plus que pro, r\u00e9seau n\u00e9 en Alsace en 2014 et qui est en train de construire de nouveaux locaux\" \/>\n<meta property=\"og:url\" content=\"https:\/\/www.plus-que-pro-distribution.fr\/le-journal-des-entreprises-parle-du-developpement-de-plus-que-pro\/\" \/>\n<meta property=\"og:site_name\" content=\"Plus que pro - Distribution\" \/>\n<meta property=\"article:publisher\" content=\"https:\/\/www.facebook.com\/Plusquepro\/\" \/>\n<meta property=\"article:published_time\" content=\"2019-05-10T13:39:52+00:00\" \/>\n<meta property=\"article:modified_time\" content=\"2025-01-16T09:47:10+00:00\" \/>\n<meta property=\"og:image\" content=\"https:\/\/www.plus-que-pro-distribution.fr\/uploads\/plus-que-pro-jde.jpg\" \/>\n\t<meta property=\"og:image:width\" content=\"1080\" \/>\n\t<meta property=\"og:image:height\" content=\"600\" \/>\n\t<meta property=\"og:image:type\" content=\"image\/jpeg\" \/>\n<meta name=\"author\" content=\"Jean\" \/>\n<meta name=\"twitter:card\" content=\"summary_large_image\" \/>\n<meta name=\"twitter:label1\" content=\"Written by\" \/>\n\t<meta name=\"twitter:data1\" content=\"Jean\" \/>\n\t<meta name=\"twitter:label2\" content=\"Est. reading time\" \/>\n\t<meta name=\"twitter:data2\" content=\"2 minutes\" \/>\n<script type=\"application\/ld+json\" class=\"yoast-schema-graph\">{\"@context\":\"https:\/\/schema.org\",\"@graph\":[{\"@type\":\"Article\",\"@id\":\"https:\/\/www.plus-que-pro-distribution.fr\/le-journal-des-entreprises-parle-du-developpement-de-plus-que-pro\/#article\",\"isPartOf\":{\"@id\":\"https:\/\/www.plus-que-pro-distribution.fr\/le-journal-des-entreprises-parle-du-developpement-de-plus-que-pro\/\"},\"author\":{\"name\":\"Jean\",\"@id\":\"https:\/\/www.plus-que-pro-distribution.fr\/#\/schema\/person\/751af92e7c43e3eeb98f4f63875e4ceb\"},\"headline\":\"Le Journal des Entreprises parle du d\u00e9veloppement de Plus que pro\",\"datePublished\":\"2019-05-10T13:39:52+00:00\",\"dateModified\":\"2025-01-16T09:47:10+00:00\",\"mainEntityOfPage\":{\"@id\":\"https:\/\/www.plus-que-pro-distribution.fr\/le-journal-des-entreprises-parle-du-developpement-de-plus-que-pro\/\"},\"wordCount\":121,\"commentCount\":0,\"publisher\":{\"@id\":\"https:\/\/www.plus-que-pro-distribution.fr\/#organization\"},\"image\":{\"@id\":\"https:\/\/www.plus-que-pro-distribution.fr\/le-journal-des-entreprises-parle-du-developpement-de-plus-que-pro\/#primaryimage\"},\"thumbnailUrl\":\"https:\/\/www.plus-que-pro-distribution.fr\/uploads\/plus-que-pro-jde.jpg\",\"articleSection\":[\"Nos actualit\u00e9s\"],\"inLanguage\":\"fr-FR\",\"potentialAction\":[{\"@type\":\"CommentAction\",\"name\":\"Comment\",\"target\":[\"https:\/\/www.plus-que-pro-distribution.fr\/le-journal-des-entreprises-parle-du-developpement-de-plus-que-pro\/#respond\"]}]},{\"@type\":\"WebPage\",\"@id\":\"https:\/\/www.plus-que-pro-distribution.fr\/le-journal-des-entreprises-parle-du-developpement-de-plus-que-pro\/\",\"url\":\"https:\/\/www.plus-que-pro-distribution.fr\/le-journal-des-entreprises-parle-du-developpement-de-plus-que-pro\/\",\"name\":\"Plus que pro un nouveau b\u00e2timent \u00e0 Obernai\",\"isPartOf\":{\"@id\":\"https:\/\/www.plus-que-pro-distribution.fr\/#website\"},\"primaryImageOfPage\":{\"@id\":\"https:\/\/www.plus-que-pro-distribution.fr\/le-journal-des-entreprises-parle-du-developpement-de-plus-que-pro\/#primaryimage\"},\"image\":{\"@id\":\"https:\/\/www.plus-que-pro-distribution.fr\/le-journal-des-entreprises-parle-du-developpement-de-plus-que-pro\/#primaryimage\"},\"thumbnailUrl\":\"https:\/\/www.plus-que-pro-distribution.fr\/uploads\/plus-que-pro-jde.jpg\",\"datePublished\":\"2019-05-10T13:39:52+00:00\",\"dateModified\":\"2025-01-16T09:47:10+00:00\",\"description\":\"Le Journal des Entreprises revient sur le concept Plus que pro, r\u00e9seau n\u00e9 en Alsace en 2014 et qui est en train de construire de nouveaux locaux\",\"breadcrumb\":{\"@id\":\"https:\/\/www.plus-que-pro-distribution.fr\/le-journal-des-entreprises-parle-du-developpement-de-plus-que-pro\/#breadcrumb\"},\"inLanguage\":\"fr-FR\",\"potentialAction\":[{\"@type\":\"ReadAction\",\"target\":[\"https:\/\/www.plus-que-pro-distribution.fr\/le-journal-des-entreprises-parle-du-developpement-de-plus-que-pro\/\"]}]},{\"@type\":\"ImageObject\",\"inLanguage\":\"fr-FR\",\"@id\":\"https:\/\/www.plus-que-pro-distribution.fr\/le-journal-des-entreprises-parle-du-developpement-de-plus-que-pro\/#primaryimage\",\"url\":\"https:\/\/www.plus-que-pro-distribution.fr\/uploads\/plus-que-pro-jde.jpg\",\"contentUrl\":\"https:\/\/www.plus-que-pro-distribution.fr\/uploads\/plus-que-pro-jde.jpg\",\"width\":1080,\"height\":600,\"caption\":\"Le Journal des Entreprises parle du d\u00e9veloppement de Plus que pro\"},{\"@type\":\"BreadcrumbList\",\"@id\":\"https:\/\/www.plus-que-pro-distribution.fr\/le-journal-des-entreprises-parle-du-developpement-de-plus-que-pro\/#breadcrumb\",\"itemListElement\":[{\"@type\":\"ListItem\",\"position\":1,\"name\":\"Home\",\"item\":\"https:\/\/www.plus-que-pro-distribution.fr\/\"},{\"@type\":\"ListItem\",\"position\":2,\"name\":\"Le Journal des Entreprises parle du d\u00e9veloppement de Plus que pro\"}]},{\"@type\":\"WebSite\",\"@id\":\"https:\/\/www.plus-que-pro-distribution.fr\/#website\",\"url\":\"https:\/\/www.plus-que-pro-distribution.fr\/\",\"name\":\"Plus que pro distribution\",\"description\":\"\",\"publisher\":{\"@id\":\"https:\/\/www.plus-que-pro-distribution.fr\/#organization\"},\"potentialAction\":[{\"@type\":\"SearchAction\",\"target\":{\"@type\":\"EntryPoint\",\"urlTemplate\":\"https:\/\/www.plus-que-pro-distribution.fr\/?s={search_term_string}\"},\"query-input\":{\"@type\":\"PropertyValueSpecification\",\"valueRequired\":true,\"valueName\":\"search_term_string\"}}],\"inLanguage\":\"fr-FR\"},{\"@type\":\"Organization\",\"@id\":\"https:\/\/www.plus-que-pro-distribution.fr\/#organization\",\"name\":\"Plus que pro distribution\",\"url\":\"https:\/\/www.plus-que-pro-distribution.fr\/\",\"logo\":{\"@type\":\"ImageObject\",\"inLanguage\":\"fr-FR\",\"@id\":\"https:\/\/www.plus-que-pro-distribution.fr\/#\/schema\/logo\/image\/\",\"url\":\"https:\/\/www.plus-que-pro-distribution.fr\/uploads\/logo-pqp-distribution.svg\",\"contentUrl\":\"https:\/\/www.plus-que-pro-distribution.fr\/uploads\/logo-pqp-distribution.svg\",\"width\":144,\"height\":34,\"caption\":\"Plus que pro distribution\"},\"image\":{\"@id\":\"https:\/\/www.plus-que-pro-distribution.fr\/#\/schema\/logo\/image\/\"},\"sameAs\":[\"https:\/\/www.facebook.com\/Plusquepro\/\"]},{\"@type\":\"Person\",\"@id\":\"https:\/\/www.plus-que-pro-distribution.fr\/#\/schema\/person\/751af92e7c43e3eeb98f4f63875e4ceb\",\"name\":\"Jean\",\"image\":{\"@type\":\"ImageObject\",\"inLanguage\":\"fr-FR\",\"@id\":\"https:\/\/www.plus-que-pro-distribution.fr\/#\/schema\/person\/image\/\",\"url\":\"https:\/\/secure.gravatar.com\/avatar\/aac25d1e3a248ba1be7404ccf9581f1a78704d8a0e292c792ed971a596325c72?s=96&d=mm&r=g\",\"contentUrl\":\"https:\/\/secure.gravatar.com\/avatar\/aac25d1e3a248ba1be7404ccf9581f1a78704d8a0e292c792ed971a596325c72?s=96&d=mm&r=g\",\"caption\":\"Jean\"}}]}<\/script>","yoast_head_json":{"title":"Plus que pro un nouveau b\u00e2timent \u00e0 Obernai","description":"Le Journal des Entreprises revient sur le concept Plus que pro, r\u00e9seau n\u00e9 en Alsace en 2014 et qui est en train de construire de nouveaux locaux","robots":{"index":"index","follow":"follow","max-snippet":"max-snippet:-1","max-image-preview":"max-image-preview:large","max-video-preview":"max-video-preview:-1"},"canonical":"https:\/\/www.plus-que-pro-distribution.fr\/le-journal-des-entreprises-parle-du-developpement-de-plus-que-pro\/","og_locale":"fr_FR","og_type":"article","og_title":"Plus que pro un nouveau b\u00e2timent \u00e0 Obernai","og_description":"Le Journal des Entreprises revient sur le concept Plus que pro, r\u00e9seau n\u00e9 en Alsace en 2014 et qui est en train de construire de nouveaux locaux","og_url":"https:\/\/www.plus-que-pro-distribution.fr\/le-journal-des-entreprises-parle-du-developpement-de-plus-que-pro\/","og_site_name":"Plus que pro - Distribution","article_publisher":"https:\/\/www.facebook.com\/Plusquepro\/","article_published_time":"2019-05-10T13:39:52+00:00","article_modified_time":"2025-01-16T09:47:10+00:00","og_image":[{"width":1080,"height":600,"url":"https:\/\/www.plus-que-pro-distribution.fr\/uploads\/plus-que-pro-jde.jpg","type":"image\/jpeg"}],"author":"Jean","twitter_card":"summary_large_image","twitter_misc":{"Written by":"Jean","Est. reading time":"2 minutes"},"schema":{"@context":"https:\/\/schema.org","@graph":[{"@type":"Article","@id":"https:\/\/www.plus-que-pro-distribution.fr\/le-journal-des-entreprises-parle-du-developpement-de-plus-que-pro\/#article","isPartOf":{"@id":"https:\/\/www.plus-que-pro-distribution.fr\/le-journal-des-entreprises-parle-du-developpement-de-plus-que-pro\/"},"author":{"name":"Jean","@id":"https:\/\/www.plus-que-pro-distribution.fr\/#\/schema\/person\/751af92e7c43e3eeb98f4f63875e4ceb"},"headline":"Le Journal des Entreprises parle du d\u00e9veloppement de Plus que pro","datePublished":"2019-05-10T13:39:52+00:00","dateModified":"2025-01-16T09:47:10+00:00","mainEntityOfPage":{"@id":"https:\/\/www.plus-que-pro-distribution.fr\/le-journal-des-entreprises-parle-du-developpement-de-plus-que-pro\/"},"wordCount":121,"commentCount":0,"publisher":{"@id":"https:\/\/www.plus-que-pro-distribution.fr\/#organization"},"image":{"@id":"https:\/\/www.plus-que-pro-distribution.fr\/le-journal-des-entreprises-parle-du-developpement-de-plus-que-pro\/#primaryimage"},"thumbnailUrl":"https:\/\/www.plus-que-pro-distribution.fr\/uploads\/plus-que-pro-jde.jpg","articleSection":["Nos actualit\u00e9s"],"inLanguage":"fr-FR","potentialAction":[{"@type":"CommentAction","name":"Comment","target":["https:\/\/www.plus-que-pro-distribution.fr\/le-journal-des-entreprises-parle-du-developpement-de-plus-que-pro\/#respond"]}]},{"@type":"WebPage","@id":"https:\/\/www.plus-que-pro-distribution.fr\/le-journal-des-entreprises-parle-du-developpement-de-plus-que-pro\/","url":"https:\/\/www.plus-que-pro-distribution.fr\/le-journal-des-entreprises-parle-du-developpement-de-plus-que-pro\/","name":"Plus que pro un nouveau b\u00e2timent \u00e0 Obernai","isPartOf":{"@id":"https:\/\/www.plus-que-pro-distribution.fr\/#website"},"primaryImageOfPage":{"@id":"https:\/\/www.plus-que-pro-distribution.fr\/le-journal-des-entreprises-parle-du-developpement-de-plus-que-pro\/#primaryimage"},"image":{"@id":"https:\/\/www.plus-que-pro-distribution.fr\/le-journal-des-entreprises-parle-du-developpement-de-plus-que-pro\/#primaryimage"},"thumbnailUrl":"https:\/\/www.plus-que-pro-distribution.fr\/uploads\/plus-que-pro-jde.jpg","datePublished":"2019-05-10T13:39:52+00:00","dateModified":"2025-01-16T09:47:10+00:00","description":"Le Journal des Entreprises revient sur le concept Plus que pro, r\u00e9seau n\u00e9 en Alsace en 2014 et qui est en train de construire de nouveaux locaux","breadcrumb":{"@id":"https:\/\/www.plus-que-pro-distribution.fr\/le-journal-des-entreprises-parle-du-developpement-de-plus-que-pro\/#breadcrumb"},"inLanguage":"fr-FR","potentialAction":[{"@type":"ReadAction","target":["https:\/\/www.plus-que-pro-distribution.fr\/le-journal-des-entreprises-parle-du-developpement-de-plus-que-pro\/"]}]},{"@type":"ImageObject","inLanguage":"fr-FR","@id":"https:\/\/www.plus-que-pro-distribution.fr\/le-journal-des-entreprises-parle-du-developpement-de-plus-que-pro\/#primaryimage","url":"https:\/\/www.plus-que-pro-distribution.fr\/uploads\/plus-que-pro-jde.jpg","contentUrl":"https:\/\/www.plus-que-pro-distribution.fr\/uploads\/plus-que-pro-jde.jpg","width":1080,"height":600,"caption":"Le Journal des Entreprises parle du d\u00e9veloppement de Plus que pro"},{"@type":"BreadcrumbList","@id":"https:\/\/www.plus-que-pro-distribution.fr\/le-journal-des-entreprises-parle-du-developpement-de-plus-que-pro\/#breadcrumb","itemListElement":[{"@type":"ListItem","position":1,"name":"Home","item":"https:\/\/www.plus-que-pro-distribution.fr\/"},{"@type":"ListItem","position":2,"name":"Le Journal des Entreprises parle du d\u00e9veloppement de Plus que pro"}]},{"@type":"WebSite","@id":"https:\/\/www.plus-que-pro-distribution.fr\/#website","url":"https:\/\/www.plus-que-pro-distribution.fr\/","name":"Plus que pro distribution","description":"","publisher":{"@id":"https:\/\/www.plus-que-pro-distribution.fr\/#organization"},"potentialAction":[{"@type":"SearchAction","target":{"@type":"EntryPoint","urlTemplate":"https:\/\/www.plus-que-pro-distribution.fr\/?s={search_term_string}"},"query-input":{"@type":"PropertyValueSpecification","valueRequired":true,"valueName":"search_term_string"}}],"inLanguage":"fr-FR"},{"@type":"Organization","@id":"https:\/\/www.plus-que-pro-distribution.fr\/#organization","name":"Plus que pro distribution","url":"https:\/\/www.plus-que-pro-distribution.fr\/","logo":{"@type":"ImageObject","inLanguage":"fr-FR","@id":"https:\/\/www.plus-que-pro-distribution.fr\/#\/schema\/logo\/image\/","url":"https:\/\/www.plus-que-pro-distribution.fr\/uploads\/logo-pqp-distribution.svg","contentUrl":"https:\/\/www.plus-que-pro-distribution.fr\/uploads\/logo-pqp-distribution.svg","width":144,"height":34,"caption":"Plus que pro distribution"},"image":{"@id":"https:\/\/www.plus-que-pro-distribution.fr\/#\/schema\/logo\/image\/"},"sameAs":["https:\/\/www.facebook.com\/Plusquepro\/"]},{"@type":"Person","@id":"https:\/\/www.plus-que-pro-distribution.fr\/#\/schema\/person\/751af92e7c43e3eeb98f4f63875e4ceb","name":"Jean","image":{"@type":"ImageObject","inLanguage":"fr-FR","@id":"https:\/\/www.plus-que-pro-distribution.fr\/#\/schema\/person\/image\/","url":"https:\/\/secure.gravatar.com\/avatar\/aac25d1e3a248ba1be7404ccf9581f1a78704d8a0e292c792ed971a596325c72?s=96&d=mm&r=g","contentUrl":"https:\/\/secure.gravatar.com\/avatar\/aac25d1e3a248ba1be7404ccf9581f1a78704d8a0e292c792ed971a596325c72?s=96&d=mm&r=g","caption":"Jean"}}]}},"_links":{"self":[{"href":"https:\/\/www.plus-que-pro-distribution.fr\/api\/wp\/v2\/posts\/7214","targetHints":{"allow":["GET"]}}],"collection":[{"href":"https:\/\/www.plus-que-pro-distribution.fr\/api\/wp\/v2\/posts"}],"about":[{"href":"https:\/\/www.plus-que-pro-distribution.fr\/api\/wp\/v2\/types\/post"}],"author":[{"embeddable":true,"href":"https:\/\/www.plus-que-pro-distribution.fr\/api\/wp\/v2\/users\/4"}],"replies":[{"embeddable":true,"href":"https:\/\/www.plus-que-pro-distribution.fr\/api\/wp\/v2\/comments?post=7214"}],"version-history":[{"count":2,"href":"https:\/\/www.plus-que-pro-distribution.fr\/api\/wp\/v2\/posts\/7214\/revisions"}],"predecessor-version":[{"id":17388,"href":"https:\/\/www.plus-que-pro-distribution.fr\/api\/wp\/v2\/posts\/7214\/revisions\/17388"}],"wp:featuredmedia":[{"embeddable":true,"href":"https:\/\/www.plus-que-pro-distribution.fr\/api\/wp\/v2\/media\/7215"}],"wp:attachment":[{"href":"https:\/\/www.plus-que-pro-distribution.fr\/api\/wp\/v2\/media?parent=7214"}],"wp:term":[{"taxonomy":"category","embeddable":true,"href":"https:\/\/www.plus-que-pro-distribution.fr\/api\/wp\/v2\/categories?post=7214"},{"taxonomy":"post_tag","embeddable":true,"href":"https:\/\/www.plus-que-pro-distribution.fr\/api\/wp\/v2\/tags?post=7214"}],"curies":[{"name":"wp","href":"https:\/\/api.w.org\/{rel}","templated":true}]}}