{"id":7209,"date":"2019-05-09T09:49:54","date_gmt":"2019-05-09T09:49:54","guid":{"rendered":"https:\/\/www.network-plus-que-pro.fr\/?p=7209"},"modified":"2025-02-19T14:47:17","modified_gmt":"2025-02-19T13:47:17","slug":"plus-que-pro-soutient-lassociation-ela","status":"publish","type":"post","link":"https:\/\/www.plus-que-pro-distribution.fr\/plus-que-pro-soutient-lassociation-ela\/","title":{"rendered":"Plus que pro soutient l\u2019association ELA"},"content":{"rendered":"<p class=\"[&amp;_a]:underline [&amp;_a]:underline-offset-2 [&amp;_a]:text-secondary-500 [&amp;_a:focus-visible]:outline-none [&amp;_a:focus]:outline-none [&amp;_a:focus-visible]:ring-2 [&amp;_a:focus-visible]:ring-offset-2 [&amp;_a:focus-visible]:ring-secondary-500 [&amp;_a:focus-visible]:rounded-full [&amp;_+_*]:mt-xs [*_+_&amp;]:mt-xs [&amp;_+_.wp-block-group]:mt-m [&amp;_+_.wp-block-group]:md:mt-l [&amp;.text-caption_+_*]:!mt-xs [&amp;.text-caption_+_*]:md:!mt-xs aligndefault max-w-default mx-auto \" >Parce que d\u00e9fendre des valeurs au quotidien implique de r\u00e9agir face \u00e0 certaines situations, Plus que pro a d\u00e9cid\u00e9 de s\u2019associer \u00e0 l\u2019association ELA.<br>\nIl y a cinq mois, les parents du petit Camille, 7 ans, apprenaient que leur fils \u00e9tait atteint d\u2019une grave maladie orpheline, l\u2019adr\u00e9noleucodystrophie, qui allait h\u00e9las le priver sans rem\u00e8de de toute autonomie en \u00e0 peine quelques mois et allait bouleverser leur vie et leur quotidien\u2026<\/p>\n\n<figure class=\"block m-0  text-center\" ><img decoding=\"async\" src=\"https:\/\/www.plus-que-pro-distribution.fr\/uploads\/ela-plus-que-pro-video.png\" alt=\"ela-plus-que-pro-video\" class=\"inline-block rounded-tr-media rounded-tl-media rounded-bl-media rounded-br-media \" ><\/figure>\n\n<p class=\"[&amp;_a]:underline [&amp;_a]:underline-offset-2 [&amp;_a]:text-secondary-500 [&amp;_a:focus-visible]:outline-none [&amp;_a:focus]:outline-none [&amp;_a:focus-visible]:ring-2 [&amp;_a:focus-visible]:ring-offset-2 [&amp;_a:focus-visible]:ring-secondary-500 [&amp;_a:focus-visible]:rounded-full [&amp;_+_*]:mt-xs [*_+_&amp;]:mt-xs [&amp;_+_.wp-block-group]:mt-m [&amp;_+_.wp-block-group]:md:mt-l [&amp;.text-caption_+_*]:!mt-xs [&amp;.text-caption_+_*]:md:!mt-xs aligndefault max-w-default mx-auto \" ><\/p>\n\n<p class=\"[&amp;_a]:underline [&amp;_a]:underline-offset-2 [&amp;_a]:text-secondary-500 [&amp;_a:focus-visible]:outline-none [&amp;_a:focus]:outline-none [&amp;_a:focus-visible]:ring-2 [&amp;_a:focus-visible]:ring-offset-2 [&amp;_a:focus-visible]:ring-secondary-500 [&amp;_a:focus-visible]:rounded-full [&amp;_+_*]:mt-xs [*_+_&amp;]:mt-xs [&amp;_+_.wp-block-group]:mt-m [&amp;_+_.wp-block-group]:md:mt-l [&amp;.text-caption_+_*]:!mt-xs [&amp;.text-caption_+_*]:md:!mt-xs aligndefault max-w-default mx-auto \" ><strong>Pour la premi\u00e8re fois en France<\/strong>, Plus que pro s\u2019associe \u00e0 l\u2019association europ\u00e9enne \u00ab ELA \u00bb, qui \u0153uvre depuis des ann\u00e9es pour qu\u2019un traitement \u00e0 cette terrible maladie soit enfin trouv\u00e9, pour\u00a0<strong>soutenir concr\u00e8tement et financi\u00e8rement les parents du petit Camille<\/strong>\u00a0qui doivent am\u00e9nager d\u2019urgence leur domicile pour l\u2019adapter \u00e0 l\u2019\u00e9tat de sant\u00e9 de leur fils en quelques mois \u00e0 peine\u2026<br>\nPlus que pro appelle \u00e0 la solidarit\u00e9 pour aider la famille de Camille<br>\nConcr\u00e8tement, les parents de Camille doivent imp\u00e9rativement et rapidement<strong>\u00a0transformer leur garage en chambre<\/strong>\u00a0qui sera alors plus facilement accessible et l\u2019\u00e9quiper d\u2019une salle de bains. Un passage entre le garage et la maison doit \u00e9galement \u00eatre cr\u00e9\u00e9.<\/p>\n\n<figure class=\"wp-block-embed relative aligndefault max-w-default mx-auto [&amp;_lite-youtube]:w-full [&amp;_lite-youtube]:h-full [&amp;_lite-youtube]:rounded-media [&amp;_lite-youtube]:aspect-video [&amp;_lite-youtube]:mx-auto [&amp;_lite-youtube]:max-w-default [&amp;.alignfull_&gt;_lite-youtube]:rounded-none [&amp;.alignfull_&gt;_figcaption]:pl-global-padding \" >\n<lite-youtube js-api params=\"enablejsapi=1&#038;autoplay=0\" videoid=\"embed\/8sPWRVjsthM\" title=\"Plus que pro et l'association ELA partenaires pour une action de solidarit\u00e9 in\u00e9dite en France\" width=\"500\" height=\"281\" data-src=\"https:\/\/www.youtube.com\/embed\/8sPWRVjsthM?feature=oembed\" frameborder=\"0\" allow=\"accelerometer; autoplay; clipboard-write; encrypted-media; gyroscope; picture-in-picture; web-share\" referrerpolicy=\"strict-origin-when-cross-origin\" allowfullscreen><\/lite-youtube>\n<div x-on:click.stop=\"\" class=\"youtube-consent-overlay flex relative items-center text-center rounded-sm p-global-padding bg-primary-950 gap-s flex-col\" ><div class=\"text-white has-text-color\" >La lecture des vid\u00e9os Youtube est conditionn\u00e9e au d\u00e9p\u00f4t de cookies sur votre terminal pour permettre la diffusion des vid\u00e9os, mais \u00e9galement pour des finalit\u00e9s publicitaires. En cliquant sur \u00ab\u00a0Autoriser\u00a0\u00bb, vous consentez au d\u00e9p\u00f4t de cookies pour l&rsquo;ensemble des finalit\u00e9s.<\/div><a target=\"_blank\" href=\"https:\/\/policies.google.com\/privacy?hl=fr&amp;gl=fr\" class=\"text-white underline focus-visible:outline-none focus:outline-none focus-visible:ring-2 focus-visible:ring-offset-2 focus-visible:ring-secondary-500 rounded-full\" >Consulter la politique de confidentialit\u00e9 de Youtube<\/a><div class=\"justify-center wp-block-buttons flex flex-col md:flex-row items-start gap-7\" ><button x-data=\"{\n            init() {\n                window.didomiOnReady = window.didomiOnReady || [];\n                window.didomiOnReady.push((Didomi) =&gt; {\n                    Didomi.getObservableOnUserConsentStatusForVendor(&quot;c:youtube-axWT9ZeX&quot;).subscribe(\n                        (consentStatus) =&gt; {\n                            if (consentStatus === true) {\n                                this.showAllVideos();\n                            }\n                        }\n                    );\n                });\n            },\n            showAllVideos() {\n\t\t\t\tconst liteYoutubes = document.querySelectorAll(&quot;lite-youtube&quot;);\n\t\t\t\tif (liteYoutubes.length === 0) {\n\t\t\t\t\treturn;\n\t\t\t\t}\n\n\t\t\t\tliteYoutubes.forEach((liteYoutube) =&gt; {\n\t\t\t\t\tconst src = liteYoutube.getAttribute(&quot;data-src&quot;);\n\t\t\t\t\tliteYoutube.setAttribute(&quot;src&quot;, src);\n\t\t\t\t});\n\n\t\t\t\tconst overlays = document.querySelectorAll(&quot;.youtube-consent-overlay&quot;);\n\t\t\t\tif (overlays.length === 0) {\n\t\t\t\t\treturn;\n\t\t\t\t}\n\n\t\t\t\toverlays.forEach((overlay) =&gt; {\n\t\t\t\t\toverlay.style.display = &quot;none&quot;;\n\t\t\t\t});\n            },\n            handleYoutubeConsent() {\n                if (typeof Didomi === &quot;undefined&quot;) {\n                    return;\n                }\n\n                const youtubeVendor = Didomi.getVendorById(&quot;c:youtube-axWT9ZeX&quot;);\n                if (!youtubeVendor) {\n                    return;\n                }\n                const transaction = Didomi.openCurrentUserStatusTransaction();\n                transaction.enableVendor(youtubeVendor.didomiId);\n                transaction.enablePurposes(youtubeVendor.purposeIds);\n                transaction.commit();\n            }\n        }\" x-on:click=\"handleYoutubeConsent()\" x-on:init=\"init()\" class=\"flex-none border-2 inline-flex items-center gap-2 py-3 px-6 rounded-full is-style-fill text-white border-secondary-500 bg-secondary-500 hover:border-secondary-600 hover:bg-secondary-600 transition ease-in duration-300 disabled:bg-secondary-200 disabled:border-secondary-200\" >Autoriser<\/button><\/div><\/div> <figcaption class=\"text-caption text-deep-300 has-text-color \" ><\/figcaption><\/figure>\n\n<h2 class=\"wp-block-heading text-balance [&amp;_+_*]:mt-m [&amp;_+_*]:md:mt-l [*_+_&amp;]:mt-m [*_+_&amp;]:md:mt-l [&amp;.text-caption_+_*]:!mt-xs [&amp;.text-caption_+_*]:md:!mt-xs [&amp;_a]:underline [&amp;_a]:underline-offset-2 [&amp;_a]:text-secondary-500 text-h2 aligndefault max-w-default mx-auto \" >Plus que pro mobilise ses forces et invite ses membres et non membres \u00e0 apporter leur aide sous diff\u00e9rentes formes\u00a0:<\/h2>\n\n<ul class=\"flex flex-wrap flex-col list-disc pl-6 [*_+_&amp;]:mt-xs [&amp;_+_*]:mt-xs [&amp;_.is-style-check]:marker:content-none aligndefault max-w-default mx-auto \" ><li class=\"[&amp;_a]:underline [&amp;_a]:underline-offset-2 [&amp;_a]:text-secondary-500 \"><strong>une\u00a0<a href=\"https:\/\/www.alvarum.com\/plusqueproela\" target=\"_blank\" rel=\"noopener noreferrer\">cagnotte<\/a><\/strong><\/li>\n\n<li class=\"[&amp;_a]:underline [&amp;_a]:underline-offset-2 [&amp;_a]:text-secondary-500 \"><strong>l\u2019apport de mat\u00e9riaux<\/strong><\/li>\n\n<li class=\"[&amp;_a]:underline [&amp;_a]:underline-offset-2 [&amp;_a]:text-secondary-500 \"><strong>du temps pour r\u00e9aliser les travaux<\/strong><\/li>\n\n<li class=\"[&amp;_a]:underline [&amp;_a]:underline-offset-2 [&amp;_a]:text-secondary-500 \"><strong>toute autre forme de soutien<\/strong><\/li><\/ul>\n\n<p class=\"[&amp;_a]:underline [&amp;_a]:underline-offset-2 [&amp;_a]:text-secondary-500 [&amp;_a:focus-visible]:outline-none [&amp;_a:focus]:outline-none [&amp;_a:focus-visible]:ring-2 [&amp;_a:focus-visible]:ring-offset-2 [&amp;_a:focus-visible]:ring-secondary-500 [&amp;_a:focus-visible]:rounded-full [&amp;_+_*]:mt-xs [*_+_&amp;]:mt-xs [&amp;_+_.wp-block-group]:mt-m [&amp;_+_.wp-block-group]:md:mt-l [&amp;.text-caption_+_*]:!mt-xs [&amp;.text-caption_+_*]:md:!mt-xs aligndefault max-w-default mx-auto \" >Plus que pro est b\u00e2ti sur des valeurs essentiellement humaines &amp; morales et grandit gr\u00e2ce \u00e0 elles\u00a0: respect du consommateur, transparence, \u00e9coute et solidarit\u00e9.<br>\nCet ADN oblige la soci\u00e9t\u00e9 \u00e0 donner \u00e0 chacune de ses actions quotidiennes, un caract\u00e8re r\u00e9ellement utile et b\u00e9n\u00e9fique \u00e0 tous ceux qui leur accordent leur confiance.<\/p>\n\n<p class=\"[&amp;_a]:underline [&amp;_a]:underline-offset-2 [&amp;_a]:text-secondary-500 [&amp;_a:focus-visible]:outline-none [&amp;_a:focus]:outline-none [&amp;_a:focus-visible]:ring-2 [&amp;_a:focus-visible]:ring-offset-2 [&amp;_a:focus-visible]:ring-secondary-500 [&amp;_a:focus-visible]:rounded-full [&amp;_+_*]:mt-xs [*_+_&amp;]:mt-xs [&amp;_+_.wp-block-group]:mt-m [&amp;_+_.wp-block-group]:md:mt-l [&amp;.text-caption_+_*]:!mt-xs [&amp;.text-caption_+_*]:md:!mt-xs aligndefault max-w-default mx-auto \" ><a href=\"https:\/\/www.plus-que-pro-solution.fr\/plus-que-pro-soutient-lassociation-ela\/\">Voir l&rsquo;article source<\/a><\/p>","protected":false},"excerpt":{"rendered":"<p>Parce que d\u00e9fendre des valeurs au quotidien implique de r\u00e9agir face \u00e0 certaines situations, Plus que pro a d\u00e9cid\u00e9 de s\u2019associer \u00e0 l\u2019association ELA.<br \/>\n Il y a cinq mois, les parents du petit Camille, 7 ans, apprenaient que leur fils \u00e9tait atteint d\u2019une grave maladie orpheline, l\u2019adr\u00e9noleucodystrophie, qui allait h\u00e9las le priver sans rem\u00e8de de toute autonomie en \u00e0 peine quelques mois et allait bouleverser leur vie et leur quotidien\u2026<\/p>\n","protected":false},"author":4,"featured_media":17847,"comment_status":"open","ping_status":"open","sticky":false,"template":"","format":"standard","meta":{"footnotes":""},"categories":[6],"tags":[],"class_list":["post-7209","post","type-post","status-publish","format-standard","has-post-thumbnail","hentry","category-nos-actualites"],"yoast_head":"<title>Plus que pro s&#039;unit \u00e0 l&#039;association ELA pour aider Camille<\/title>\n<meta name=\"description\" content=\"Plus que pro et l&#039;association ELA ont d\u00e9cid\u00e9 de devenir partenaires afin d&#039;aider la famille Pr\u00e9vot dont le fils est atteint d&#039;une maladie grave\" \/>\n<meta name=\"robots\" content=\"index, follow, max-snippet:-1, max-image-preview:large, max-video-preview:-1\" \/>\n<link rel=\"canonical\" href=\"https:\/\/www.plus-que-pro-distribution.fr\/plus-que-pro-soutient-lassociation-ela\/\" \/>\n<meta property=\"og:locale\" content=\"fr_FR\" \/>\n<meta property=\"og:type\" content=\"article\" \/>\n<meta property=\"og:title\" content=\"Plus que pro s&#039;unit \u00e0 l&#039;association ELA pour aider Camille\" \/>\n<meta property=\"og:description\" content=\"Plus que pro et l&#039;association ELA ont d\u00e9cid\u00e9 de devenir partenaires afin d&#039;aider la famille Pr\u00e9vot dont le fils est atteint d&#039;une maladie grave\" \/>\n<meta property=\"og:url\" content=\"https:\/\/www.plus-que-pro-distribution.fr\/plus-que-pro-soutient-lassociation-ela\/\" \/>\n<meta property=\"og:site_name\" content=\"Plus que pro - Distribution\" \/>\n<meta property=\"article:publisher\" content=\"https:\/\/www.facebook.com\/Plusquepro\/\" \/>\n<meta property=\"article:published_time\" content=\"2019-05-09T09:49:54+00:00\" \/>\n<meta property=\"article:modified_time\" content=\"2025-02-19T13:47:17+00:00\" \/>\n<meta property=\"og:image\" content=\"https:\/\/www.plus-que-pro-distribution.fr\/uploads\/Plus-que-pro-et-lassociation-ELA-partenaires-pour-une-action-de-solidarite-inedite-en-France.jpg\" \/>\n\t<meta property=\"og:image:width\" content=\"1319\" \/>\n\t<meta property=\"og:image:height\" content=\"681\" \/>\n\t<meta property=\"og:image:type\" content=\"image\/jpeg\" \/>\n<meta name=\"author\" content=\"Jean\" \/>\n<meta name=\"twitter:card\" content=\"summary_large_image\" \/>\n<meta name=\"twitter:label1\" content=\"Written by\" \/>\n\t<meta name=\"twitter:data1\" content=\"Jean\" \/>\n\t<meta name=\"twitter:label2\" content=\"Est. reading time\" \/>\n\t<meta name=\"twitter:data2\" content=\"2 minutes\" \/>\n<script type=\"application\/ld+json\" class=\"yoast-schema-graph\">{\"@context\":\"https:\/\/schema.org\",\"@graph\":[{\"@type\":\"Article\",\"@id\":\"https:\/\/www.plus-que-pro-distribution.fr\/plus-que-pro-soutient-lassociation-ela\/#article\",\"isPartOf\":{\"@id\":\"https:\/\/www.plus-que-pro-distribution.fr\/plus-que-pro-soutient-lassociation-ela\/\"},\"author\":{\"name\":\"Jean\",\"@id\":\"https:\/\/www.plus-que-pro-distribution.fr\/#\/schema\/person\/751af92e7c43e3eeb98f4f63875e4ceb\"},\"headline\":\"Plus que pro soutient l\u2019association ELA\",\"datePublished\":\"2019-05-09T09:49:54+00:00\",\"dateModified\":\"2025-02-19T13:47:17+00:00\",\"mainEntityOfPage\":{\"@id\":\"https:\/\/www.plus-que-pro-distribution.fr\/plus-que-pro-soutient-lassociation-ela\/\"},\"wordCount\":314,\"commentCount\":0,\"publisher\":{\"@id\":\"https:\/\/www.plus-que-pro-distribution.fr\/#organization\"},\"image\":{\"@id\":\"https:\/\/www.plus-que-pro-distribution.fr\/plus-que-pro-soutient-lassociation-ela\/#primaryimage\"},\"thumbnailUrl\":\"https:\/\/www.plus-que-pro-distribution.fr\/uploads\/Plus-que-pro-et-lassociation-ELA-partenaires-pour-une-action-de-solidarite-inedite-en-France.jpg\",\"articleSection\":[\"Nos actualit\u00e9s\"],\"inLanguage\":\"fr-FR\",\"potentialAction\":[{\"@type\":\"CommentAction\",\"name\":\"Comment\",\"target\":[\"https:\/\/www.plus-que-pro-distribution.fr\/plus-que-pro-soutient-lassociation-ela\/#respond\"]}]},{\"@type\":\"WebPage\",\"@id\":\"https:\/\/www.plus-que-pro-distribution.fr\/plus-que-pro-soutient-lassociation-ela\/\",\"url\":\"https:\/\/www.plus-que-pro-distribution.fr\/plus-que-pro-soutient-lassociation-ela\/\",\"name\":\"Plus que pro s'unit \u00e0 l'association ELA pour aider Camille\",\"isPartOf\":{\"@id\":\"https:\/\/www.plus-que-pro-distribution.fr\/#website\"},\"primaryImageOfPage\":{\"@id\":\"https:\/\/www.plus-que-pro-distribution.fr\/plus-que-pro-soutient-lassociation-ela\/#primaryimage\"},\"image\":{\"@id\":\"https:\/\/www.plus-que-pro-distribution.fr\/plus-que-pro-soutient-lassociation-ela\/#primaryimage\"},\"thumbnailUrl\":\"https:\/\/www.plus-que-pro-distribution.fr\/uploads\/Plus-que-pro-et-lassociation-ELA-partenaires-pour-une-action-de-solidarite-inedite-en-France.jpg\",\"datePublished\":\"2019-05-09T09:49:54+00:00\",\"dateModified\":\"2025-02-19T13:47:17+00:00\",\"description\":\"Plus que pro et l'association ELA ont d\u00e9cid\u00e9 de devenir partenaires afin d'aider la famille Pr\u00e9vot dont le fils est atteint d'une maladie grave\",\"breadcrumb\":{\"@id\":\"https:\/\/www.plus-que-pro-distribution.fr\/plus-que-pro-soutient-lassociation-ela\/#breadcrumb\"},\"inLanguage\":\"fr-FR\",\"potentialAction\":[{\"@type\":\"ReadAction\",\"target\":[\"https:\/\/www.plus-que-pro-distribution.fr\/plus-que-pro-soutient-lassociation-ela\/\"]}]},{\"@type\":\"ImageObject\",\"inLanguage\":\"fr-FR\",\"@id\":\"https:\/\/www.plus-que-pro-distribution.fr\/plus-que-pro-soutient-lassociation-ela\/#primaryimage\",\"url\":\"https:\/\/www.plus-que-pro-distribution.fr\/uploads\/Plus-que-pro-et-lassociation-ELA-partenaires-pour-une-action-de-solidarite-inedite-en-France.jpg\",\"contentUrl\":\"https:\/\/www.plus-que-pro-distribution.fr\/uploads\/Plus-que-pro-et-lassociation-ELA-partenaires-pour-une-action-de-solidarite-inedite-en-France.jpg\",\"width\":1319,\"height\":681,\"caption\":\"Plus que pro et l'association ELA partenaires pour une action de solidarit\u00e9 in\u00e9dite en France\"},{\"@type\":\"BreadcrumbList\",\"@id\":\"https:\/\/www.plus-que-pro-distribution.fr\/plus-que-pro-soutient-lassociation-ela\/#breadcrumb\",\"itemListElement\":[{\"@type\":\"ListItem\",\"position\":1,\"name\":\"Home\",\"item\":\"https:\/\/www.plus-que-pro-distribution.fr\/\"},{\"@type\":\"ListItem\",\"position\":2,\"name\":\"Plus que pro soutient l\u2019association ELA\"}]},{\"@type\":\"WebSite\",\"@id\":\"https:\/\/www.plus-que-pro-distribution.fr\/#website\",\"url\":\"https:\/\/www.plus-que-pro-distribution.fr\/\",\"name\":\"Plus que pro distribution\",\"description\":\"\",\"publisher\":{\"@id\":\"https:\/\/www.plus-que-pro-distribution.fr\/#organization\"},\"potentialAction\":[{\"@type\":\"SearchAction\",\"target\":{\"@type\":\"EntryPoint\",\"urlTemplate\":\"https:\/\/www.plus-que-pro-distribution.fr\/?s={search_term_string}\"},\"query-input\":{\"@type\":\"PropertyValueSpecification\",\"valueRequired\":true,\"valueName\":\"search_term_string\"}}],\"inLanguage\":\"fr-FR\"},{\"@type\":\"Organization\",\"@id\":\"https:\/\/www.plus-que-pro-distribution.fr\/#organization\",\"name\":\"Plus que pro distribution\",\"url\":\"https:\/\/www.plus-que-pro-distribution.fr\/\",\"logo\":{\"@type\":\"ImageObject\",\"inLanguage\":\"fr-FR\",\"@id\":\"https:\/\/www.plus-que-pro-distribution.fr\/#\/schema\/logo\/image\/\",\"url\":\"https:\/\/www.plus-que-pro-distribution.fr\/uploads\/logo-pqp-distribution.svg\",\"contentUrl\":\"https:\/\/www.plus-que-pro-distribution.fr\/uploads\/logo-pqp-distribution.svg\",\"width\":144,\"height\":34,\"caption\":\"Plus que pro distribution\"},\"image\":{\"@id\":\"https:\/\/www.plus-que-pro-distribution.fr\/#\/schema\/logo\/image\/\"},\"sameAs\":[\"https:\/\/www.facebook.com\/Plusquepro\/\"]},{\"@type\":\"Person\",\"@id\":\"https:\/\/www.plus-que-pro-distribution.fr\/#\/schema\/person\/751af92e7c43e3eeb98f4f63875e4ceb\",\"name\":\"Jean\",\"image\":{\"@type\":\"ImageObject\",\"inLanguage\":\"fr-FR\",\"@id\":\"https:\/\/www.plus-que-pro-distribution.fr\/#\/schema\/person\/image\/\",\"url\":\"https:\/\/secure.gravatar.com\/avatar\/aac25d1e3a248ba1be7404ccf9581f1a78704d8a0e292c792ed971a596325c72?s=96&d=mm&r=g\",\"contentUrl\":\"https:\/\/secure.gravatar.com\/avatar\/aac25d1e3a248ba1be7404ccf9581f1a78704d8a0e292c792ed971a596325c72?s=96&d=mm&r=g\",\"caption\":\"Jean\"}}]}<\/script>","yoast_head_json":{"title":"Plus que pro s'unit \u00e0 l'association ELA pour aider Camille","description":"Plus que pro et l'association ELA ont d\u00e9cid\u00e9 de devenir partenaires afin d'aider la famille Pr\u00e9vot dont le fils est atteint d'une maladie grave","robots":{"index":"index","follow":"follow","max-snippet":"max-snippet:-1","max-image-preview":"max-image-preview:large","max-video-preview":"max-video-preview:-1"},"canonical":"https:\/\/www.plus-que-pro-distribution.fr\/plus-que-pro-soutient-lassociation-ela\/","og_locale":"fr_FR","og_type":"article","og_title":"Plus que pro s'unit \u00e0 l'association ELA pour aider Camille","og_description":"Plus que pro et l'association ELA ont d\u00e9cid\u00e9 de devenir partenaires afin d'aider la famille Pr\u00e9vot dont le fils est atteint d'une maladie grave","og_url":"https:\/\/www.plus-que-pro-distribution.fr\/plus-que-pro-soutient-lassociation-ela\/","og_site_name":"Plus que pro - Distribution","article_publisher":"https:\/\/www.facebook.com\/Plusquepro\/","article_published_time":"2019-05-09T09:49:54+00:00","article_modified_time":"2025-02-19T13:47:17+00:00","og_image":[{"width":1319,"height":681,"url":"https:\/\/www.plus-que-pro-distribution.fr\/uploads\/Plus-que-pro-et-lassociation-ELA-partenaires-pour-une-action-de-solidarite-inedite-en-France.jpg","type":"image\/jpeg"}],"author":"Jean","twitter_card":"summary_large_image","twitter_misc":{"Written by":"Jean","Est. reading time":"2 minutes"},"schema":{"@context":"https:\/\/schema.org","@graph":[{"@type":"Article","@id":"https:\/\/www.plus-que-pro-distribution.fr\/plus-que-pro-soutient-lassociation-ela\/#article","isPartOf":{"@id":"https:\/\/www.plus-que-pro-distribution.fr\/plus-que-pro-soutient-lassociation-ela\/"},"author":{"name":"Jean","@id":"https:\/\/www.plus-que-pro-distribution.fr\/#\/schema\/person\/751af92e7c43e3eeb98f4f63875e4ceb"},"headline":"Plus que pro soutient l\u2019association ELA","datePublished":"2019-05-09T09:49:54+00:00","dateModified":"2025-02-19T13:47:17+00:00","mainEntityOfPage":{"@id":"https:\/\/www.plus-que-pro-distribution.fr\/plus-que-pro-soutient-lassociation-ela\/"},"wordCount":314,"commentCount":0,"publisher":{"@id":"https:\/\/www.plus-que-pro-distribution.fr\/#organization"},"image":{"@id":"https:\/\/www.plus-que-pro-distribution.fr\/plus-que-pro-soutient-lassociation-ela\/#primaryimage"},"thumbnailUrl":"https:\/\/www.plus-que-pro-distribution.fr\/uploads\/Plus-que-pro-et-lassociation-ELA-partenaires-pour-une-action-de-solidarite-inedite-en-France.jpg","articleSection":["Nos actualit\u00e9s"],"inLanguage":"fr-FR","potentialAction":[{"@type":"CommentAction","name":"Comment","target":["https:\/\/www.plus-que-pro-distribution.fr\/plus-que-pro-soutient-lassociation-ela\/#respond"]}]},{"@type":"WebPage","@id":"https:\/\/www.plus-que-pro-distribution.fr\/plus-que-pro-soutient-lassociation-ela\/","url":"https:\/\/www.plus-que-pro-distribution.fr\/plus-que-pro-soutient-lassociation-ela\/","name":"Plus que pro s'unit \u00e0 l'association ELA pour aider Camille","isPartOf":{"@id":"https:\/\/www.plus-que-pro-distribution.fr\/#website"},"primaryImageOfPage":{"@id":"https:\/\/www.plus-que-pro-distribution.fr\/plus-que-pro-soutient-lassociation-ela\/#primaryimage"},"image":{"@id":"https:\/\/www.plus-que-pro-distribution.fr\/plus-que-pro-soutient-lassociation-ela\/#primaryimage"},"thumbnailUrl":"https:\/\/www.plus-que-pro-distribution.fr\/uploads\/Plus-que-pro-et-lassociation-ELA-partenaires-pour-une-action-de-solidarite-inedite-en-France.jpg","datePublished":"2019-05-09T09:49:54+00:00","dateModified":"2025-02-19T13:47:17+00:00","description":"Plus que pro et l'association ELA ont d\u00e9cid\u00e9 de devenir partenaires afin d'aider la famille Pr\u00e9vot dont le fils est atteint d'une maladie grave","breadcrumb":{"@id":"https:\/\/www.plus-que-pro-distribution.fr\/plus-que-pro-soutient-lassociation-ela\/#breadcrumb"},"inLanguage":"fr-FR","potentialAction":[{"@type":"ReadAction","target":["https:\/\/www.plus-que-pro-distribution.fr\/plus-que-pro-soutient-lassociation-ela\/"]}]},{"@type":"ImageObject","inLanguage":"fr-FR","@id":"https:\/\/www.plus-que-pro-distribution.fr\/plus-que-pro-soutient-lassociation-ela\/#primaryimage","url":"https:\/\/www.plus-que-pro-distribution.fr\/uploads\/Plus-que-pro-et-lassociation-ELA-partenaires-pour-une-action-de-solidarite-inedite-en-France.jpg","contentUrl":"https:\/\/www.plus-que-pro-distribution.fr\/uploads\/Plus-que-pro-et-lassociation-ELA-partenaires-pour-une-action-de-solidarite-inedite-en-France.jpg","width":1319,"height":681,"caption":"Plus que pro et l'association ELA partenaires pour une action de solidarit\u00e9 in\u00e9dite en France"},{"@type":"BreadcrumbList","@id":"https:\/\/www.plus-que-pro-distribution.fr\/plus-que-pro-soutient-lassociation-ela\/#breadcrumb","itemListElement":[{"@type":"ListItem","position":1,"name":"Home","item":"https:\/\/www.plus-que-pro-distribution.fr\/"},{"@type":"ListItem","position":2,"name":"Plus que pro soutient l\u2019association ELA"}]},{"@type":"WebSite","@id":"https:\/\/www.plus-que-pro-distribution.fr\/#website","url":"https:\/\/www.plus-que-pro-distribution.fr\/","name":"Plus que pro distribution","description":"","publisher":{"@id":"https:\/\/www.plus-que-pro-distribution.fr\/#organization"},"potentialAction":[{"@type":"SearchAction","target":{"@type":"EntryPoint","urlTemplate":"https:\/\/www.plus-que-pro-distribution.fr\/?s={search_term_string}"},"query-input":{"@type":"PropertyValueSpecification","valueRequired":true,"valueName":"search_term_string"}}],"inLanguage":"fr-FR"},{"@type":"Organization","@id":"https:\/\/www.plus-que-pro-distribution.fr\/#organization","name":"Plus que pro distribution","url":"https:\/\/www.plus-que-pro-distribution.fr\/","logo":{"@type":"ImageObject","inLanguage":"fr-FR","@id":"https:\/\/www.plus-que-pro-distribution.fr\/#\/schema\/logo\/image\/","url":"https:\/\/www.plus-que-pro-distribution.fr\/uploads\/logo-pqp-distribution.svg","contentUrl":"https:\/\/www.plus-que-pro-distribution.fr\/uploads\/logo-pqp-distribution.svg","width":144,"height":34,"caption":"Plus que pro distribution"},"image":{"@id":"https:\/\/www.plus-que-pro-distribution.fr\/#\/schema\/logo\/image\/"},"sameAs":["https:\/\/www.facebook.com\/Plusquepro\/"]},{"@type":"Person","@id":"https:\/\/www.plus-que-pro-distribution.fr\/#\/schema\/person\/751af92e7c43e3eeb98f4f63875e4ceb","name":"Jean","image":{"@type":"ImageObject","inLanguage":"fr-FR","@id":"https:\/\/www.plus-que-pro-distribution.fr\/#\/schema\/person\/image\/","url":"https:\/\/secure.gravatar.com\/avatar\/aac25d1e3a248ba1be7404ccf9581f1a78704d8a0e292c792ed971a596325c72?s=96&d=mm&r=g","contentUrl":"https:\/\/secure.gravatar.com\/avatar\/aac25d1e3a248ba1be7404ccf9581f1a78704d8a0e292c792ed971a596325c72?s=96&d=mm&r=g","caption":"Jean"}}]}},"_links":{"self":[{"href":"https:\/\/www.plus-que-pro-distribution.fr\/api\/wp\/v2\/posts\/7209","targetHints":{"allow":["GET"]}}],"collection":[{"href":"https:\/\/www.plus-que-pro-distribution.fr\/api\/wp\/v2\/posts"}],"about":[{"href":"https:\/\/www.plus-que-pro-distribution.fr\/api\/wp\/v2\/types\/post"}],"author":[{"embeddable":true,"href":"https:\/\/www.plus-que-pro-distribution.fr\/api\/wp\/v2\/users\/4"}],"replies":[{"embeddable":true,"href":"https:\/\/www.plus-que-pro-distribution.fr\/api\/wp\/v2\/comments?post=7209"}],"version-history":[{"count":1,"href":"https:\/\/www.plus-que-pro-distribution.fr\/api\/wp\/v2\/posts\/7209\/revisions"}],"predecessor-version":[{"id":18326,"href":"https:\/\/www.plus-que-pro-distribution.fr\/api\/wp\/v2\/posts\/7209\/revisions\/18326"}],"wp:featuredmedia":[{"embeddable":true,"href":"https:\/\/www.plus-que-pro-distribution.fr\/api\/wp\/v2\/media\/17847"}],"wp:attachment":[{"href":"https:\/\/www.plus-que-pro-distribution.fr\/api\/wp\/v2\/media?parent=7209"}],"wp:term":[{"taxonomy":"category","embeddable":true,"href":"https:\/\/www.plus-que-pro-distribution.fr\/api\/wp\/v2\/categories?post=7209"},{"taxonomy":"post_tag","embeddable":true,"href":"https:\/\/www.plus-que-pro-distribution.fr\/api\/wp\/v2\/tags?post=7209"}],"curies":[{"name":"wp","href":"https:\/\/api.w.org\/{rel}","templated":true}]}}