{"id":7156,"date":"2019-04-08T13:41:28","date_gmt":"2019-04-08T13:41:28","guid":{"rendered":"https:\/\/www.network-plus-que-pro.fr\/?p=7156"},"modified":"2025-02-19T15:31:26","modified_gmt":"2025-02-19T14:31:26","slug":"le-reseau-plus-que-pro-lance-une-operation-de-solidarite-pour-lun-de-ses-adherents-qui-a-tout-perdu","status":"publish","type":"post","link":"https:\/\/www.plus-que-pro-distribution.fr\/le-reseau-plus-que-pro-lance-une-operation-de-solidarite-pour-lun-de-ses-adherents-qui-a-tout-perdu\/","title":{"rendered":"Le r\u00e9seau Plus que pro lance une op\u00e9ration de solidarit\u00e9 pour l\u2019un de ses adh\u00e9rents qui a \u00ab tout perdu \u00bb&#8230;"},"content":{"rendered":"<p class=\"[&amp;_a]:underline [&amp;_a]:underline-offset-2 [&amp;_a]:text-secondary-500 [&amp;_a:focus-visible]:outline-none [&amp;_a:focus]:outline-none [&amp;_a:focus-visible]:ring-2 [&amp;_a:focus-visible]:ring-offset-2 [&amp;_a:focus-visible]:ring-secondary-500 [&amp;_a:focus-visible]:rounded-full [&amp;_+_*]:mt-xs [*_+_&amp;]:mt-xs [&amp;_+_.wp-block-group]:mt-m [&amp;_+_.wp-block-group]:md:mt-l [&amp;.text-caption_+_*]:!mt-xs [&amp;.text-caption_+_*]:md:!mt-xs aligndefault max-w-default mx-auto \" >Aujourd\u2019hui, Plus que pro traduit ses valeurs en actes, en venant au secours d\u2019un de ses adh\u00e9rents en d\u00e9tresse.<\/p>\n\n<figure class=\"block m-0\" ><img decoding=\"async\" src=\"https:\/\/www.plus-que-pro-distribution.fr\/uploads\/trappe-a-ballons-1024x576.jpg\" alt=\"M. David Thabouret, g\u00e9rant de l&#039;entreprise La Trappe \u00e0 Ballons\" class=\"inline-block rounded-tr-media rounded-tl-media rounded-bl-media rounded-br-media \" ><\/figure>\n\n<p class=\"[&amp;_a]:underline [&amp;_a]:underline-offset-2 [&amp;_a]:text-secondary-500 [&amp;_a:focus-visible]:outline-none [&amp;_a:focus]:outline-none [&amp;_a:focus-visible]:ring-2 [&amp;_a:focus-visible]:ring-offset-2 [&amp;_a:focus-visible]:ring-secondary-500 [&amp;_a:focus-visible]:rounded-full [&amp;_+_*]:mt-xs [*_+_&amp;]:mt-xs [&amp;_+_.wp-block-group]:mt-m [&amp;_+_.wp-block-group]:md:mt-l [&amp;.text-caption_+_*]:!mt-xs [&amp;.text-caption_+_*]:md:!mt-xs aligndefault max-w-default mx-auto \" ><\/p>\n\n<p class=\"[&amp;_a]:underline [&amp;_a]:underline-offset-2 [&amp;_a]:text-secondary-500 [&amp;_a:focus-visible]:outline-none [&amp;_a:focus]:outline-none [&amp;_a:focus-visible]:ring-2 [&amp;_a:focus-visible]:ring-offset-2 [&amp;_a:focus-visible]:ring-secondary-500 [&amp;_a:focus-visible]:rounded-full [&amp;_+_*]:mt-xs [*_+_&amp;]:mt-xs [&amp;_+_.wp-block-group]:mt-m [&amp;_+_.wp-block-group]:md:mt-l [&amp;.text-caption_+_*]:!mt-xs [&amp;.text-caption_+_*]:md:!mt-xs aligndefault max-w-default mx-auto \" >Il y a 12 ans, Sabine et David avaient lanc\u00e9 <a href=\"https:\/\/www.latrappeaballons.fr\/\" target=\"_blank\" rel=\"noopener noreferrer\">\u00ab La Trappe \u00e0 Ballons \u00bb<\/a>, une soci\u00e9t\u00e9 diablement sympathique, install\u00e9e \u00e0 Haguenau dans le Bas-Rhin et sp\u00e9cialis\u00e9e dans <strong>l\u2019animation et la d\u00e9coration d\u2019\u00e9v\u00e9nements<\/strong> comme des f\u00eates ou des mariages, des op\u00e9rations commerciales, etc.<br>\nL\u2019entreprise avait de tr\u00e8s nombreux clients satisfaits et publiait leurs t\u00e9moignages sur Plus que pro.<\/p>\n\n<p class=\"[&amp;_a]:underline [&amp;_a]:underline-offset-2 [&amp;_a]:text-secondary-500 [&amp;_a:focus-visible]:outline-none [&amp;_a:focus]:outline-none [&amp;_a:focus-visible]:ring-2 [&amp;_a:focus-visible]:ring-offset-2 [&amp;_a:focus-visible]:ring-secondary-500 [&amp;_a:focus-visible]:rounded-full [&amp;_+_*]:mt-xs [*_+_&amp;]:mt-xs [&amp;_+_.wp-block-group]:mt-m [&amp;_+_.wp-block-group]:md:mt-l [&amp;.text-caption_+_*]:!mt-xs [&amp;.text-caption_+_*]:md:!mt-xs aligndefault max-w-default mx-auto \" >Tout allait bien et le succ\u00e8s \u00e9tait au rendez-vous, jusqu\u2019\u00e0 cette terrible nuit du 4 au 5 avril dernier o\u00f9 un incendie a ravag\u00e9 le domicile et ses nouveaux locaux, qui allaient \u00eatre inaugur\u00e9s quelques jours plus tard !<br>\nSabine et David ont tout perdu : bureaux, mat\u00e9riel, stock, mais aussi leur domicile, et jusqu\u2019aux v\u00eatements et aux jouets de leurs trois enfants. Tout a disparu et ils sont, comme ils le disent eux-m\u00eames, \u00ab an\u00e9antis \u00bb&#8230;<\/p>\n\n<h2 class=\"wp-block-heading text-balance [&amp;_+_*]:mt-m [&amp;_+_*]:md:mt-l [*_+_&amp;]:mt-m [*_+_&amp;]:md:mt-l [&amp;.text-caption_+_*]:!mt-xs [&amp;.text-caption_+_*]:md:!mt-xs [&amp;_a]:underline [&amp;_a]:underline-offset-2 [&amp;_a]:text-secondary-500 text-h2 aligndefault max-w-default mx-auto \" >Pour sauver La Trappe \u00e0 Ballons, nous avons d\u00e9cid\u00e9 de nous mobiliser !<\/h2>\n\n<p class=\"[&amp;_a]:underline [&amp;_a]:underline-offset-2 [&amp;_a]:text-secondary-500 [&amp;_a:focus-visible]:outline-none [&amp;_a:focus]:outline-none [&amp;_a:focus-visible]:ring-2 [&amp;_a:focus-visible]:ring-offset-2 [&amp;_a:focus-visible]:ring-secondary-500 [&amp;_a:focus-visible]:rounded-full [&amp;_+_*]:mt-xs [*_+_&amp;]:mt-xs [&amp;_+_.wp-block-group]:mt-m [&amp;_+_.wp-block-group]:md:mt-l [&amp;.text-caption_+_*]:!mt-xs [&amp;.text-caption_+_*]:md:!mt-xs aligndefault max-w-default mx-auto \" >Nous allons adresser <strong>un courrier aux milliers d\u2019adh\u00e9rents Plus que pro<\/strong> pour leur demander d\u2019apporter leur aide \u00e0 Sabine et David.<\/p>\n\n<p class=\"[&amp;_a]:underline [&amp;_a]:underline-offset-2 [&amp;_a]:text-secondary-500 [&amp;_a:focus-visible]:outline-none [&amp;_a:focus]:outline-none [&amp;_a:focus-visible]:ring-2 [&amp;_a:focus-visible]:ring-offset-2 [&amp;_a:focus-visible]:ring-secondary-500 [&amp;_a:focus-visible]:rounded-full [&amp;_+_*]:mt-xs [*_+_&amp;]:mt-xs [&amp;_+_.wp-block-group]:mt-m [&amp;_+_.wp-block-group]:md:mt-l [&amp;.text-caption_+_*]:!mt-xs [&amp;.text-caption_+_*]:md:!mt-xs aligndefault max-w-default mx-auto \" >Nous allons ouvrir <strong>une \u00ab cagnotte \u00bb Leetchi<\/strong> pour recueillir des dons.<\/p>\n\n<p class=\"[&amp;_a]:underline [&amp;_a]:underline-offset-2 [&amp;_a]:text-secondary-500 [&amp;_a:focus-visible]:outline-none [&amp;_a:focus]:outline-none [&amp;_a:focus-visible]:ring-2 [&amp;_a:focus-visible]:ring-offset-2 [&amp;_a:focus-visible]:ring-secondary-500 [&amp;_a:focus-visible]:rounded-full [&amp;_+_*]:mt-xs [*_+_&amp;]:mt-xs [&amp;_+_.wp-block-group]:mt-m [&amp;_+_.wp-block-group]:md:mt-l [&amp;.text-caption_+_*]:!mt-xs [&amp;.text-caption_+_*]:md:!mt-xs aligndefault max-w-default mx-auto \" >Nous allons<strong> relayer notre appel \u00e0 la g\u00e9n\u00e9rosit\u00e9<\/strong> dans nos communiqu\u00e9s et sur nos sites.<\/p>\n\n<p class=\"[&amp;_a]:underline [&amp;_a]:underline-offset-2 [&amp;_a]:text-secondary-500 [&amp;_a:focus-visible]:outline-none [&amp;_a:focus]:outline-none [&amp;_a:focus-visible]:ring-2 [&amp;_a:focus-visible]:ring-offset-2 [&amp;_a:focus-visible]:ring-secondary-500 [&amp;_a:focus-visible]:rounded-full [&amp;_+_*]:mt-xs [*_+_&amp;]:mt-xs [&amp;_+_.wp-block-group]:mt-m [&amp;_+_.wp-block-group]:md:mt-l [&amp;.text-caption_+_*]:!mt-xs [&amp;.text-caption_+_*]:md:!mt-xs aligndefault max-w-default mx-auto \" >Pour nous, l\u2019honn\u00eatet\u00e9 et la ma\u00eetrise technique vont automatiquement de pair avec de v\u00e9ritables qualit\u00e9s humaines, car <strong>\u00eatre un bon professionnel implique toujours d\u2019\u00eatre aussi \u00ab quelqu\u2019un de bien \u00bb<\/strong>.<br>\nPlus que pro d\u00e9fend depuis l\u2019origine des valeurs fortes, comme celle de la preuve. En aidant Sabine et David, nous avons une nouvelle occasion de prouver nos valeurs&#8230;<\/p>\n\n<p class=\"[&amp;_a]:underline [&amp;_a]:underline-offset-2 [&amp;_a]:text-secondary-500 [&amp;_a:focus-visible]:outline-none [&amp;_a:focus]:outline-none [&amp;_a:focus-visible]:ring-2 [&amp;_a:focus-visible]:ring-offset-2 [&amp;_a:focus-visible]:ring-secondary-500 [&amp;_a:focus-visible]:rounded-full [&amp;_+_*]:mt-xs [*_+_&amp;]:mt-xs [&amp;_+_.wp-block-group]:mt-m [&amp;_+_.wp-block-group]:md:mt-l [&amp;.text-caption_+_*]:!mt-xs [&amp;.text-caption_+_*]:md:!mt-xs aligndefault max-w-default mx-auto \" >Leader Fran\u00e7ais des avis clients, le r\u00e9seau Plus que pro remplace les promesses de valeurs des Entreprises par le retour d\u2019exp\u00e9rience de leurs clients.<\/p>\n\n<p class=\"[&amp;_a]:underline [&amp;_a]:underline-offset-2 [&amp;_a]:text-secondary-500 [&amp;_a:focus-visible]:outline-none [&amp;_a:focus]:outline-none [&amp;_a:focus-visible]:ring-2 [&amp;_a:focus-visible]:ring-offset-2 [&amp;_a:focus-visible]:ring-secondary-500 [&amp;_a:focus-visible]:rounded-full [&amp;_+_*]:mt-xs [*_+_&amp;]:mt-xs [&amp;_+_.wp-block-group]:mt-m [&amp;_+_.wp-block-group]:md:mt-l [&amp;.text-caption_+_*]:!mt-xs [&amp;.text-caption_+_*]:md:!mt-xs aligndefault max-w-default mx-auto \" >Plus que pro r\u00e9f\u00e9rence<strong> les Meilleures Entreprises de France ayant un r\u00e9el savoir-faire<\/strong> mais ne sachant pas toujours le faire savoir afin de les aider efficacement \u00e0 augmenter leur notori\u00e9t\u00e9 et leur activit\u00e9.<\/p>\n\n<p class=\"[&amp;_a]:underline [&amp;_a]:underline-offset-2 [&amp;_a]:text-secondary-500 [&amp;_a:focus-visible]:outline-none [&amp;_a:focus]:outline-none [&amp;_a:focus-visible]:ring-2 [&amp;_a:focus-visible]:ring-offset-2 [&amp;_a:focus-visible]:ring-secondary-500 [&amp;_a:focus-visible]:rounded-full [&amp;_+_*]:mt-xs [*_+_&amp;]:mt-xs [&amp;_+_.wp-block-group]:mt-m [&amp;_+_.wp-block-group]:md:mt-l [&amp;.text-caption_+_*]:!mt-xs [&amp;.text-caption_+_*]:md:!mt-xs aligndefault max-w-default mx-auto \" >Mais Plus que pro et les entreprises qui lui font confiance ne partagent pas que le go\u00fbt de la performance et du travail bien fait. Ils ont aussi en commun des valeurs humaines, comme la solidarit\u00e9&#8230;<\/p>\n\n<p class=\"[&amp;_a]:underline [&amp;_a]:underline-offset-2 [&amp;_a]:text-secondary-500 [&amp;_a:focus-visible]:outline-none [&amp;_a:focus]:outline-none [&amp;_a:focus-visible]:ring-2 [&amp;_a:focus-visible]:ring-offset-2 [&amp;_a:focus-visible]:ring-secondary-500 [&amp;_a:focus-visible]:rounded-full [&amp;_+_*]:mt-xs [*_+_&amp;]:mt-xs [&amp;_+_.wp-block-group]:mt-m [&amp;_+_.wp-block-group]:md:mt-l [&amp;.text-caption_+_*]:!mt-xs [&amp;.text-caption_+_*]:md:!mt-xs aligndefault max-w-default mx-auto \" ><a href=\"https:\/\/www.plus-que-pro-solution.fr\/le-reseau-plus-que-pro-lance-une-operation-de-solidarite-pour-lun-de-ses-adherents-qui-a-tout-perdu\/\">Article source<\/a><\/p>","protected":false},"excerpt":{"rendered":"<p>Aujourd\u2019hui, Plus que pro traduit ses valeurs en actes, en venant au secours d\u2019un de ses adh\u00e9rents en d\u00e9tresse.<\/p>\n","protected":false},"author":4,"featured_media":7157,"comment_status":"open","ping_status":"open","sticky":false,"template":"","format":"standard","meta":{"footnotes":""},"categories":[6],"tags":[],"class_list":["post-7156","post","type-post","status-publish","format-standard","has-post-thumbnail","hentry","category-nos-actualites"],"yoast_head":"<title>Une op\u00e9ration de solidarit\u00e9 pour sauver La Trappe \u00e0 Ballons<\/title>\n<meta name=\"description\" content=\"Aujourd\u2019hui, Plus que pro traduit ses valeurs en actes, en venant au secours d\u2019un de ses adh\u00e9rents en d\u00e9tresse, La Trappe \u00e0 Ballons\" \/>\n<meta name=\"robots\" content=\"index, follow, max-snippet:-1, max-image-preview:large, max-video-preview:-1\" \/>\n<link rel=\"canonical\" href=\"https:\/\/www.plus-que-pro-distribution.fr\/le-reseau-plus-que-pro-lance-une-operation-de-solidarite-pour-lun-de-ses-adherents-qui-a-tout-perdu\/\" \/>\n<meta property=\"og:locale\" content=\"fr_FR\" \/>\n<meta property=\"og:type\" content=\"article\" \/>\n<meta property=\"og:title\" content=\"Une op\u00e9ration de solidarit\u00e9 pour sauver La Trappe \u00e0 Ballons\" \/>\n<meta property=\"og:description\" content=\"Aujourd\u2019hui, Plus que pro traduit ses valeurs en actes, en venant au secours d\u2019un de ses adh\u00e9rents en d\u00e9tresse, La Trappe \u00e0 Ballons\" \/>\n<meta property=\"og:url\" content=\"https:\/\/www.plus-que-pro-distribution.fr\/le-reseau-plus-que-pro-lance-une-operation-de-solidarite-pour-lun-de-ses-adherents-qui-a-tout-perdu\/\" \/>\n<meta property=\"og:site_name\" content=\"Plus que pro - Distribution\" \/>\n<meta property=\"article:publisher\" content=\"https:\/\/www.facebook.com\/Plusquepro\/\" \/>\n<meta property=\"article:published_time\" content=\"2019-04-08T13:41:28+00:00\" \/>\n<meta property=\"article:modified_time\" content=\"2025-02-19T14:31:26+00:00\" \/>\n<meta property=\"og:image\" content=\"https:\/\/www.plus-que-pro-distribution.fr\/uploads\/trappe-a-ballons.jpg\" \/>\n\t<meta property=\"og:image:width\" content=\"2500\" \/>\n\t<meta property=\"og:image:height\" content=\"1406\" \/>\n\t<meta property=\"og:image:type\" content=\"image\/jpeg\" \/>\n<meta name=\"author\" content=\"Jean\" \/>\n<meta name=\"twitter:card\" content=\"summary_large_image\" \/>\n<meta name=\"twitter:label1\" content=\"Written by\" \/>\n\t<meta name=\"twitter:data1\" content=\"Jean\" \/>\n\t<meta name=\"twitter:label2\" content=\"Est. reading time\" \/>\n\t<meta name=\"twitter:data2\" content=\"3 minutes\" \/>\n<script type=\"application\/ld+json\" class=\"yoast-schema-graph\">{\"@context\":\"https:\/\/schema.org\",\"@graph\":[{\"@type\":\"Article\",\"@id\":\"https:\/\/www.plus-que-pro-distribution.fr\/le-reseau-plus-que-pro-lance-une-operation-de-solidarite-pour-lun-de-ses-adherents-qui-a-tout-perdu\/#article\",\"isPartOf\":{\"@id\":\"https:\/\/www.plus-que-pro-distribution.fr\/le-reseau-plus-que-pro-lance-une-operation-de-solidarite-pour-lun-de-ses-adherents-qui-a-tout-perdu\/\"},\"author\":{\"name\":\"Jean\",\"@id\":\"https:\/\/www.plus-que-pro-distribution.fr\/#\/schema\/person\/751af92e7c43e3eeb98f4f63875e4ceb\"},\"headline\":\"Le r\u00e9seau Plus que pro lance une op\u00e9ration de solidarit\u00e9 pour l\u2019un de ses adh\u00e9rents qui a \u00ab tout perdu \u00bb&#8230;\",\"datePublished\":\"2019-04-08T13:41:28+00:00\",\"dateModified\":\"2025-02-19T14:31:26+00:00\",\"mainEntityOfPage\":{\"@id\":\"https:\/\/www.plus-que-pro-distribution.fr\/le-reseau-plus-que-pro-lance-une-operation-de-solidarite-pour-lun-de-ses-adherents-qui-a-tout-perdu\/\"},\"wordCount\":421,\"commentCount\":0,\"publisher\":{\"@id\":\"https:\/\/www.plus-que-pro-distribution.fr\/#organization\"},\"image\":{\"@id\":\"https:\/\/www.plus-que-pro-distribution.fr\/le-reseau-plus-que-pro-lance-une-operation-de-solidarite-pour-lun-de-ses-adherents-qui-a-tout-perdu\/#primaryimage\"},\"thumbnailUrl\":\"https:\/\/www.plus-que-pro-distribution.fr\/uploads\/trappe-a-ballons.jpg\",\"articleSection\":[\"Nos actualit\u00e9s\"],\"inLanguage\":\"fr-FR\",\"potentialAction\":[{\"@type\":\"CommentAction\",\"name\":\"Comment\",\"target\":[\"https:\/\/www.plus-que-pro-distribution.fr\/le-reseau-plus-que-pro-lance-une-operation-de-solidarite-pour-lun-de-ses-adherents-qui-a-tout-perdu\/#respond\"]}]},{\"@type\":\"WebPage\",\"@id\":\"https:\/\/www.plus-que-pro-distribution.fr\/le-reseau-plus-que-pro-lance-une-operation-de-solidarite-pour-lun-de-ses-adherents-qui-a-tout-perdu\/\",\"url\":\"https:\/\/www.plus-que-pro-distribution.fr\/le-reseau-plus-que-pro-lance-une-operation-de-solidarite-pour-lun-de-ses-adherents-qui-a-tout-perdu\/\",\"name\":\"Une op\u00e9ration de solidarit\u00e9 pour sauver La Trappe \u00e0 Ballons\",\"isPartOf\":{\"@id\":\"https:\/\/www.plus-que-pro-distribution.fr\/#website\"},\"primaryImageOfPage\":{\"@id\":\"https:\/\/www.plus-que-pro-distribution.fr\/le-reseau-plus-que-pro-lance-une-operation-de-solidarite-pour-lun-de-ses-adherents-qui-a-tout-perdu\/#primaryimage\"},\"image\":{\"@id\":\"https:\/\/www.plus-que-pro-distribution.fr\/le-reseau-plus-que-pro-lance-une-operation-de-solidarite-pour-lun-de-ses-adherents-qui-a-tout-perdu\/#primaryimage\"},\"thumbnailUrl\":\"https:\/\/www.plus-que-pro-distribution.fr\/uploads\/trappe-a-ballons.jpg\",\"datePublished\":\"2019-04-08T13:41:28+00:00\",\"dateModified\":\"2025-02-19T14:31:26+00:00\",\"description\":\"Aujourd\u2019hui, Plus que pro traduit ses valeurs en actes, en venant au secours d\u2019un de ses adh\u00e9rents en d\u00e9tresse, La Trappe \u00e0 Ballons\",\"breadcrumb\":{\"@id\":\"https:\/\/www.plus-que-pro-distribution.fr\/le-reseau-plus-que-pro-lance-une-operation-de-solidarite-pour-lun-de-ses-adherents-qui-a-tout-perdu\/#breadcrumb\"},\"inLanguage\":\"fr-FR\",\"potentialAction\":[{\"@type\":\"ReadAction\",\"target\":[\"https:\/\/www.plus-que-pro-distribution.fr\/le-reseau-plus-que-pro-lance-une-operation-de-solidarite-pour-lun-de-ses-adherents-qui-a-tout-perdu\/\"]}]},{\"@type\":\"ImageObject\",\"inLanguage\":\"fr-FR\",\"@id\":\"https:\/\/www.plus-que-pro-distribution.fr\/le-reseau-plus-que-pro-lance-une-operation-de-solidarite-pour-lun-de-ses-adherents-qui-a-tout-perdu\/#primaryimage\",\"url\":\"https:\/\/www.plus-que-pro-distribution.fr\/uploads\/trappe-a-ballons.jpg\",\"contentUrl\":\"https:\/\/www.plus-que-pro-distribution.fr\/uploads\/trappe-a-ballons.jpg\",\"width\":2500,\"height\":1406,\"caption\":\"M. David Thabouret, g\u00e9rant de l'entreprise La Trappe \u00e0 Ballons\"},{\"@type\":\"BreadcrumbList\",\"@id\":\"https:\/\/www.plus-que-pro-distribution.fr\/le-reseau-plus-que-pro-lance-une-operation-de-solidarite-pour-lun-de-ses-adherents-qui-a-tout-perdu\/#breadcrumb\",\"itemListElement\":[{\"@type\":\"ListItem\",\"position\":1,\"name\":\"Home\",\"item\":\"https:\/\/www.plus-que-pro-distribution.fr\/\"},{\"@type\":\"ListItem\",\"position\":2,\"name\":\"Le r\u00e9seau Plus que pro lance une op\u00e9ration de solidarit\u00e9 pour l\u2019un de ses adh\u00e9rents qui a \u00ab tout perdu \u00bb&#8230;\"}]},{\"@type\":\"WebSite\",\"@id\":\"https:\/\/www.plus-que-pro-distribution.fr\/#website\",\"url\":\"https:\/\/www.plus-que-pro-distribution.fr\/\",\"name\":\"Plus que pro distribution\",\"description\":\"\",\"publisher\":{\"@id\":\"https:\/\/www.plus-que-pro-distribution.fr\/#organization\"},\"potentialAction\":[{\"@type\":\"SearchAction\",\"target\":{\"@type\":\"EntryPoint\",\"urlTemplate\":\"https:\/\/www.plus-que-pro-distribution.fr\/?s={search_term_string}\"},\"query-input\":{\"@type\":\"PropertyValueSpecification\",\"valueRequired\":true,\"valueName\":\"search_term_string\"}}],\"inLanguage\":\"fr-FR\"},{\"@type\":\"Organization\",\"@id\":\"https:\/\/www.plus-que-pro-distribution.fr\/#organization\",\"name\":\"Plus que pro distribution\",\"url\":\"https:\/\/www.plus-que-pro-distribution.fr\/\",\"logo\":{\"@type\":\"ImageObject\",\"inLanguage\":\"fr-FR\",\"@id\":\"https:\/\/www.plus-que-pro-distribution.fr\/#\/schema\/logo\/image\/\",\"url\":\"https:\/\/www.plus-que-pro-distribution.fr\/uploads\/logo-pqp-distribution.svg\",\"contentUrl\":\"https:\/\/www.plus-que-pro-distribution.fr\/uploads\/logo-pqp-distribution.svg\",\"width\":144,\"height\":34,\"caption\":\"Plus que pro distribution\"},\"image\":{\"@id\":\"https:\/\/www.plus-que-pro-distribution.fr\/#\/schema\/logo\/image\/\"},\"sameAs\":[\"https:\/\/www.facebook.com\/Plusquepro\/\"]},{\"@type\":\"Person\",\"@id\":\"https:\/\/www.plus-que-pro-distribution.fr\/#\/schema\/person\/751af92e7c43e3eeb98f4f63875e4ceb\",\"name\":\"Jean\",\"image\":{\"@type\":\"ImageObject\",\"inLanguage\":\"fr-FR\",\"@id\":\"https:\/\/www.plus-que-pro-distribution.fr\/#\/schema\/person\/image\/\",\"url\":\"https:\/\/secure.gravatar.com\/avatar\/aac25d1e3a248ba1be7404ccf9581f1a78704d8a0e292c792ed971a596325c72?s=96&d=mm&r=g\",\"contentUrl\":\"https:\/\/secure.gravatar.com\/avatar\/aac25d1e3a248ba1be7404ccf9581f1a78704d8a0e292c792ed971a596325c72?s=96&d=mm&r=g\",\"caption\":\"Jean\"}}]}<\/script>","yoast_head_json":{"title":"Une op\u00e9ration de solidarit\u00e9 pour sauver La Trappe \u00e0 Ballons","description":"Aujourd\u2019hui, Plus que pro traduit ses valeurs en actes, en venant au secours d\u2019un de ses adh\u00e9rents en d\u00e9tresse, La Trappe \u00e0 Ballons","robots":{"index":"index","follow":"follow","max-snippet":"max-snippet:-1","max-image-preview":"max-image-preview:large","max-video-preview":"max-video-preview:-1"},"canonical":"https:\/\/www.plus-que-pro-distribution.fr\/le-reseau-plus-que-pro-lance-une-operation-de-solidarite-pour-lun-de-ses-adherents-qui-a-tout-perdu\/","og_locale":"fr_FR","og_type":"article","og_title":"Une op\u00e9ration de solidarit\u00e9 pour sauver La Trappe \u00e0 Ballons","og_description":"Aujourd\u2019hui, Plus que pro traduit ses valeurs en actes, en venant au secours d\u2019un de ses adh\u00e9rents en d\u00e9tresse, La Trappe \u00e0 Ballons","og_url":"https:\/\/www.plus-que-pro-distribution.fr\/le-reseau-plus-que-pro-lance-une-operation-de-solidarite-pour-lun-de-ses-adherents-qui-a-tout-perdu\/","og_site_name":"Plus que pro - Distribution","article_publisher":"https:\/\/www.facebook.com\/Plusquepro\/","article_published_time":"2019-04-08T13:41:28+00:00","article_modified_time":"2025-02-19T14:31:26+00:00","og_image":[{"width":2500,"height":1406,"url":"https:\/\/www.plus-que-pro-distribution.fr\/uploads\/trappe-a-ballons.jpg","type":"image\/jpeg"}],"author":"Jean","twitter_card":"summary_large_image","twitter_misc":{"Written by":"Jean","Est. reading time":"3 minutes"},"schema":{"@context":"https:\/\/schema.org","@graph":[{"@type":"Article","@id":"https:\/\/www.plus-que-pro-distribution.fr\/le-reseau-plus-que-pro-lance-une-operation-de-solidarite-pour-lun-de-ses-adherents-qui-a-tout-perdu\/#article","isPartOf":{"@id":"https:\/\/www.plus-que-pro-distribution.fr\/le-reseau-plus-que-pro-lance-une-operation-de-solidarite-pour-lun-de-ses-adherents-qui-a-tout-perdu\/"},"author":{"name":"Jean","@id":"https:\/\/www.plus-que-pro-distribution.fr\/#\/schema\/person\/751af92e7c43e3eeb98f4f63875e4ceb"},"headline":"Le r\u00e9seau Plus que pro lance une op\u00e9ration de solidarit\u00e9 pour l\u2019un de ses adh\u00e9rents qui a \u00ab tout perdu \u00bb&#8230;","datePublished":"2019-04-08T13:41:28+00:00","dateModified":"2025-02-19T14:31:26+00:00","mainEntityOfPage":{"@id":"https:\/\/www.plus-que-pro-distribution.fr\/le-reseau-plus-que-pro-lance-une-operation-de-solidarite-pour-lun-de-ses-adherents-qui-a-tout-perdu\/"},"wordCount":421,"commentCount":0,"publisher":{"@id":"https:\/\/www.plus-que-pro-distribution.fr\/#organization"},"image":{"@id":"https:\/\/www.plus-que-pro-distribution.fr\/le-reseau-plus-que-pro-lance-une-operation-de-solidarite-pour-lun-de-ses-adherents-qui-a-tout-perdu\/#primaryimage"},"thumbnailUrl":"https:\/\/www.plus-que-pro-distribution.fr\/uploads\/trappe-a-ballons.jpg","articleSection":["Nos actualit\u00e9s"],"inLanguage":"fr-FR","potentialAction":[{"@type":"CommentAction","name":"Comment","target":["https:\/\/www.plus-que-pro-distribution.fr\/le-reseau-plus-que-pro-lance-une-operation-de-solidarite-pour-lun-de-ses-adherents-qui-a-tout-perdu\/#respond"]}]},{"@type":"WebPage","@id":"https:\/\/www.plus-que-pro-distribution.fr\/le-reseau-plus-que-pro-lance-une-operation-de-solidarite-pour-lun-de-ses-adherents-qui-a-tout-perdu\/","url":"https:\/\/www.plus-que-pro-distribution.fr\/le-reseau-plus-que-pro-lance-une-operation-de-solidarite-pour-lun-de-ses-adherents-qui-a-tout-perdu\/","name":"Une op\u00e9ration de solidarit\u00e9 pour sauver La Trappe \u00e0 Ballons","isPartOf":{"@id":"https:\/\/www.plus-que-pro-distribution.fr\/#website"},"primaryImageOfPage":{"@id":"https:\/\/www.plus-que-pro-distribution.fr\/le-reseau-plus-que-pro-lance-une-operation-de-solidarite-pour-lun-de-ses-adherents-qui-a-tout-perdu\/#primaryimage"},"image":{"@id":"https:\/\/www.plus-que-pro-distribution.fr\/le-reseau-plus-que-pro-lance-une-operation-de-solidarite-pour-lun-de-ses-adherents-qui-a-tout-perdu\/#primaryimage"},"thumbnailUrl":"https:\/\/www.plus-que-pro-distribution.fr\/uploads\/trappe-a-ballons.jpg","datePublished":"2019-04-08T13:41:28+00:00","dateModified":"2025-02-19T14:31:26+00:00","description":"Aujourd\u2019hui, Plus que pro traduit ses valeurs en actes, en venant au secours d\u2019un de ses adh\u00e9rents en d\u00e9tresse, La Trappe \u00e0 Ballons","breadcrumb":{"@id":"https:\/\/www.plus-que-pro-distribution.fr\/le-reseau-plus-que-pro-lance-une-operation-de-solidarite-pour-lun-de-ses-adherents-qui-a-tout-perdu\/#breadcrumb"},"inLanguage":"fr-FR","potentialAction":[{"@type":"ReadAction","target":["https:\/\/www.plus-que-pro-distribution.fr\/le-reseau-plus-que-pro-lance-une-operation-de-solidarite-pour-lun-de-ses-adherents-qui-a-tout-perdu\/"]}]},{"@type":"ImageObject","inLanguage":"fr-FR","@id":"https:\/\/www.plus-que-pro-distribution.fr\/le-reseau-plus-que-pro-lance-une-operation-de-solidarite-pour-lun-de-ses-adherents-qui-a-tout-perdu\/#primaryimage","url":"https:\/\/www.plus-que-pro-distribution.fr\/uploads\/trappe-a-ballons.jpg","contentUrl":"https:\/\/www.plus-que-pro-distribution.fr\/uploads\/trappe-a-ballons.jpg","width":2500,"height":1406,"caption":"M. David Thabouret, g\u00e9rant de l'entreprise La Trappe \u00e0 Ballons"},{"@type":"BreadcrumbList","@id":"https:\/\/www.plus-que-pro-distribution.fr\/le-reseau-plus-que-pro-lance-une-operation-de-solidarite-pour-lun-de-ses-adherents-qui-a-tout-perdu\/#breadcrumb","itemListElement":[{"@type":"ListItem","position":1,"name":"Home","item":"https:\/\/www.plus-que-pro-distribution.fr\/"},{"@type":"ListItem","position":2,"name":"Le r\u00e9seau Plus que pro lance une op\u00e9ration de solidarit\u00e9 pour l\u2019un de ses adh\u00e9rents qui a \u00ab tout perdu \u00bb&#8230;"}]},{"@type":"WebSite","@id":"https:\/\/www.plus-que-pro-distribution.fr\/#website","url":"https:\/\/www.plus-que-pro-distribution.fr\/","name":"Plus que pro distribution","description":"","publisher":{"@id":"https:\/\/www.plus-que-pro-distribution.fr\/#organization"},"potentialAction":[{"@type":"SearchAction","target":{"@type":"EntryPoint","urlTemplate":"https:\/\/www.plus-que-pro-distribution.fr\/?s={search_term_string}"},"query-input":{"@type":"PropertyValueSpecification","valueRequired":true,"valueName":"search_term_string"}}],"inLanguage":"fr-FR"},{"@type":"Organization","@id":"https:\/\/www.plus-que-pro-distribution.fr\/#organization","name":"Plus que pro distribution","url":"https:\/\/www.plus-que-pro-distribution.fr\/","logo":{"@type":"ImageObject","inLanguage":"fr-FR","@id":"https:\/\/www.plus-que-pro-distribution.fr\/#\/schema\/logo\/image\/","url":"https:\/\/www.plus-que-pro-distribution.fr\/uploads\/logo-pqp-distribution.svg","contentUrl":"https:\/\/www.plus-que-pro-distribution.fr\/uploads\/logo-pqp-distribution.svg","width":144,"height":34,"caption":"Plus que pro distribution"},"image":{"@id":"https:\/\/www.plus-que-pro-distribution.fr\/#\/schema\/logo\/image\/"},"sameAs":["https:\/\/www.facebook.com\/Plusquepro\/"]},{"@type":"Person","@id":"https:\/\/www.plus-que-pro-distribution.fr\/#\/schema\/person\/751af92e7c43e3eeb98f4f63875e4ceb","name":"Jean","image":{"@type":"ImageObject","inLanguage":"fr-FR","@id":"https:\/\/www.plus-que-pro-distribution.fr\/#\/schema\/person\/image\/","url":"https:\/\/secure.gravatar.com\/avatar\/aac25d1e3a248ba1be7404ccf9581f1a78704d8a0e292c792ed971a596325c72?s=96&d=mm&r=g","contentUrl":"https:\/\/secure.gravatar.com\/avatar\/aac25d1e3a248ba1be7404ccf9581f1a78704d8a0e292c792ed971a596325c72?s=96&d=mm&r=g","caption":"Jean"}}]}},"_links":{"self":[{"href":"https:\/\/www.plus-que-pro-distribution.fr\/api\/wp\/v2\/posts\/7156","targetHints":{"allow":["GET"]}}],"collection":[{"href":"https:\/\/www.plus-que-pro-distribution.fr\/api\/wp\/v2\/posts"}],"about":[{"href":"https:\/\/www.plus-que-pro-distribution.fr\/api\/wp\/v2\/types\/post"}],"author":[{"embeddable":true,"href":"https:\/\/www.plus-que-pro-distribution.fr\/api\/wp\/v2\/users\/4"}],"replies":[{"embeddable":true,"href":"https:\/\/www.plus-que-pro-distribution.fr\/api\/wp\/v2\/comments?post=7156"}],"version-history":[{"count":2,"href":"https:\/\/www.plus-que-pro-distribution.fr\/api\/wp\/v2\/posts\/7156\/revisions"}],"predecessor-version":[{"id":18350,"href":"https:\/\/www.plus-que-pro-distribution.fr\/api\/wp\/v2\/posts\/7156\/revisions\/18350"}],"wp:featuredmedia":[{"embeddable":true,"href":"https:\/\/www.plus-que-pro-distribution.fr\/api\/wp\/v2\/media\/7157"}],"wp:attachment":[{"href":"https:\/\/www.plus-que-pro-distribution.fr\/api\/wp\/v2\/media?parent=7156"}],"wp:term":[{"taxonomy":"category","embeddable":true,"href":"https:\/\/www.plus-que-pro-distribution.fr\/api\/wp\/v2\/categories?post=7156"},{"taxonomy":"post_tag","embeddable":true,"href":"https:\/\/www.plus-que-pro-distribution.fr\/api\/wp\/v2\/tags?post=7156"}],"curies":[{"name":"wp","href":"https:\/\/api.w.org\/{rel}","templated":true}]}}