{"id":6971,"date":"2019-03-05T09:36:32","date_gmt":"2019-03-05T09:36:32","guid":{"rendered":"https:\/\/www.network-plus-que-pro.fr\/?p=6971"},"modified":"2025-02-19T14:23:03","modified_gmt":"2025-02-19T13:23:03","slug":"franchise-magazine-annonce-la-participation-de-plus-que-pro-au-salon-franchise-expo","status":"publish","type":"post","link":"https:\/\/www.plus-que-pro-distribution.fr\/franchise-magazine-annonce-la-participation-de-plus-que-pro-au-salon-franchise-expo\/","title":{"rendered":"Franchise Magazine annonce la participation de Plus que pro au salon Franchise Expo"},"content":{"rendered":"<p class=\"[&amp;_a]:underline [&amp;_a]:underline-offset-2 [&amp;_a]:text-secondary-500 [&amp;_a:focus-visible]:outline-none [&amp;_a:focus]:outline-none [&amp;_a:focus-visible]:ring-2 [&amp;_a:focus-visible]:ring-offset-2 [&amp;_a:focus-visible]:ring-secondary-500 [&amp;_a:focus-visible]:rounded-full [&amp;_+_*]:mt-xs [*_+_&amp;]:mt-xs [&amp;_+_.wp-block-group]:mt-m [&amp;_+_.wp-block-group]:md:mt-l [&amp;.text-caption_+_*]:!mt-xs [&amp;.text-caption_+_*]:md:!mt-xs aligndefault max-w-default mx-auto \" >Dans son \u00e9dition du 27 f\u00e9vrier, Franchise Magazine a mis en avant <strong><a href=\"https:\/\/www.plus-que-pro-distribution.fr\/pret-a-decrocher-les-etoiles\/\">la participation du concept novateur Plus que pro pour la premi\u00e8re fois au salon Franchise Expo<\/a><\/strong> du 17 au 20 mars, Portes de Versailles &#8211; Paris.<\/p>\n\n<figure class=\"block m-0\" ><img decoding=\"async\" src=\"https:\/\/www.plus-que-pro-distribution.fr\/uploads\/franchise-mag.jpg\" alt=\"Franchise Magazine parle de la pr\u00e9sence de Plus que pro au salon Franchise Expo\" class=\"inline-block rounded-tr-media rounded-tl-media rounded-bl-media rounded-br-media \" ><\/figure>\n\n<p class=\"[&amp;_a]:underline [&amp;_a]:underline-offset-2 [&amp;_a]:text-secondary-500 [&amp;_a:focus-visible]:outline-none [&amp;_a:focus]:outline-none [&amp;_a:focus-visible]:ring-2 [&amp;_a:focus-visible]:ring-offset-2 [&amp;_a:focus-visible]:ring-secondary-500 [&amp;_a:focus-visible]:rounded-full [&amp;_+_*]:mt-xs [*_+_&amp;]:mt-xs [&amp;_+_.wp-block-group]:mt-m [&amp;_+_.wp-block-group]:md:mt-l [&amp;.text-caption_+_*]:!mt-xs [&amp;.text-caption_+_*]:md:!mt-xs aligndefault max-w-default mx-auto \" ><\/p>\n\n<p class=\"[&amp;_a]:underline [&amp;_a]:underline-offset-2 [&amp;_a]:text-secondary-500 [&amp;_a:focus-visible]:outline-none [&amp;_a:focus]:outline-none [&amp;_a:focus-visible]:ring-2 [&amp;_a:focus-visible]:ring-offset-2 [&amp;_a:focus-visible]:ring-secondary-500 [&amp;_a:focus-visible]:rounded-full [&amp;_+_*]:mt-xs [*_+_&amp;]:mt-xs [&amp;_+_.wp-block-group]:mt-m [&amp;_+_.wp-block-group]:md:mt-l [&amp;.text-caption_+_*]:!mt-xs [&amp;.text-caption_+_*]:md:!mt-xs aligndefault max-w-default mx-auto \" >Une occasion unique pour les candidats \u00e0 la franchise de d\u00e9couvrir un nouveau m\u00e9tier et les personnes qui encadrent les franchis\u00e9s au quotidien. Des t\u00e9moignages de franchis\u00e9s qui ont d\u00e9j\u00e0 franchi le pas seront \u00e9galement propos\u00e9s.<\/p>\n\n<p class=\"[&amp;_a]:underline [&amp;_a]:underline-offset-2 [&amp;_a]:text-secondary-500 [&amp;_a:focus-visible]:outline-none [&amp;_a:focus]:outline-none [&amp;_a:focus-visible]:ring-2 [&amp;_a:focus-visible]:ring-offset-2 [&amp;_a:focus-visible]:ring-secondary-500 [&amp;_a:focus-visible]:rounded-full [&amp;_+_*]:mt-xs [*_+_&amp;]:mt-xs [&amp;_+_.wp-block-group]:mt-m [&amp;_+_.wp-block-group]:md:mt-l [&amp;.text-caption_+_*]:!mt-xs [&amp;.text-caption_+_*]:md:!mt-xs aligndefault max-w-default mx-auto \" ><a href=\"https:\/\/www.plus-que-pro-distribution.fr\/uploads\/Plus-que-Pro-un-concept-inedit-present-au-salon-Franchise-Expo-27-02-19.pdf\">Lire l&rsquo;article<\/a><\/p>","protected":false},"excerpt":{"rendered":"<p>Dans son \u00e9dition du 27 f\u00e9vrier, Franchise Magazine a mis en avant la participation du concept novateur Plus que pro pour la premi\u00e8re fois au salon Franchise Expo du 17 au 20 mars, Portes de Versailles &#8211; Paris.<\/p>\n","protected":false},"author":4,"featured_media":6977,"comment_status":"open","ping_status":"open","sticky":false,"template":"","format":"standard","meta":{"footnotes":""},"categories":[6],"tags":[],"class_list":["post-6971","post","type-post","status-publish","format-standard","has-post-thumbnail","hentry","category-nos-actualites"],"yoast_head":"<title>Premi\u00e8re participation \u00e0 Franchise Expo pour Plus que pro<\/title>\n<meta name=\"description\" content=\"Dans son \u00e9dition du 27 f\u00e9vrier, Franchise Magazine a mis en avant la participation du concept Plus que pro pour la premi\u00e8re fois au salon Franchise Expo\" \/>\n<meta name=\"robots\" content=\"index, follow, max-snippet:-1, max-image-preview:large, max-video-preview:-1\" \/>\n<link rel=\"canonical\" href=\"https:\/\/www.plus-que-pro-distribution.fr\/franchise-magazine-annonce-la-participation-de-plus-que-pro-au-salon-franchise-expo\/\" \/>\n<meta property=\"og:locale\" content=\"fr_FR\" \/>\n<meta property=\"og:type\" content=\"article\" \/>\n<meta property=\"og:title\" content=\"Premi\u00e8re participation \u00e0 Franchise Expo pour Plus que pro\" \/>\n<meta property=\"og:description\" content=\"Dans son \u00e9dition du 27 f\u00e9vrier, Franchise Magazine a mis en avant la participation du concept Plus que pro pour la premi\u00e8re fois au salon Franchise Expo\" \/>\n<meta property=\"og:url\" content=\"https:\/\/www.plus-que-pro-distribution.fr\/franchise-magazine-annonce-la-participation-de-plus-que-pro-au-salon-franchise-expo\/\" \/>\n<meta property=\"og:site_name\" content=\"Plus que pro - Distribution\" \/>\n<meta property=\"article:publisher\" content=\"https:\/\/www.facebook.com\/Plusquepro\/\" \/>\n<meta property=\"article:published_time\" content=\"2019-03-05T09:36:32+00:00\" \/>\n<meta property=\"article:modified_time\" content=\"2025-02-19T13:23:03+00:00\" \/>\n<meta property=\"og:image\" content=\"https:\/\/www.plus-que-pro-distribution.fr\/uploads\/franchise-mag.jpg\" \/>\n\t<meta property=\"og:image:width\" content=\"1200\" \/>\n\t<meta property=\"og:image:height\" content=\"600\" \/>\n\t<meta property=\"og:image:type\" content=\"image\/jpeg\" \/>\n<meta name=\"author\" content=\"Jean\" \/>\n<meta name=\"twitter:card\" content=\"summary_large_image\" \/>\n<meta name=\"twitter:label1\" content=\"Written by\" \/>\n\t<meta name=\"twitter:data1\" content=\"Jean\" \/>\n\t<meta name=\"twitter:label2\" content=\"Est. reading time\" \/>\n\t<meta name=\"twitter:data2\" content=\"1 minute\" \/>\n<script type=\"application\/ld+json\" class=\"yoast-schema-graph\">{\"@context\":\"https:\/\/schema.org\",\"@graph\":[{\"@type\":\"Article\",\"@id\":\"https:\/\/www.plus-que-pro-distribution.fr\/franchise-magazine-annonce-la-participation-de-plus-que-pro-au-salon-franchise-expo\/#article\",\"isPartOf\":{\"@id\":\"https:\/\/www.plus-que-pro-distribution.fr\/franchise-magazine-annonce-la-participation-de-plus-que-pro-au-salon-franchise-expo\/\"},\"author\":{\"name\":\"Jean\",\"@id\":\"https:\/\/www.plus-que-pro-distribution.fr\/#\/schema\/person\/751af92e7c43e3eeb98f4f63875e4ceb\"},\"headline\":\"Franchise Magazine annonce la participation de Plus que pro au salon Franchise Expo\",\"datePublished\":\"2019-03-05T09:36:32+00:00\",\"dateModified\":\"2025-02-19T13:23:03+00:00\",\"mainEntityOfPage\":{\"@id\":\"https:\/\/www.plus-que-pro-distribution.fr\/franchise-magazine-annonce-la-participation-de-plus-que-pro-au-salon-franchise-expo\/\"},\"wordCount\":95,\"commentCount\":0,\"publisher\":{\"@id\":\"https:\/\/www.plus-que-pro-distribution.fr\/#organization\"},\"image\":{\"@id\":\"https:\/\/www.plus-que-pro-distribution.fr\/franchise-magazine-annonce-la-participation-de-plus-que-pro-au-salon-franchise-expo\/#primaryimage\"},\"thumbnailUrl\":\"https:\/\/www.plus-que-pro-distribution.fr\/uploads\/franchise-mag.jpg\",\"articleSection\":[\"Nos actualit\u00e9s\"],\"inLanguage\":\"fr-FR\",\"potentialAction\":[{\"@type\":\"CommentAction\",\"name\":\"Comment\",\"target\":[\"https:\/\/www.plus-que-pro-distribution.fr\/franchise-magazine-annonce-la-participation-de-plus-que-pro-au-salon-franchise-expo\/#respond\"]}]},{\"@type\":\"WebPage\",\"@id\":\"https:\/\/www.plus-que-pro-distribution.fr\/franchise-magazine-annonce-la-participation-de-plus-que-pro-au-salon-franchise-expo\/\",\"url\":\"https:\/\/www.plus-que-pro-distribution.fr\/franchise-magazine-annonce-la-participation-de-plus-que-pro-au-salon-franchise-expo\/\",\"name\":\"Premi\u00e8re participation \u00e0 Franchise Expo pour Plus que pro\",\"isPartOf\":{\"@id\":\"https:\/\/www.plus-que-pro-distribution.fr\/#website\"},\"primaryImageOfPage\":{\"@id\":\"https:\/\/www.plus-que-pro-distribution.fr\/franchise-magazine-annonce-la-participation-de-plus-que-pro-au-salon-franchise-expo\/#primaryimage\"},\"image\":{\"@id\":\"https:\/\/www.plus-que-pro-distribution.fr\/franchise-magazine-annonce-la-participation-de-plus-que-pro-au-salon-franchise-expo\/#primaryimage\"},\"thumbnailUrl\":\"https:\/\/www.plus-que-pro-distribution.fr\/uploads\/franchise-mag.jpg\",\"datePublished\":\"2019-03-05T09:36:32+00:00\",\"dateModified\":\"2025-02-19T13:23:03+00:00\",\"description\":\"Dans son \u00e9dition du 27 f\u00e9vrier, Franchise Magazine a mis en avant la participation du concept Plus que pro pour la premi\u00e8re fois au salon Franchise Expo\",\"breadcrumb\":{\"@id\":\"https:\/\/www.plus-que-pro-distribution.fr\/franchise-magazine-annonce-la-participation-de-plus-que-pro-au-salon-franchise-expo\/#breadcrumb\"},\"inLanguage\":\"fr-FR\",\"potentialAction\":[{\"@type\":\"ReadAction\",\"target\":[\"https:\/\/www.plus-que-pro-distribution.fr\/franchise-magazine-annonce-la-participation-de-plus-que-pro-au-salon-franchise-expo\/\"]}]},{\"@type\":\"ImageObject\",\"inLanguage\":\"fr-FR\",\"@id\":\"https:\/\/www.plus-que-pro-distribution.fr\/franchise-magazine-annonce-la-participation-de-plus-que-pro-au-salon-franchise-expo\/#primaryimage\",\"url\":\"https:\/\/www.plus-que-pro-distribution.fr\/uploads\/franchise-mag.jpg\",\"contentUrl\":\"https:\/\/www.plus-que-pro-distribution.fr\/uploads\/franchise-mag.jpg\",\"width\":1200,\"height\":600,\"caption\":\"Franchise Magazine parle de la pr\u00e9sence de Plus que pro au salon Franchise Expo\"},{\"@type\":\"BreadcrumbList\",\"@id\":\"https:\/\/www.plus-que-pro-distribution.fr\/franchise-magazine-annonce-la-participation-de-plus-que-pro-au-salon-franchise-expo\/#breadcrumb\",\"itemListElement\":[{\"@type\":\"ListItem\",\"position\":1,\"name\":\"Home\",\"item\":\"https:\/\/www.plus-que-pro-distribution.fr\/\"},{\"@type\":\"ListItem\",\"position\":2,\"name\":\"Franchise Magazine annonce la participation de Plus que pro au salon Franchise Expo\"}]},{\"@type\":\"WebSite\",\"@id\":\"https:\/\/www.plus-que-pro-distribution.fr\/#website\",\"url\":\"https:\/\/www.plus-que-pro-distribution.fr\/\",\"name\":\"Plus que pro distribution\",\"description\":\"\",\"publisher\":{\"@id\":\"https:\/\/www.plus-que-pro-distribution.fr\/#organization\"},\"potentialAction\":[{\"@type\":\"SearchAction\",\"target\":{\"@type\":\"EntryPoint\",\"urlTemplate\":\"https:\/\/www.plus-que-pro-distribution.fr\/?s={search_term_string}\"},\"query-input\":{\"@type\":\"PropertyValueSpecification\",\"valueRequired\":true,\"valueName\":\"search_term_string\"}}],\"inLanguage\":\"fr-FR\"},{\"@type\":\"Organization\",\"@id\":\"https:\/\/www.plus-que-pro-distribution.fr\/#organization\",\"name\":\"Plus que pro distribution\",\"url\":\"https:\/\/www.plus-que-pro-distribution.fr\/\",\"logo\":{\"@type\":\"ImageObject\",\"inLanguage\":\"fr-FR\",\"@id\":\"https:\/\/www.plus-que-pro-distribution.fr\/#\/schema\/logo\/image\/\",\"url\":\"https:\/\/www.plus-que-pro-distribution.fr\/uploads\/logo-pqp-distribution.svg\",\"contentUrl\":\"https:\/\/www.plus-que-pro-distribution.fr\/uploads\/logo-pqp-distribution.svg\",\"width\":144,\"height\":34,\"caption\":\"Plus que pro distribution\"},\"image\":{\"@id\":\"https:\/\/www.plus-que-pro-distribution.fr\/#\/schema\/logo\/image\/\"},\"sameAs\":[\"https:\/\/www.facebook.com\/Plusquepro\/\"]},{\"@type\":\"Person\",\"@id\":\"https:\/\/www.plus-que-pro-distribution.fr\/#\/schema\/person\/751af92e7c43e3eeb98f4f63875e4ceb\",\"name\":\"Jean\",\"image\":{\"@type\":\"ImageObject\",\"inLanguage\":\"fr-FR\",\"@id\":\"https:\/\/www.plus-que-pro-distribution.fr\/#\/schema\/person\/image\/\",\"url\":\"https:\/\/secure.gravatar.com\/avatar\/aac25d1e3a248ba1be7404ccf9581f1a78704d8a0e292c792ed971a596325c72?s=96&d=mm&r=g\",\"contentUrl\":\"https:\/\/secure.gravatar.com\/avatar\/aac25d1e3a248ba1be7404ccf9581f1a78704d8a0e292c792ed971a596325c72?s=96&d=mm&r=g\",\"caption\":\"Jean\"}}]}<\/script>","yoast_head_json":{"title":"Premi\u00e8re participation \u00e0 Franchise Expo pour Plus que pro","description":"Dans son \u00e9dition du 27 f\u00e9vrier, Franchise Magazine a mis en avant la participation du concept Plus que pro pour la premi\u00e8re fois au salon Franchise Expo","robots":{"index":"index","follow":"follow","max-snippet":"max-snippet:-1","max-image-preview":"max-image-preview:large","max-video-preview":"max-video-preview:-1"},"canonical":"https:\/\/www.plus-que-pro-distribution.fr\/franchise-magazine-annonce-la-participation-de-plus-que-pro-au-salon-franchise-expo\/","og_locale":"fr_FR","og_type":"article","og_title":"Premi\u00e8re participation \u00e0 Franchise Expo pour Plus que pro","og_description":"Dans son \u00e9dition du 27 f\u00e9vrier, Franchise Magazine a mis en avant la participation du concept Plus que pro pour la premi\u00e8re fois au salon Franchise Expo","og_url":"https:\/\/www.plus-que-pro-distribution.fr\/franchise-magazine-annonce-la-participation-de-plus-que-pro-au-salon-franchise-expo\/","og_site_name":"Plus que pro - Distribution","article_publisher":"https:\/\/www.facebook.com\/Plusquepro\/","article_published_time":"2019-03-05T09:36:32+00:00","article_modified_time":"2025-02-19T13:23:03+00:00","og_image":[{"width":1200,"height":600,"url":"https:\/\/www.plus-que-pro-distribution.fr\/uploads\/franchise-mag.jpg","type":"image\/jpeg"}],"author":"Jean","twitter_card":"summary_large_image","twitter_misc":{"Written by":"Jean","Est. reading time":"1 minute"},"schema":{"@context":"https:\/\/schema.org","@graph":[{"@type":"Article","@id":"https:\/\/www.plus-que-pro-distribution.fr\/franchise-magazine-annonce-la-participation-de-plus-que-pro-au-salon-franchise-expo\/#article","isPartOf":{"@id":"https:\/\/www.plus-que-pro-distribution.fr\/franchise-magazine-annonce-la-participation-de-plus-que-pro-au-salon-franchise-expo\/"},"author":{"name":"Jean","@id":"https:\/\/www.plus-que-pro-distribution.fr\/#\/schema\/person\/751af92e7c43e3eeb98f4f63875e4ceb"},"headline":"Franchise Magazine annonce la participation de Plus que pro au salon Franchise Expo","datePublished":"2019-03-05T09:36:32+00:00","dateModified":"2025-02-19T13:23:03+00:00","mainEntityOfPage":{"@id":"https:\/\/www.plus-que-pro-distribution.fr\/franchise-magazine-annonce-la-participation-de-plus-que-pro-au-salon-franchise-expo\/"},"wordCount":95,"commentCount":0,"publisher":{"@id":"https:\/\/www.plus-que-pro-distribution.fr\/#organization"},"image":{"@id":"https:\/\/www.plus-que-pro-distribution.fr\/franchise-magazine-annonce-la-participation-de-plus-que-pro-au-salon-franchise-expo\/#primaryimage"},"thumbnailUrl":"https:\/\/www.plus-que-pro-distribution.fr\/uploads\/franchise-mag.jpg","articleSection":["Nos actualit\u00e9s"],"inLanguage":"fr-FR","potentialAction":[{"@type":"CommentAction","name":"Comment","target":["https:\/\/www.plus-que-pro-distribution.fr\/franchise-magazine-annonce-la-participation-de-plus-que-pro-au-salon-franchise-expo\/#respond"]}]},{"@type":"WebPage","@id":"https:\/\/www.plus-que-pro-distribution.fr\/franchise-magazine-annonce-la-participation-de-plus-que-pro-au-salon-franchise-expo\/","url":"https:\/\/www.plus-que-pro-distribution.fr\/franchise-magazine-annonce-la-participation-de-plus-que-pro-au-salon-franchise-expo\/","name":"Premi\u00e8re participation \u00e0 Franchise Expo pour Plus que pro","isPartOf":{"@id":"https:\/\/www.plus-que-pro-distribution.fr\/#website"},"primaryImageOfPage":{"@id":"https:\/\/www.plus-que-pro-distribution.fr\/franchise-magazine-annonce-la-participation-de-plus-que-pro-au-salon-franchise-expo\/#primaryimage"},"image":{"@id":"https:\/\/www.plus-que-pro-distribution.fr\/franchise-magazine-annonce-la-participation-de-plus-que-pro-au-salon-franchise-expo\/#primaryimage"},"thumbnailUrl":"https:\/\/www.plus-que-pro-distribution.fr\/uploads\/franchise-mag.jpg","datePublished":"2019-03-05T09:36:32+00:00","dateModified":"2025-02-19T13:23:03+00:00","description":"Dans son \u00e9dition du 27 f\u00e9vrier, Franchise Magazine a mis en avant la participation du concept Plus que pro pour la premi\u00e8re fois au salon Franchise Expo","breadcrumb":{"@id":"https:\/\/www.plus-que-pro-distribution.fr\/franchise-magazine-annonce-la-participation-de-plus-que-pro-au-salon-franchise-expo\/#breadcrumb"},"inLanguage":"fr-FR","potentialAction":[{"@type":"ReadAction","target":["https:\/\/www.plus-que-pro-distribution.fr\/franchise-magazine-annonce-la-participation-de-plus-que-pro-au-salon-franchise-expo\/"]}]},{"@type":"ImageObject","inLanguage":"fr-FR","@id":"https:\/\/www.plus-que-pro-distribution.fr\/franchise-magazine-annonce-la-participation-de-plus-que-pro-au-salon-franchise-expo\/#primaryimage","url":"https:\/\/www.plus-que-pro-distribution.fr\/uploads\/franchise-mag.jpg","contentUrl":"https:\/\/www.plus-que-pro-distribution.fr\/uploads\/franchise-mag.jpg","width":1200,"height":600,"caption":"Franchise Magazine parle de la pr\u00e9sence de Plus que pro au salon Franchise Expo"},{"@type":"BreadcrumbList","@id":"https:\/\/www.plus-que-pro-distribution.fr\/franchise-magazine-annonce-la-participation-de-plus-que-pro-au-salon-franchise-expo\/#breadcrumb","itemListElement":[{"@type":"ListItem","position":1,"name":"Home","item":"https:\/\/www.plus-que-pro-distribution.fr\/"},{"@type":"ListItem","position":2,"name":"Franchise Magazine annonce la participation de Plus que pro au salon Franchise Expo"}]},{"@type":"WebSite","@id":"https:\/\/www.plus-que-pro-distribution.fr\/#website","url":"https:\/\/www.plus-que-pro-distribution.fr\/","name":"Plus que pro distribution","description":"","publisher":{"@id":"https:\/\/www.plus-que-pro-distribution.fr\/#organization"},"potentialAction":[{"@type":"SearchAction","target":{"@type":"EntryPoint","urlTemplate":"https:\/\/www.plus-que-pro-distribution.fr\/?s={search_term_string}"},"query-input":{"@type":"PropertyValueSpecification","valueRequired":true,"valueName":"search_term_string"}}],"inLanguage":"fr-FR"},{"@type":"Organization","@id":"https:\/\/www.plus-que-pro-distribution.fr\/#organization","name":"Plus que pro distribution","url":"https:\/\/www.plus-que-pro-distribution.fr\/","logo":{"@type":"ImageObject","inLanguage":"fr-FR","@id":"https:\/\/www.plus-que-pro-distribution.fr\/#\/schema\/logo\/image\/","url":"https:\/\/www.plus-que-pro-distribution.fr\/uploads\/logo-pqp-distribution.svg","contentUrl":"https:\/\/www.plus-que-pro-distribution.fr\/uploads\/logo-pqp-distribution.svg","width":144,"height":34,"caption":"Plus que pro distribution"},"image":{"@id":"https:\/\/www.plus-que-pro-distribution.fr\/#\/schema\/logo\/image\/"},"sameAs":["https:\/\/www.facebook.com\/Plusquepro\/"]},{"@type":"Person","@id":"https:\/\/www.plus-que-pro-distribution.fr\/#\/schema\/person\/751af92e7c43e3eeb98f4f63875e4ceb","name":"Jean","image":{"@type":"ImageObject","inLanguage":"fr-FR","@id":"https:\/\/www.plus-que-pro-distribution.fr\/#\/schema\/person\/image\/","url":"https:\/\/secure.gravatar.com\/avatar\/aac25d1e3a248ba1be7404ccf9581f1a78704d8a0e292c792ed971a596325c72?s=96&d=mm&r=g","contentUrl":"https:\/\/secure.gravatar.com\/avatar\/aac25d1e3a248ba1be7404ccf9581f1a78704d8a0e292c792ed971a596325c72?s=96&d=mm&r=g","caption":"Jean"}}]}},"_links":{"self":[{"href":"https:\/\/www.plus-que-pro-distribution.fr\/api\/wp\/v2\/posts\/6971","targetHints":{"allow":["GET"]}}],"collection":[{"href":"https:\/\/www.plus-que-pro-distribution.fr\/api\/wp\/v2\/posts"}],"about":[{"href":"https:\/\/www.plus-que-pro-distribution.fr\/api\/wp\/v2\/types\/post"}],"author":[{"embeddable":true,"href":"https:\/\/www.plus-que-pro-distribution.fr\/api\/wp\/v2\/users\/4"}],"replies":[{"embeddable":true,"href":"https:\/\/www.plus-que-pro-distribution.fr\/api\/wp\/v2\/comments?post=6971"}],"version-history":[{"count":2,"href":"https:\/\/www.plus-que-pro-distribution.fr\/api\/wp\/v2\/posts\/6971\/revisions"}],"predecessor-version":[{"id":18313,"href":"https:\/\/www.plus-que-pro-distribution.fr\/api\/wp\/v2\/posts\/6971\/revisions\/18313"}],"wp:featuredmedia":[{"embeddable":true,"href":"https:\/\/www.plus-que-pro-distribution.fr\/api\/wp\/v2\/media\/6977"}],"wp:attachment":[{"href":"https:\/\/www.plus-que-pro-distribution.fr\/api\/wp\/v2\/media?parent=6971"}],"wp:term":[{"taxonomy":"category","embeddable":true,"href":"https:\/\/www.plus-que-pro-distribution.fr\/api\/wp\/v2\/categories?post=6971"},{"taxonomy":"post_tag","embeddable":true,"href":"https:\/\/www.plus-que-pro-distribution.fr\/api\/wp\/v2\/tags?post=6971"}],"curies":[{"name":"wp","href":"https:\/\/api.w.org\/{rel}","templated":true}]}}