{"id":6951,"date":"2019-02-28T16:40:14","date_gmt":"2019-02-28T16:40:14","guid":{"rendered":"https:\/\/www.network-plus-que-pro.fr\/?p=6951"},"modified":"2025-01-15T12:08:35","modified_gmt":"2025-01-15T11:08:35","slug":"pret-a-decrocher-les-etoiles","status":"publish","type":"post","link":"https:\/\/www.plus-que-pro-distribution.fr\/pret-a-decrocher-les-etoiles\/","title":{"rendered":"Pr\u00eat \u00e0 d\u00e9crocher les \u00e9toiles\u00a0?"},"content":{"rendered":"<p class=\"[&amp;_a]:underline [&amp;_a]:underline-offset-2 [&amp;_a]:text-secondary-500 [&amp;_a:focus-visible]:outline-none [&amp;_a:focus]:outline-none [&amp;_a:focus-visible]:ring-2 [&amp;_a:focus-visible]:ring-offset-2 [&amp;_a:focus-visible]:ring-secondary-500 [&amp;_a:focus-visible]:rounded-full [&amp;_+_*]:mt-xs [*_+_&amp;]:mt-xs [&amp;_+_.wp-block-group]:mt-m [&amp;_+_.wp-block-group]:md:mt-l [&amp;.text-caption_+_*]:!mt-xs [&amp;.text-caption_+_*]:md:!mt-xs  text-left\" >Le concept in\u00e9dit Plus que pro sera pr\u00e9sent au salon Franchise Expo pour la premi\u00e8re fois de son histoire.<\/p>\n\n<figure class=\"block m-0\" ><img decoding=\"async\" src=\"https:\/\/www.plus-que-pro-distribution.fr\/uploads\/img-salon-franchise-expo.jpg\" alt=\"Plus que pro au salon Franchise Expo du 17 au 20 mars 219\" class=\"inline-block rounded-tr-media rounded-tl-media rounded-bl-media rounded-br-media \" ><\/figure>\n\n<p class=\"[&amp;_a]:underline [&amp;_a]:underline-offset-2 [&amp;_a]:text-secondary-500 [&amp;_a:focus-visible]:outline-none [&amp;_a:focus]:outline-none [&amp;_a:focus-visible]:ring-2 [&amp;_a:focus-visible]:ring-offset-2 [&amp;_a:focus-visible]:ring-secondary-500 [&amp;_a:focus-visible]:rounded-full [&amp;_+_*]:mt-xs [*_+_&amp;]:mt-xs [&amp;_+_.wp-block-group]:mt-m [&amp;_+_.wp-block-group]:md:mt-l [&amp;.text-caption_+_*]:!mt-xs [&amp;.text-caption_+_*]:md:!mt-xs aligndefault max-w-default mx-auto \" ><\/p>\n\n<p class=\"[&amp;_a]:underline [&amp;_a]:underline-offset-2 [&amp;_a]:text-secondary-500 [&amp;_a:focus-visible]:outline-none [&amp;_a:focus]:outline-none [&amp;_a:focus-visible]:ring-2 [&amp;_a:focus-visible]:ring-offset-2 [&amp;_a:focus-visible]:ring-secondary-500 [&amp;_a:focus-visible]:rounded-full [&amp;_+_*]:mt-xs [*_+_&amp;]:mt-xs [&amp;_+_.wp-block-group]:mt-m [&amp;_+_.wp-block-group]:md:mt-l [&amp;.text-caption_+_*]:!mt-xs [&amp;.text-caption_+_*]:md:!mt-xs aligndefault max-w-default mx-auto \" >L\u2019enseigne Plus que pro occupera la Porte de Versailles du 17 au 20 mars prochain, sur le <strong>stand C11 du Salon Franchise Expo Paris<\/strong> pour recruter ses futurs astronautes !<\/p>\n\n<p class=\"[&amp;_a]:underline [&amp;_a]:underline-offset-2 [&amp;_a]:text-secondary-500 [&amp;_a:focus-visible]:outline-none [&amp;_a:focus]:outline-none [&amp;_a:focus-visible]:ring-2 [&amp;_a:focus-visible]:ring-offset-2 [&amp;_a:focus-visible]:ring-secondary-500 [&amp;_a:focus-visible]:rounded-full [&amp;_+_*]:mt-xs [*_+_&amp;]:mt-xs [&amp;_+_.wp-block-group]:mt-m [&amp;_+_.wp-block-group]:md:mt-l [&amp;.text-caption_+_*]:!mt-xs [&amp;.text-caption_+_*]:md:!mt-xs aligndefault max-w-default mx-auto \" >V\u00e9ritable<strong> \u00ab TRIP ADVISOR \u00bb des professionnels<\/strong> du b\u00e2timent, de l\u2019habitat et des services, concept unique en Europe, le r\u00e9seau fond\u00e9 en 2014 s\u2019est lanc\u00e9 en licence de marque en 2017.<\/p>\n\n<p class=\"[&amp;_a]:underline [&amp;_a]:underline-offset-2 [&amp;_a]:text-secondary-500 [&amp;_a:focus-visible]:outline-none [&amp;_a:focus]:outline-none [&amp;_a:focus-visible]:ring-2 [&amp;_a:focus-visible]:ring-offset-2 [&amp;_a:focus-visible]:ring-secondary-500 [&amp;_a:focus-visible]:rounded-full [&amp;_+_*]:mt-xs [*_+_&amp;]:mt-xs [&amp;_+_.wp-block-group]:mt-m [&amp;_+_.wp-block-group]:md:mt-l [&amp;.text-caption_+_*]:!mt-xs [&amp;.text-caption_+_*]:md:!mt-xs aligndefault max-w-default mx-auto \" >Le site se donne pour mission de permettre aux consommateurs de ne plus se tromper dans le choix du professionnel auquel ils peuvent accorder leur confiance. Il permet parall\u00e8lement aux entreprises b\u00e9n\u00e9ficiant d\u2019un r\u00e9el savoir-faire de le prouver\u2026<\/p>\n\n<h2 class=\"wp-block-heading text-balance [&amp;_+_*]:mt-m [&amp;_+_*]:md:mt-l [*_+_&amp;]:mt-m [*_+_&amp;]:md:mt-l [&amp;.text-caption_+_*]:!mt-xs [&amp;.text-caption_+_*]:md:!mt-xs [&amp;_a]:underline [&amp;_a]:underline-offset-2 [&amp;_a]:text-secondary-500 text-h2 aligndefault max-w-default mx-auto \" >Vous aussi, partez \u00e0 la recherche des entreprises \u00e9toil\u00e9es !<\/h2>\n\n<p class=\"[&amp;_a]:underline [&amp;_a]:underline-offset-2 [&amp;_a]:text-secondary-500 [&amp;_a:focus-visible]:outline-none [&amp;_a:focus]:outline-none [&amp;_a:focus-visible]:ring-2 [&amp;_a:focus-visible]:ring-offset-2 [&amp;_a:focus-visible]:ring-secondary-500 [&amp;_a:focus-visible]:rounded-full [&amp;_+_*]:mt-xs [*_+_&amp;]:mt-xs [&amp;_+_.wp-block-group]:mt-m [&amp;_+_.wp-block-group]:md:mt-l [&amp;.text-caption_+_*]:!mt-xs [&amp;.text-caption_+_*]:md:!mt-xs aligndefault max-w-default mx-auto \" >Pendant 4 jours, les candidats pourront rencontrer son Pr\u00e9sident Gr\u00e9gory Regouby, plusieurs membres importants de l\u2019\u00e9quipe du si\u00e8ge et<strong> recueillir le t\u00e9moignage du premier des 15 affili\u00e9s actuels, Nicolas Remillet<\/strong>.<br>\nImplant\u00e9 en Franche-Comt\u00e9 depuis un peu plus d\u2019un an, conquis \u00e0 la fois par l\u2019aspect innovant et les fortes valeurs d\u00e9fendues par le groupe.<\/p>\n\n<p class=\"[&amp;_a]:underline [&amp;_a]:underline-offset-2 [&amp;_a]:text-secondary-500 [&amp;_a:focus-visible]:outline-none [&amp;_a:focus]:outline-none [&amp;_a:focus-visible]:ring-2 [&amp;_a:focus-visible]:ring-offset-2 [&amp;_a:focus-visible]:ring-secondary-500 [&amp;_a:focus-visible]:rounded-full [&amp;_+_*]:mt-xs [*_+_&amp;]:mt-xs [&amp;_+_.wp-block-group]:mt-m [&amp;_+_.wp-block-group]:md:mt-l [&amp;.text-caption_+_*]:!mt-xs [&amp;.text-caption_+_*]:md:!mt-xs aligndefault max-w-default mx-auto \" >Un pionnier qui sera d&rsquo;ailleurs prochainement rejoint dans son aventure d&rsquo;entrepreneur par son \u00e9pouse, s\u00e9duite \u00e0 son tour et rassur\u00e9e par le projet Plus que pro et ses r\u00e9sultats.<\/p>\n\n<h2 class=\"wp-block-heading text-balance [&amp;_+_*]:mt-m [&amp;_+_*]:md:mt-l [*_+_&amp;]:mt-m [*_+_&amp;]:md:mt-l [&amp;.text-caption_+_*]:!mt-xs [&amp;.text-caption_+_*]:md:!mt-xs [&amp;_a]:underline [&amp;_a]:underline-offset-2 [&amp;_a]:text-secondary-500 text-h2 aligndefault max-w-default mx-auto \" >D\u00e9couvrez le t\u00e9moignage du premier partenaire Plus que pro<\/h2>\n\n<p class=\"[&amp;_a]:underline [&amp;_a]:underline-offset-2 [&amp;_a]:text-secondary-500 [&amp;_a:focus-visible]:outline-none [&amp;_a:focus]:outline-none [&amp;_a:focus-visible]:ring-2 [&amp;_a:focus-visible]:ring-offset-2 [&amp;_a:focus-visible]:ring-secondary-500 [&amp;_a:focus-visible]:rounded-full [&amp;_+_*]:mt-xs [*_+_&amp;]:mt-xs [&amp;_+_.wp-block-group]:mt-m [&amp;_+_.wp-block-group]:md:mt-l [&amp;.text-caption_+_*]:!mt-xs [&amp;.text-caption_+_*]:md:!mt-xs aligndefault max-w-default mx-auto \" >\u00a0<\/p>\n\n<figure class=\"wp-block-embed relative aligndefault max-w-default mx-auto [&amp;_lite-youtube]:w-full [&amp;_lite-youtube]:h-full [&amp;_lite-youtube]:rounded-media [&amp;_lite-youtube]:aspect-video [&amp;_lite-youtube]:mx-auto [&amp;_lite-youtube]:max-w-default [&amp;.alignfull_&gt;_lite-youtube]:rounded-none [&amp;.alignfull_&gt;_figcaption]:pl-global-padding \" >\n<lite-youtube js-api params=\"enablejsapi=1&#038;autoplay=0\" videoid=\"embed\/9jLD9d-jEXU\" title=\"Franchis\u00e9 Plus que pro : Retour d'exp\u00e9rience de Nicolas REMILLET 1 an apr\u00e8s (2018)\" width=\"500\" height=\"281\" data-src=\"https:\/\/www.youtube.com\/embed\/9jLD9d-jEXU?feature=oembed\" frameborder=\"0\" allow=\"accelerometer; autoplay; clipboard-write; encrypted-media; gyroscope; picture-in-picture; web-share\" referrerpolicy=\"strict-origin-when-cross-origin\" allowfullscreen><\/lite-youtube>\n<div x-on:click.stop=\"\" class=\"youtube-consent-overlay flex relative items-center text-center rounded-sm p-global-padding bg-primary-950 gap-s flex-col\" ><div class=\"text-white has-text-color\" >La lecture des vid\u00e9os Youtube est conditionn\u00e9e au d\u00e9p\u00f4t de cookies sur votre terminal pour permettre la diffusion des vid\u00e9os, mais \u00e9galement pour des finalit\u00e9s publicitaires. En cliquant sur \u00ab\u00a0Autoriser\u00a0\u00bb, vous consentez au d\u00e9p\u00f4t de cookies pour l&rsquo;ensemble des finalit\u00e9s.<\/div><a target=\"_blank\" href=\"https:\/\/policies.google.com\/privacy?hl=fr&amp;gl=fr\" class=\"text-white underline focus-visible:outline-none focus:outline-none focus-visible:ring-2 focus-visible:ring-offset-2 focus-visible:ring-secondary-500 rounded-full\" >Consulter la politique de confidentialit\u00e9 de Youtube<\/a><div class=\"justify-center wp-block-buttons flex flex-col md:flex-row items-start gap-7\" ><button x-data=\"{\n            init() {\n                window.didomiOnReady = window.didomiOnReady || [];\n                window.didomiOnReady.push((Didomi) =&gt; {\n                    Didomi.getObservableOnUserConsentStatusForVendor(&quot;c:youtube-axWT9ZeX&quot;).subscribe(\n                        (consentStatus) =&gt; {\n                            if (consentStatus === true) {\n                                this.showAllVideos();\n                            }\n                        }\n                    );\n                });\n            },\n            showAllVideos() {\n\t\t\t\tconst liteYoutubes = document.querySelectorAll(&quot;lite-youtube&quot;);\n\t\t\t\tif (liteYoutubes.length === 0) {\n\t\t\t\t\treturn;\n\t\t\t\t}\n\n\t\t\t\tliteYoutubes.forEach((liteYoutube) =&gt; {\n\t\t\t\t\tconst src = liteYoutube.getAttribute(&quot;data-src&quot;);\n\t\t\t\t\tliteYoutube.setAttribute(&quot;src&quot;, src);\n\t\t\t\t});\n\n\t\t\t\tconst overlays = document.querySelectorAll(&quot;.youtube-consent-overlay&quot;);\n\t\t\t\tif (overlays.length === 0) {\n\t\t\t\t\treturn;\n\t\t\t\t}\n\n\t\t\t\toverlays.forEach((overlay) =&gt; {\n\t\t\t\t\toverlay.style.display = &quot;none&quot;;\n\t\t\t\t});\n            },\n            handleYoutubeConsent() {\n                if (typeof Didomi === &quot;undefined&quot;) {\n                    return;\n                }\n\n                const youtubeVendor = Didomi.getVendorById(&quot;c:youtube-axWT9ZeX&quot;);\n                if (!youtubeVendor) {\n                    return;\n                }\n                const transaction = Didomi.openCurrentUserStatusTransaction();\n                transaction.enableVendor(youtubeVendor.didomiId);\n                transaction.enablePurposes(youtubeVendor.purposeIds);\n                transaction.commit();\n            }\n        }\" x-on:click=\"handleYoutubeConsent()\" x-on:init=\"init()\" class=\"flex-none border-2 inline-flex items-center gap-2 py-3 px-6 rounded-full is-style-fill text-white border-secondary-500 bg-secondary-500 hover:border-secondary-600 hover:bg-secondary-600 transition ease-in duration-300 disabled:bg-secondary-200 disabled:border-secondary-200\" >Autoriser<\/button><\/div><\/div> <figcaption class=\"text-caption text-deep-300 has-text-color \" ><\/figcaption><\/figure>\n\n<p class=\"[&amp;_a]:underline [&amp;_a]:underline-offset-2 [&amp;_a]:text-secondary-500 [&amp;_a:focus-visible]:outline-none [&amp;_a:focus]:outline-none [&amp;_a:focus-visible]:ring-2 [&amp;_a:focus-visible]:ring-offset-2 [&amp;_a:focus-visible]:ring-secondary-500 [&amp;_a:focus-visible]:rounded-full [&amp;_+_*]:mt-xs [*_+_&amp;]:mt-xs [&amp;_+_.wp-block-group]:mt-m [&amp;_+_.wp-block-group]:md:mt-l [&amp;.text-caption_+_*]:!mt-xs [&amp;.text-caption_+_*]:md:!mt-xs aligndefault max-w-default mx-auto \" >Des milliers d\u2019entre elles ont d\u00e9j\u00e0 adh\u00e9r\u00e9 \u00e0 sa solution et ont g\u00e9n\u00e9r\u00e9 gr\u00e2ce \u00e0 Plus que pro <strong>plus d\u2019un demi-milliard d\u2019Euros de CA chaque ann\u00e9e<\/strong>. Selon un sondage r\u00e9alis\u00e9 par l\u2019IFOP, 97% des entreprises adh\u00e9rentes en ont une excellente opinion.<\/p>\n\n<p class=\"[&amp;_a]:underline [&amp;_a]:underline-offset-2 [&amp;_a]:text-secondary-500 [&amp;_a:focus-visible]:outline-none [&amp;_a:focus]:outline-none [&amp;_a:focus-visible]:ring-2 [&amp;_a:focus-visible]:ring-offset-2 [&amp;_a:focus-visible]:ring-secondary-500 [&amp;_a:focus-visible]:rounded-full [&amp;_+_*]:mt-xs [*_+_&amp;]:mt-xs [&amp;_+_.wp-block-group]:mt-m [&amp;_+_.wp-block-group]:md:mt-l [&amp;.text-caption_+_*]:!mt-xs [&amp;.text-caption_+_*]:md:!mt-xs aligndefault max-w-default mx-auto \" ><strong>Les entreprises sont \u00e9valu\u00e9es par leurs propres clients<\/strong>, tous de v\u00e9ritables consommateurs, selon un process tr\u00e8s strict certifi\u00e9 ISO et contr\u00f4l\u00e9 par un organisme ind\u00e9pendant.<\/p>\n\n<p class=\"[&amp;_a]:underline [&amp;_a]:underline-offset-2 [&amp;_a]:text-secondary-500 [&amp;_a:focus-visible]:outline-none [&amp;_a:focus]:outline-none [&amp;_a:focus-visible]:ring-2 [&amp;_a:focus-visible]:ring-offset-2 [&amp;_a:focus-visible]:ring-secondary-500 [&amp;_a:focus-visible]:rounded-full [&amp;_+_*]:mt-xs [*_+_&amp;]:mt-xs [&amp;_+_.wp-block-group]:mt-m [&amp;_+_.wp-block-group]:md:mt-l [&amp;.text-caption_+_*]:!mt-xs [&amp;.text-caption_+_*]:md:!mt-xs aligndefault max-w-default mx-auto \" >Depuis un an, Plus que pro a mis au point un concept et un mod\u00e8le \u00e9conomique sans \u00e9quivalent et conna\u00eet un d\u00e9veloppement extr\u00eamement rapide.<\/p>\n\n<p class=\"[&amp;_a]:underline [&amp;_a]:underline-offset-2 [&amp;_a]:text-secondary-500 [&amp;_a:focus-visible]:outline-none [&amp;_a:focus]:outline-none [&amp;_a:focus-visible]:ring-2 [&amp;_a:focus-visible]:ring-offset-2 [&amp;_a:focus-visible]:ring-secondary-500 [&amp;_a:focus-visible]:rounded-full [&amp;_+_*]:mt-xs [*_+_&amp;]:mt-xs [&amp;_+_.wp-block-group]:mt-m [&amp;_+_.wp-block-group]:md:mt-l [&amp;.text-caption_+_*]:!mt-xs [&amp;.text-caption_+_*]:md:!mt-xs  text-center\" ><strong>Vous avez l\u2019\u00e2me d\u2019un entrepreneur et souhaitez mettre en lumi\u00e8re les entreprises qualitatives de votre secteur ? Partez \u00e0 la conqu\u00eate de l\u2019espace et touchez les \u00e9toiles avec Plus que pro !<\/strong><\/p>","protected":false},"excerpt":{"rendered":"<p>Le concept in\u00e9dit Plus que pro sera pr\u00e9sent au salon Franchise Expo pour la premi\u00e8re fois de son histoire.<\/p>\n","protected":false},"author":4,"featured_media":6958,"comment_status":"open","ping_status":"open","sticky":false,"template":"","format":"standard","meta":{"footnotes":""},"categories":[6],"tags":[],"class_list":["post-6951","post","type-post","status-publish","format-standard","has-post-thumbnail","hentry","category-nos-actualites"],"yoast_head":"<title>Plus que pro pr\u00e9sent au salon Franchise Expo Paris<\/title>\n<meta name=\"description\" content=\"Le concept in\u00e9dit Plus que pro sera pr\u00e9sent au salon Franchise Expo pour la premi\u00e8re fois de son histoire du 17 au 20 mars 2019\" \/>\n<meta name=\"robots\" content=\"index, follow, max-snippet:-1, max-image-preview:large, max-video-preview:-1\" \/>\n<link rel=\"canonical\" href=\"https:\/\/www.plus-que-pro-distribution.fr\/pret-a-decrocher-les-etoiles\/\" \/>\n<meta property=\"og:locale\" content=\"fr_FR\" \/>\n<meta property=\"og:type\" content=\"article\" \/>\n<meta property=\"og:title\" content=\"Plus que pro pr\u00e9sent au salon Franchise Expo Paris\" \/>\n<meta property=\"og:description\" content=\"Le concept in\u00e9dit Plus que pro sera pr\u00e9sent au salon Franchise Expo pour la premi\u00e8re fois de son histoire du 17 au 20 mars 2019\" \/>\n<meta property=\"og:url\" content=\"https:\/\/www.plus-que-pro-distribution.fr\/pret-a-decrocher-les-etoiles\/\" \/>\n<meta property=\"og:site_name\" content=\"Plus que pro - Distribution\" \/>\n<meta property=\"article:publisher\" content=\"https:\/\/www.facebook.com\/Plusquepro\/\" \/>\n<meta property=\"article:published_time\" content=\"2019-02-28T16:40:14+00:00\" \/>\n<meta property=\"article:modified_time\" content=\"2025-01-15T11:08:35+00:00\" \/>\n<meta property=\"og:image\" content=\"https:\/\/www.plus-que-pro-distribution.fr\/uploads\/img-salon-franchise-expo.jpg\" \/>\n\t<meta property=\"og:image:width\" content=\"1080\" \/>\n\t<meta property=\"og:image:height\" content=\"600\" \/>\n\t<meta property=\"og:image:type\" content=\"image\/jpeg\" \/>\n<meta name=\"author\" content=\"Jean\" \/>\n<meta name=\"twitter:card\" content=\"summary_large_image\" \/>\n<meta name=\"twitter:label1\" content=\"Written by\" \/>\n\t<meta name=\"twitter:data1\" content=\"Jean\" \/>\n\t<meta name=\"twitter:label2\" content=\"Est. reading time\" \/>\n\t<meta name=\"twitter:data2\" content=\"3 minutes\" \/>\n<script type=\"application\/ld+json\" class=\"yoast-schema-graph\">{\"@context\":\"https:\/\/schema.org\",\"@graph\":[{\"@type\":\"Article\",\"@id\":\"https:\/\/www.plus-que-pro-distribution.fr\/pret-a-decrocher-les-etoiles\/#article\",\"isPartOf\":{\"@id\":\"https:\/\/www.plus-que-pro-distribution.fr\/pret-a-decrocher-les-etoiles\/\"},\"author\":{\"name\":\"Jean\",\"@id\":\"https:\/\/www.plus-que-pro-distribution.fr\/#\/schema\/person\/751af92e7c43e3eeb98f4f63875e4ceb\"},\"headline\":\"Pr\u00eat \u00e0 d\u00e9crocher les \u00e9toiles\u00a0?\",\"datePublished\":\"2019-02-28T16:40:14+00:00\",\"dateModified\":\"2025-01-15T11:08:35+00:00\",\"mainEntityOfPage\":{\"@id\":\"https:\/\/www.plus-que-pro-distribution.fr\/pret-a-decrocher-les-etoiles\/\"},\"wordCount\":394,\"commentCount\":0,\"publisher\":{\"@id\":\"https:\/\/www.plus-que-pro-distribution.fr\/#organization\"},\"image\":{\"@id\":\"https:\/\/www.plus-que-pro-distribution.fr\/pret-a-decrocher-les-etoiles\/#primaryimage\"},\"thumbnailUrl\":\"https:\/\/www.plus-que-pro-distribution.fr\/uploads\/img-salon-franchise-expo.jpg\",\"articleSection\":[\"Nos actualit\u00e9s\"],\"inLanguage\":\"fr-FR\",\"potentialAction\":[{\"@type\":\"CommentAction\",\"name\":\"Comment\",\"target\":[\"https:\/\/www.plus-que-pro-distribution.fr\/pret-a-decrocher-les-etoiles\/#respond\"]}]},{\"@type\":\"WebPage\",\"@id\":\"https:\/\/www.plus-que-pro-distribution.fr\/pret-a-decrocher-les-etoiles\/\",\"url\":\"https:\/\/www.plus-que-pro-distribution.fr\/pret-a-decrocher-les-etoiles\/\",\"name\":\"Plus que pro pr\u00e9sent au salon Franchise Expo Paris\",\"isPartOf\":{\"@id\":\"https:\/\/www.plus-que-pro-distribution.fr\/#website\"},\"primaryImageOfPage\":{\"@id\":\"https:\/\/www.plus-que-pro-distribution.fr\/pret-a-decrocher-les-etoiles\/#primaryimage\"},\"image\":{\"@id\":\"https:\/\/www.plus-que-pro-distribution.fr\/pret-a-decrocher-les-etoiles\/#primaryimage\"},\"thumbnailUrl\":\"https:\/\/www.plus-que-pro-distribution.fr\/uploads\/img-salon-franchise-expo.jpg\",\"datePublished\":\"2019-02-28T16:40:14+00:00\",\"dateModified\":\"2025-01-15T11:08:35+00:00\",\"description\":\"Le concept in\u00e9dit Plus que pro sera pr\u00e9sent au salon Franchise Expo pour la premi\u00e8re fois de son histoire du 17 au 20 mars 2019\",\"breadcrumb\":{\"@id\":\"https:\/\/www.plus-que-pro-distribution.fr\/pret-a-decrocher-les-etoiles\/#breadcrumb\"},\"inLanguage\":\"fr-FR\",\"potentialAction\":[{\"@type\":\"ReadAction\",\"target\":[\"https:\/\/www.plus-que-pro-distribution.fr\/pret-a-decrocher-les-etoiles\/\"]}]},{\"@type\":\"ImageObject\",\"inLanguage\":\"fr-FR\",\"@id\":\"https:\/\/www.plus-que-pro-distribution.fr\/pret-a-decrocher-les-etoiles\/#primaryimage\",\"url\":\"https:\/\/www.plus-que-pro-distribution.fr\/uploads\/img-salon-franchise-expo.jpg\",\"contentUrl\":\"https:\/\/www.plus-que-pro-distribution.fr\/uploads\/img-salon-franchise-expo.jpg\",\"width\":1080,\"height\":600,\"caption\":\"Plus que pro au salon Franchise Expo du 17 au 20 mars 2019\"},{\"@type\":\"BreadcrumbList\",\"@id\":\"https:\/\/www.plus-que-pro-distribution.fr\/pret-a-decrocher-les-etoiles\/#breadcrumb\",\"itemListElement\":[{\"@type\":\"ListItem\",\"position\":1,\"name\":\"Home\",\"item\":\"https:\/\/www.plus-que-pro-distribution.fr\/\"},{\"@type\":\"ListItem\",\"position\":2,\"name\":\"Pr\u00eat \u00e0 d\u00e9crocher les \u00e9toiles\u00a0?\"}]},{\"@type\":\"WebSite\",\"@id\":\"https:\/\/www.plus-que-pro-distribution.fr\/#website\",\"url\":\"https:\/\/www.plus-que-pro-distribution.fr\/\",\"name\":\"Plus que pro distribution\",\"description\":\"\",\"publisher\":{\"@id\":\"https:\/\/www.plus-que-pro-distribution.fr\/#organization\"},\"potentialAction\":[{\"@type\":\"SearchAction\",\"target\":{\"@type\":\"EntryPoint\",\"urlTemplate\":\"https:\/\/www.plus-que-pro-distribution.fr\/?s={search_term_string}\"},\"query-input\":{\"@type\":\"PropertyValueSpecification\",\"valueRequired\":true,\"valueName\":\"search_term_string\"}}],\"inLanguage\":\"fr-FR\"},{\"@type\":\"Organization\",\"@id\":\"https:\/\/www.plus-que-pro-distribution.fr\/#organization\",\"name\":\"Plus que pro distribution\",\"url\":\"https:\/\/www.plus-que-pro-distribution.fr\/\",\"logo\":{\"@type\":\"ImageObject\",\"inLanguage\":\"fr-FR\",\"@id\":\"https:\/\/www.plus-que-pro-distribution.fr\/#\/schema\/logo\/image\/\",\"url\":\"https:\/\/www.plus-que-pro-distribution.fr\/uploads\/logo-pqp-distribution.svg\",\"contentUrl\":\"https:\/\/www.plus-que-pro-distribution.fr\/uploads\/logo-pqp-distribution.svg\",\"width\":144,\"height\":34,\"caption\":\"Plus que pro distribution\"},\"image\":{\"@id\":\"https:\/\/www.plus-que-pro-distribution.fr\/#\/schema\/logo\/image\/\"},\"sameAs\":[\"https:\/\/www.facebook.com\/Plusquepro\/\"]},{\"@type\":\"Person\",\"@id\":\"https:\/\/www.plus-que-pro-distribution.fr\/#\/schema\/person\/751af92e7c43e3eeb98f4f63875e4ceb\",\"name\":\"Jean\",\"image\":{\"@type\":\"ImageObject\",\"inLanguage\":\"fr-FR\",\"@id\":\"https:\/\/www.plus-que-pro-distribution.fr\/#\/schema\/person\/image\/\",\"url\":\"https:\/\/secure.gravatar.com\/avatar\/aac25d1e3a248ba1be7404ccf9581f1a78704d8a0e292c792ed971a596325c72?s=96&d=mm&r=g\",\"contentUrl\":\"https:\/\/secure.gravatar.com\/avatar\/aac25d1e3a248ba1be7404ccf9581f1a78704d8a0e292c792ed971a596325c72?s=96&d=mm&r=g\",\"caption\":\"Jean\"}}]}<\/script>","yoast_head_json":{"title":"Plus que pro pr\u00e9sent au salon Franchise Expo Paris","description":"Le concept in\u00e9dit Plus que pro sera pr\u00e9sent au salon Franchise Expo pour la premi\u00e8re fois de son histoire du 17 au 20 mars 2019","robots":{"index":"index","follow":"follow","max-snippet":"max-snippet:-1","max-image-preview":"max-image-preview:large","max-video-preview":"max-video-preview:-1"},"canonical":"https:\/\/www.plus-que-pro-distribution.fr\/pret-a-decrocher-les-etoiles\/","og_locale":"fr_FR","og_type":"article","og_title":"Plus que pro pr\u00e9sent au salon Franchise Expo Paris","og_description":"Le concept in\u00e9dit Plus que pro sera pr\u00e9sent au salon Franchise Expo pour la premi\u00e8re fois de son histoire du 17 au 20 mars 2019","og_url":"https:\/\/www.plus-que-pro-distribution.fr\/pret-a-decrocher-les-etoiles\/","og_site_name":"Plus que pro - Distribution","article_publisher":"https:\/\/www.facebook.com\/Plusquepro\/","article_published_time":"2019-02-28T16:40:14+00:00","article_modified_time":"2025-01-15T11:08:35+00:00","og_image":[{"width":1080,"height":600,"url":"https:\/\/www.plus-que-pro-distribution.fr\/uploads\/img-salon-franchise-expo.jpg","type":"image\/jpeg"}],"author":"Jean","twitter_card":"summary_large_image","twitter_misc":{"Written by":"Jean","Est. reading time":"3 minutes"},"schema":{"@context":"https:\/\/schema.org","@graph":[{"@type":"Article","@id":"https:\/\/www.plus-que-pro-distribution.fr\/pret-a-decrocher-les-etoiles\/#article","isPartOf":{"@id":"https:\/\/www.plus-que-pro-distribution.fr\/pret-a-decrocher-les-etoiles\/"},"author":{"name":"Jean","@id":"https:\/\/www.plus-que-pro-distribution.fr\/#\/schema\/person\/751af92e7c43e3eeb98f4f63875e4ceb"},"headline":"Pr\u00eat \u00e0 d\u00e9crocher les \u00e9toiles\u00a0?","datePublished":"2019-02-28T16:40:14+00:00","dateModified":"2025-01-15T11:08:35+00:00","mainEntityOfPage":{"@id":"https:\/\/www.plus-que-pro-distribution.fr\/pret-a-decrocher-les-etoiles\/"},"wordCount":394,"commentCount":0,"publisher":{"@id":"https:\/\/www.plus-que-pro-distribution.fr\/#organization"},"image":{"@id":"https:\/\/www.plus-que-pro-distribution.fr\/pret-a-decrocher-les-etoiles\/#primaryimage"},"thumbnailUrl":"https:\/\/www.plus-que-pro-distribution.fr\/uploads\/img-salon-franchise-expo.jpg","articleSection":["Nos actualit\u00e9s"],"inLanguage":"fr-FR","potentialAction":[{"@type":"CommentAction","name":"Comment","target":["https:\/\/www.plus-que-pro-distribution.fr\/pret-a-decrocher-les-etoiles\/#respond"]}]},{"@type":"WebPage","@id":"https:\/\/www.plus-que-pro-distribution.fr\/pret-a-decrocher-les-etoiles\/","url":"https:\/\/www.plus-que-pro-distribution.fr\/pret-a-decrocher-les-etoiles\/","name":"Plus que pro pr\u00e9sent au salon Franchise Expo Paris","isPartOf":{"@id":"https:\/\/www.plus-que-pro-distribution.fr\/#website"},"primaryImageOfPage":{"@id":"https:\/\/www.plus-que-pro-distribution.fr\/pret-a-decrocher-les-etoiles\/#primaryimage"},"image":{"@id":"https:\/\/www.plus-que-pro-distribution.fr\/pret-a-decrocher-les-etoiles\/#primaryimage"},"thumbnailUrl":"https:\/\/www.plus-que-pro-distribution.fr\/uploads\/img-salon-franchise-expo.jpg","datePublished":"2019-02-28T16:40:14+00:00","dateModified":"2025-01-15T11:08:35+00:00","description":"Le concept in\u00e9dit Plus que pro sera pr\u00e9sent au salon Franchise Expo pour la premi\u00e8re fois de son histoire du 17 au 20 mars 2019","breadcrumb":{"@id":"https:\/\/www.plus-que-pro-distribution.fr\/pret-a-decrocher-les-etoiles\/#breadcrumb"},"inLanguage":"fr-FR","potentialAction":[{"@type":"ReadAction","target":["https:\/\/www.plus-que-pro-distribution.fr\/pret-a-decrocher-les-etoiles\/"]}]},{"@type":"ImageObject","inLanguage":"fr-FR","@id":"https:\/\/www.plus-que-pro-distribution.fr\/pret-a-decrocher-les-etoiles\/#primaryimage","url":"https:\/\/www.plus-que-pro-distribution.fr\/uploads\/img-salon-franchise-expo.jpg","contentUrl":"https:\/\/www.plus-que-pro-distribution.fr\/uploads\/img-salon-franchise-expo.jpg","width":1080,"height":600,"caption":"Plus que pro au salon Franchise Expo du 17 au 20 mars 2019"},{"@type":"BreadcrumbList","@id":"https:\/\/www.plus-que-pro-distribution.fr\/pret-a-decrocher-les-etoiles\/#breadcrumb","itemListElement":[{"@type":"ListItem","position":1,"name":"Home","item":"https:\/\/www.plus-que-pro-distribution.fr\/"},{"@type":"ListItem","position":2,"name":"Pr\u00eat \u00e0 d\u00e9crocher les \u00e9toiles\u00a0?"}]},{"@type":"WebSite","@id":"https:\/\/www.plus-que-pro-distribution.fr\/#website","url":"https:\/\/www.plus-que-pro-distribution.fr\/","name":"Plus que pro distribution","description":"","publisher":{"@id":"https:\/\/www.plus-que-pro-distribution.fr\/#organization"},"potentialAction":[{"@type":"SearchAction","target":{"@type":"EntryPoint","urlTemplate":"https:\/\/www.plus-que-pro-distribution.fr\/?s={search_term_string}"},"query-input":{"@type":"PropertyValueSpecification","valueRequired":true,"valueName":"search_term_string"}}],"inLanguage":"fr-FR"},{"@type":"Organization","@id":"https:\/\/www.plus-que-pro-distribution.fr\/#organization","name":"Plus que pro distribution","url":"https:\/\/www.plus-que-pro-distribution.fr\/","logo":{"@type":"ImageObject","inLanguage":"fr-FR","@id":"https:\/\/www.plus-que-pro-distribution.fr\/#\/schema\/logo\/image\/","url":"https:\/\/www.plus-que-pro-distribution.fr\/uploads\/logo-pqp-distribution.svg","contentUrl":"https:\/\/www.plus-que-pro-distribution.fr\/uploads\/logo-pqp-distribution.svg","width":144,"height":34,"caption":"Plus que pro distribution"},"image":{"@id":"https:\/\/www.plus-que-pro-distribution.fr\/#\/schema\/logo\/image\/"},"sameAs":["https:\/\/www.facebook.com\/Plusquepro\/"]},{"@type":"Person","@id":"https:\/\/www.plus-que-pro-distribution.fr\/#\/schema\/person\/751af92e7c43e3eeb98f4f63875e4ceb","name":"Jean","image":{"@type":"ImageObject","inLanguage":"fr-FR","@id":"https:\/\/www.plus-que-pro-distribution.fr\/#\/schema\/person\/image\/","url":"https:\/\/secure.gravatar.com\/avatar\/aac25d1e3a248ba1be7404ccf9581f1a78704d8a0e292c792ed971a596325c72?s=96&d=mm&r=g","contentUrl":"https:\/\/secure.gravatar.com\/avatar\/aac25d1e3a248ba1be7404ccf9581f1a78704d8a0e292c792ed971a596325c72?s=96&d=mm&r=g","caption":"Jean"}}]}},"_links":{"self":[{"href":"https:\/\/www.plus-que-pro-distribution.fr\/api\/wp\/v2\/posts\/6951","targetHints":{"allow":["GET"]}}],"collection":[{"href":"https:\/\/www.plus-que-pro-distribution.fr\/api\/wp\/v2\/posts"}],"about":[{"href":"https:\/\/www.plus-que-pro-distribution.fr\/api\/wp\/v2\/types\/post"}],"author":[{"embeddable":true,"href":"https:\/\/www.plus-que-pro-distribution.fr\/api\/wp\/v2\/users\/4"}],"replies":[{"embeddable":true,"href":"https:\/\/www.plus-que-pro-distribution.fr\/api\/wp\/v2\/comments?post=6951"}],"version-history":[{"count":2,"href":"https:\/\/www.plus-que-pro-distribution.fr\/api\/wp\/v2\/posts\/6951\/revisions"}],"predecessor-version":[{"id":17441,"href":"https:\/\/www.plus-que-pro-distribution.fr\/api\/wp\/v2\/posts\/6951\/revisions\/17441"}],"wp:featuredmedia":[{"embeddable":true,"href":"https:\/\/www.plus-que-pro-distribution.fr\/api\/wp\/v2\/media\/6958"}],"wp:attachment":[{"href":"https:\/\/www.plus-que-pro-distribution.fr\/api\/wp\/v2\/media?parent=6951"}],"wp:term":[{"taxonomy":"category","embeddable":true,"href":"https:\/\/www.plus-que-pro-distribution.fr\/api\/wp\/v2\/categories?post=6951"},{"taxonomy":"post_tag","embeddable":true,"href":"https:\/\/www.plus-que-pro-distribution.fr\/api\/wp\/v2\/tags?post=6951"}],"curies":[{"name":"wp","href":"https:\/\/api.w.org\/{rel}","templated":true}]}}