{"id":6811,"date":"2019-01-15T13:31:29","date_gmt":"2019-01-15T13:31:29","guid":{"rendered":"https:\/\/www.network-plus-que-pro.fr\/?p=6811"},"modified":"2025-02-19T15:30:12","modified_gmt":"2025-02-19T14:30:12","slug":"plus-que-pro-medaille-dor-des-pepites-tech","status":"publish","type":"post","link":"https:\/\/www.plus-que-pro-distribution.fr\/plus-que-pro-medaille-dor-des-pepites-tech\/","title":{"rendered":"Plus que pro m\u00e9daille d\u2019or des P\u00e9pites Tech\u00a0!"},"content":{"rendered":"<p class=\"[&amp;_a]:underline [&amp;_a]:underline-offset-2 [&amp;_a]:text-secondary-500 [&amp;_a:focus-visible]:outline-none [&amp;_a:focus]:outline-none [&amp;_a:focus-visible]:ring-2 [&amp;_a:focus-visible]:ring-offset-2 [&amp;_a:focus-visible]:ring-secondary-500 [&amp;_a:focus-visible]:rounded-full [&amp;_+_*]:mt-xs [*_+_&amp;]:mt-xs [&amp;_+_.wp-block-group]:mt-m [&amp;_+_.wp-block-group]:md:mt-l [&amp;.text-caption_+_*]:!mt-xs [&amp;.text-caption_+_*]:md:!mt-xs aligndefault max-w-default mx-auto \" >En novembre dernier, il y a un peu plus de deux mois, <a href=\"https:\/\/www.plus-que-pro-solution.fr\/plus-que-pro-bientot-au-top-du-classement-les-pepites-tech\/\">nous vous invitions \u00e0 voter pour Plus que pro<\/a> au <strong>concours P\u00e9pites Tech organis\u00e9 en partenariat avec la French Tech.<\/strong><\/p>\n\n<h2 class=\"wp-block-heading text-balance [&amp;_+_*]:mt-m [&amp;_+_*]:md:mt-l [*_+_&amp;]:mt-m [*_+_&amp;]:md:mt-l [&amp;.text-caption_+_*]:!mt-xs [&amp;.text-caption_+_*]:md:!mt-xs [&amp;_a]:underline [&amp;_a]:underline-offset-2 [&amp;_a]:text-secondary-500 text-h2 aligndefault max-w-default mx-auto \" >Le d\u00e9fi est relev\u00e9 puisque Plus que pro est aujourd\u2019hui <strong>en t\u00eate du \u00ab\u00a0Top des startups depuis toujours\u00a0\u00bb<\/strong><\/h2>\n\n<p class=\"[&amp;_a]:underline [&amp;_a]:underline-offset-2 [&amp;_a]:text-secondary-500 [&amp;_a:focus-visible]:outline-none [&amp;_a:focus]:outline-none [&amp;_a:focus-visible]:ring-2 [&amp;_a:focus-visible]:ring-offset-2 [&amp;_a:focus-visible]:ring-secondary-500 [&amp;_a:focus-visible]:rounded-full [&amp;_+_*]:mt-xs [*_+_&amp;]:mt-xs [&amp;_+_.wp-block-group]:mt-m [&amp;_+_.wp-block-group]:md:mt-l [&amp;.text-caption_+_*]:!mt-xs [&amp;.text-caption_+_*]:md:!mt-xs aligndefault max-w-default mx-auto \" >D\u00e9j\u00e0 sacr\u00e9e<a href=\"https:\/\/www.plus-que-pro-solution.fr\/plus-pro-pepite-tech-mois-de-mars\/\"> P\u00e9pite Tech de la semaine et du mois de mars 2017<\/a>, Plus que pro remporte d\u00e9sormais la premi\u00e8re place du best of des startups P\u00e9pites Tech depuis toujours.<br> Cette place tant convoit\u00e9e depuis l\u2019inscription de Plus que pro il y a moins d\u2019un an est atteinte, <strong>nouvelle preuve de votre satisfaction quant \u00e0 notre concept innovant.<\/strong><\/p>\n\n<p class=\"[&amp;_a]:underline [&amp;_a]:underline-offset-2 [&amp;_a]:text-secondary-500 [&amp;_a:focus-visible]:outline-none [&amp;_a:focus]:outline-none [&amp;_a:focus-visible]:ring-2 [&amp;_a:focus-visible]:ring-offset-2 [&amp;_a:focus-visible]:ring-secondary-500 [&amp;_a:focus-visible]:rounded-full [&amp;_+_*]:mt-xs [*_+_&amp;]:mt-xs [&amp;_+_.wp-block-group]:mt-m [&amp;_+_.wp-block-group]:md:mt-l [&amp;.text-caption_+_*]:!mt-xs [&amp;.text-caption_+_*]:md:!mt-xs aligndefault max-w-default mx-auto \" >Toutes nos \u00e9quipes qui s\u2019activent au quotidien pour valoriser la qualit\u00e9 du travail d\u2019artisans d\u2019Alsace et de la France enti\u00e8re (depuis le d\u00e9veloppement en franchise) <strong>vous remercient pour vos votes\u00a0!<\/strong><\/p>\n\n<p class=\"[&amp;_a]:underline [&amp;_a]:underline-offset-2 [&amp;_a]:text-secondary-500 [&amp;_a:focus-visible]:outline-none [&amp;_a:focus]:outline-none [&amp;_a:focus-visible]:ring-2 [&amp;_a:focus-visible]:ring-offset-2 [&amp;_a:focus-visible]:ring-secondary-500 [&amp;_a:focus-visible]:rounded-full [&amp;_+_*]:mt-xs [*_+_&amp;]:mt-xs [&amp;_+_.wp-block-group]:mt-m [&amp;_+_.wp-block-group]:md:mt-l [&amp;.text-caption_+_*]:!mt-xs [&amp;.text-caption_+_*]:md:!mt-xs aligndefault max-w-default mx-auto \" >C\u2019est la meilleure mani\u00e8re de d\u00e9marrer l\u2019ann\u00e9e 2019 pour Plus que pro, et c\u2019est gr\u00e2ce \u00e0 vous, adh\u00e9rents et consommateurs, <strong>unis pour la reconnaissance du travail bien fait\u00a0!<\/strong><\/p>\n\n<p class=\"[&amp;_a]:underline [&amp;_a]:underline-offset-2 [&amp;_a]:text-secondary-500 [&amp;_a:focus-visible]:outline-none [&amp;_a:focus]:outline-none [&amp;_a:focus-visible]:ring-2 [&amp;_a:focus-visible]:ring-offset-2 [&amp;_a:focus-visible]:ring-secondary-500 [&amp;_a:focus-visible]:rounded-full [&amp;_+_*]:mt-xs [*_+_&amp;]:mt-xs [&amp;_+_.wp-block-group]:mt-m [&amp;_+_.wp-block-group]:md:mt-l [&amp;.text-caption_+_*]:!mt-xs [&amp;.text-caption_+_*]:md:!mt-xs aligndefault max-w-default mx-auto \" >Le concours ne s\u2019arr\u00eate pas l\u00e0 et <strong>vous pouvez toujours voter pour Plus que pro\u00a0!<\/strong><br> Votre vote participera \u00e0 <strong>faire gagner en visibilit\u00e9 le r\u00e9seau des Meilleures Entreprises de France<\/strong> encore plus chaque jour. <a href=\"https:\/\/lespepitestech.com\/startup-de-la-french-tech\/plus-que-pro\">Alors \u00e0 vos votes\u00a0!<\/a><\/p>\n\n<p class=\"[&amp;_a]:underline [&amp;_a]:underline-offset-2 [&amp;_a]:text-secondary-500 [&amp;_a:focus-visible]:outline-none [&amp;_a:focus]:outline-none [&amp;_a:focus-visible]:ring-2 [&amp;_a:focus-visible]:ring-offset-2 [&amp;_a:focus-visible]:ring-secondary-500 [&amp;_a:focus-visible]:rounded-full [&amp;_+_*]:mt-xs [*_+_&amp;]:mt-xs [&amp;_+_.wp-block-group]:mt-m [&amp;_+_.wp-block-group]:md:mt-l [&amp;.text-caption_+_*]:!mt-xs [&amp;.text-caption_+_*]:md:!mt-xs aligndefault max-w-default mx-auto \" >\u00a0<\/p>\n\n<figure class=\"block m-0\" ><img decoding=\"async\" src=\"https:\/\/www.plus-que-pro-distribution.fr\/uploads\/Plu-que-PRO-numero1-Pepites-Tech.png\" class=\"inline-block rounded-tr-media rounded-tl-media rounded-bl-media rounded-br-media \" ><\/figure>\n\n<p class=\"[&amp;_a]:underline [&amp;_a]:underline-offset-2 [&amp;_a]:text-secondary-500 [&amp;_a:focus-visible]:outline-none [&amp;_a:focus]:outline-none [&amp;_a:focus-visible]:ring-2 [&amp;_a:focus-visible]:ring-offset-2 [&amp;_a:focus-visible]:ring-secondary-500 [&amp;_a:focus-visible]:rounded-full [&amp;_+_*]:mt-xs [*_+_&amp;]:mt-xs [&amp;_+_.wp-block-group]:mt-m [&amp;_+_.wp-block-group]:md:mt-l [&amp;.text-caption_+_*]:!mt-xs [&amp;.text-caption_+_*]:md:!mt-xs aligndefault max-w-default mx-auto \" ><\/p>","protected":false},"excerpt":{"rendered":"<p>En novembre dernier, il y a un peu plus de deux mois, nous vous invitions \u00e0 voter pour Plus que pro au concours P\u00e9pites Tech organis\u00e9 en partenariat avec la French Tech.<\/p>\n","protected":false},"author":4,"featured_media":6812,"comment_status":"open","ping_status":"open","sticky":false,"template":"","format":"standard","meta":{"footnotes":""},"categories":[6],"tags":[],"class_list":["post-6811","post","type-post","status-publish","format-standard","has-post-thumbnail","hentry","category-nos-actualites"],"yoast_head":"<title>Plus que pro sacr\u00e9e &quot;Top des startups depuis toujours&quot;<\/title>\n<meta name=\"description\" content=\"En novembre dernier, il y a un peu plus de deux mois, nous vous invitions \u00e0 voter pour Plus que pro au concours P\u00e9pites Tech\" \/>\n<meta name=\"robots\" content=\"index, follow, max-snippet:-1, max-image-preview:large, max-video-preview:-1\" \/>\n<link rel=\"canonical\" href=\"https:\/\/www.plus-que-pro-distribution.fr\/plus-que-pro-medaille-dor-des-pepites-tech\/\" \/>\n<meta property=\"og:locale\" content=\"fr_FR\" \/>\n<meta property=\"og:type\" content=\"article\" \/>\n<meta property=\"og:title\" content=\"Plus que pro sacr\u00e9e &quot;Top des startups depuis toujours&quot;\" \/>\n<meta property=\"og:description\" content=\"En novembre dernier, il y a un peu plus de deux mois, nous vous invitions \u00e0 voter pour Plus que pro au concours P\u00e9pites Tech\" \/>\n<meta property=\"og:url\" content=\"https:\/\/www.plus-que-pro-distribution.fr\/plus-que-pro-medaille-dor-des-pepites-tech\/\" \/>\n<meta property=\"og:site_name\" content=\"Plus que pro - Distribution\" \/>\n<meta property=\"article:publisher\" content=\"https:\/\/www.facebook.com\/Plusquepro\/\" \/>\n<meta property=\"article:published_time\" content=\"2019-01-15T13:31:29+00:00\" \/>\n<meta property=\"article:modified_time\" content=\"2025-02-19T14:30:12+00:00\" \/>\n<meta property=\"og:image\" content=\"https:\/\/www.plus-que-pro-distribution.fr\/uploads\/Plu-que-PRO-numero1-Pepites-Tech.png\" \/>\n\t<meta property=\"og:image:width\" content=\"1920\" \/>\n\t<meta property=\"og:image:height\" content=\"1080\" \/>\n\t<meta property=\"og:image:type\" content=\"image\/png\" \/>\n<meta name=\"author\" content=\"Jean\" \/>\n<meta name=\"twitter:card\" content=\"summary_large_image\" \/>\n<meta name=\"twitter:label1\" content=\"Written by\" \/>\n\t<meta name=\"twitter:data1\" content=\"Jean\" \/>\n\t<meta name=\"twitter:label2\" content=\"Est. reading time\" \/>\n\t<meta name=\"twitter:data2\" content=\"2 minutes\" \/>\n<script type=\"application\/ld+json\" class=\"yoast-schema-graph\">{\"@context\":\"https:\/\/schema.org\",\"@graph\":[{\"@type\":\"Article\",\"@id\":\"https:\/\/www.plus-que-pro-distribution.fr\/plus-que-pro-medaille-dor-des-pepites-tech\/#article\",\"isPartOf\":{\"@id\":\"https:\/\/www.plus-que-pro-distribution.fr\/plus-que-pro-medaille-dor-des-pepites-tech\/\"},\"author\":{\"name\":\"Jean\",\"@id\":\"https:\/\/www.plus-que-pro-distribution.fr\/#\/schema\/person\/751af92e7c43e3eeb98f4f63875e4ceb\"},\"headline\":\"Plus que pro m\u00e9daille d\u2019or des P\u00e9pites Tech\u00a0!\",\"datePublished\":\"2019-01-15T13:31:29+00:00\",\"dateModified\":\"2025-02-19T14:30:12+00:00\",\"mainEntityOfPage\":{\"@id\":\"https:\/\/www.plus-que-pro-distribution.fr\/plus-que-pro-medaille-dor-des-pepites-tech\/\"},\"wordCount\":242,\"commentCount\":0,\"publisher\":{\"@id\":\"https:\/\/www.plus-que-pro-distribution.fr\/#organization\"},\"image\":{\"@id\":\"https:\/\/www.plus-que-pro-distribution.fr\/plus-que-pro-medaille-dor-des-pepites-tech\/#primaryimage\"},\"thumbnailUrl\":\"https:\/\/www.plus-que-pro-distribution.fr\/uploads\/Plu-que-PRO-numero1-Pepites-Tech.png\",\"articleSection\":[\"Nos actualit\u00e9s\"],\"inLanguage\":\"fr-FR\",\"potentialAction\":[{\"@type\":\"CommentAction\",\"name\":\"Comment\",\"target\":[\"https:\/\/www.plus-que-pro-distribution.fr\/plus-que-pro-medaille-dor-des-pepites-tech\/#respond\"]}]},{\"@type\":\"WebPage\",\"@id\":\"https:\/\/www.plus-que-pro-distribution.fr\/plus-que-pro-medaille-dor-des-pepites-tech\/\",\"url\":\"https:\/\/www.plus-que-pro-distribution.fr\/plus-que-pro-medaille-dor-des-pepites-tech\/\",\"name\":\"Plus que pro sacr\u00e9e \\\"Top des startups depuis toujours\\\"\",\"isPartOf\":{\"@id\":\"https:\/\/www.plus-que-pro-distribution.fr\/#website\"},\"primaryImageOfPage\":{\"@id\":\"https:\/\/www.plus-que-pro-distribution.fr\/plus-que-pro-medaille-dor-des-pepites-tech\/#primaryimage\"},\"image\":{\"@id\":\"https:\/\/www.plus-que-pro-distribution.fr\/plus-que-pro-medaille-dor-des-pepites-tech\/#primaryimage\"},\"thumbnailUrl\":\"https:\/\/www.plus-que-pro-distribution.fr\/uploads\/Plu-que-PRO-numero1-Pepites-Tech.png\",\"datePublished\":\"2019-01-15T13:31:29+00:00\",\"dateModified\":\"2025-02-19T14:30:12+00:00\",\"description\":\"En novembre dernier, il y a un peu plus de deux mois, nous vous invitions \u00e0 voter pour Plus que pro au concours P\u00e9pites Tech\",\"breadcrumb\":{\"@id\":\"https:\/\/www.plus-que-pro-distribution.fr\/plus-que-pro-medaille-dor-des-pepites-tech\/#breadcrumb\"},\"inLanguage\":\"fr-FR\",\"potentialAction\":[{\"@type\":\"ReadAction\",\"target\":[\"https:\/\/www.plus-que-pro-distribution.fr\/plus-que-pro-medaille-dor-des-pepites-tech\/\"]}]},{\"@type\":\"ImageObject\",\"inLanguage\":\"fr-FR\",\"@id\":\"https:\/\/www.plus-que-pro-distribution.fr\/plus-que-pro-medaille-dor-des-pepites-tech\/#primaryimage\",\"url\":\"https:\/\/www.plus-que-pro-distribution.fr\/uploads\/Plu-que-PRO-numero1-Pepites-Tech.png\",\"contentUrl\":\"https:\/\/www.plus-que-pro-distribution.fr\/uploads\/Plu-que-PRO-numero1-Pepites-Tech.png\",\"width\":1920,\"height\":1080,\"caption\":\"visuel Plus que pro num\u00e9ro un des p\u00e9pites tech\"},{\"@type\":\"BreadcrumbList\",\"@id\":\"https:\/\/www.plus-que-pro-distribution.fr\/plus-que-pro-medaille-dor-des-pepites-tech\/#breadcrumb\",\"itemListElement\":[{\"@type\":\"ListItem\",\"position\":1,\"name\":\"Home\",\"item\":\"https:\/\/www.plus-que-pro-distribution.fr\/\"},{\"@type\":\"ListItem\",\"position\":2,\"name\":\"Plus que pro m\u00e9daille d\u2019or des P\u00e9pites Tech\u00a0!\"}]},{\"@type\":\"WebSite\",\"@id\":\"https:\/\/www.plus-que-pro-distribution.fr\/#website\",\"url\":\"https:\/\/www.plus-que-pro-distribution.fr\/\",\"name\":\"Plus que pro distribution\",\"description\":\"\",\"publisher\":{\"@id\":\"https:\/\/www.plus-que-pro-distribution.fr\/#organization\"},\"potentialAction\":[{\"@type\":\"SearchAction\",\"target\":{\"@type\":\"EntryPoint\",\"urlTemplate\":\"https:\/\/www.plus-que-pro-distribution.fr\/?s={search_term_string}\"},\"query-input\":{\"@type\":\"PropertyValueSpecification\",\"valueRequired\":true,\"valueName\":\"search_term_string\"}}],\"inLanguage\":\"fr-FR\"},{\"@type\":\"Organization\",\"@id\":\"https:\/\/www.plus-que-pro-distribution.fr\/#organization\",\"name\":\"Plus que pro distribution\",\"url\":\"https:\/\/www.plus-que-pro-distribution.fr\/\",\"logo\":{\"@type\":\"ImageObject\",\"inLanguage\":\"fr-FR\",\"@id\":\"https:\/\/www.plus-que-pro-distribution.fr\/#\/schema\/logo\/image\/\",\"url\":\"https:\/\/www.plus-que-pro-distribution.fr\/uploads\/logo-pqp-distribution.svg\",\"contentUrl\":\"https:\/\/www.plus-que-pro-distribution.fr\/uploads\/logo-pqp-distribution.svg\",\"width\":144,\"height\":34,\"caption\":\"Plus que pro distribution\"},\"image\":{\"@id\":\"https:\/\/www.plus-que-pro-distribution.fr\/#\/schema\/logo\/image\/\"},\"sameAs\":[\"https:\/\/www.facebook.com\/Plusquepro\/\"]},{\"@type\":\"Person\",\"@id\":\"https:\/\/www.plus-que-pro-distribution.fr\/#\/schema\/person\/751af92e7c43e3eeb98f4f63875e4ceb\",\"name\":\"Jean\",\"image\":{\"@type\":\"ImageObject\",\"inLanguage\":\"fr-FR\",\"@id\":\"https:\/\/www.plus-que-pro-distribution.fr\/#\/schema\/person\/image\/\",\"url\":\"https:\/\/secure.gravatar.com\/avatar\/aac25d1e3a248ba1be7404ccf9581f1a78704d8a0e292c792ed971a596325c72?s=96&d=mm&r=g\",\"contentUrl\":\"https:\/\/secure.gravatar.com\/avatar\/aac25d1e3a248ba1be7404ccf9581f1a78704d8a0e292c792ed971a596325c72?s=96&d=mm&r=g\",\"caption\":\"Jean\"}}]}<\/script>","yoast_head_json":{"title":"Plus que pro sacr\u00e9e \"Top des startups depuis toujours\"","description":"En novembre dernier, il y a un peu plus de deux mois, nous vous invitions \u00e0 voter pour Plus que pro au concours P\u00e9pites Tech","robots":{"index":"index","follow":"follow","max-snippet":"max-snippet:-1","max-image-preview":"max-image-preview:large","max-video-preview":"max-video-preview:-1"},"canonical":"https:\/\/www.plus-que-pro-distribution.fr\/plus-que-pro-medaille-dor-des-pepites-tech\/","og_locale":"fr_FR","og_type":"article","og_title":"Plus que pro sacr\u00e9e \"Top des startups depuis toujours\"","og_description":"En novembre dernier, il y a un peu plus de deux mois, nous vous invitions \u00e0 voter pour Plus que pro au concours P\u00e9pites Tech","og_url":"https:\/\/www.plus-que-pro-distribution.fr\/plus-que-pro-medaille-dor-des-pepites-tech\/","og_site_name":"Plus que pro - Distribution","article_publisher":"https:\/\/www.facebook.com\/Plusquepro\/","article_published_time":"2019-01-15T13:31:29+00:00","article_modified_time":"2025-02-19T14:30:12+00:00","og_image":[{"width":1920,"height":1080,"url":"https:\/\/www.plus-que-pro-distribution.fr\/uploads\/Plu-que-PRO-numero1-Pepites-Tech.png","type":"image\/png"}],"author":"Jean","twitter_card":"summary_large_image","twitter_misc":{"Written by":"Jean","Est. reading time":"2 minutes"},"schema":{"@context":"https:\/\/schema.org","@graph":[{"@type":"Article","@id":"https:\/\/www.plus-que-pro-distribution.fr\/plus-que-pro-medaille-dor-des-pepites-tech\/#article","isPartOf":{"@id":"https:\/\/www.plus-que-pro-distribution.fr\/plus-que-pro-medaille-dor-des-pepites-tech\/"},"author":{"name":"Jean","@id":"https:\/\/www.plus-que-pro-distribution.fr\/#\/schema\/person\/751af92e7c43e3eeb98f4f63875e4ceb"},"headline":"Plus que pro m\u00e9daille d\u2019or des P\u00e9pites Tech\u00a0!","datePublished":"2019-01-15T13:31:29+00:00","dateModified":"2025-02-19T14:30:12+00:00","mainEntityOfPage":{"@id":"https:\/\/www.plus-que-pro-distribution.fr\/plus-que-pro-medaille-dor-des-pepites-tech\/"},"wordCount":242,"commentCount":0,"publisher":{"@id":"https:\/\/www.plus-que-pro-distribution.fr\/#organization"},"image":{"@id":"https:\/\/www.plus-que-pro-distribution.fr\/plus-que-pro-medaille-dor-des-pepites-tech\/#primaryimage"},"thumbnailUrl":"https:\/\/www.plus-que-pro-distribution.fr\/uploads\/Plu-que-PRO-numero1-Pepites-Tech.png","articleSection":["Nos actualit\u00e9s"],"inLanguage":"fr-FR","potentialAction":[{"@type":"CommentAction","name":"Comment","target":["https:\/\/www.plus-que-pro-distribution.fr\/plus-que-pro-medaille-dor-des-pepites-tech\/#respond"]}]},{"@type":"WebPage","@id":"https:\/\/www.plus-que-pro-distribution.fr\/plus-que-pro-medaille-dor-des-pepites-tech\/","url":"https:\/\/www.plus-que-pro-distribution.fr\/plus-que-pro-medaille-dor-des-pepites-tech\/","name":"Plus que pro sacr\u00e9e \"Top des startups depuis toujours\"","isPartOf":{"@id":"https:\/\/www.plus-que-pro-distribution.fr\/#website"},"primaryImageOfPage":{"@id":"https:\/\/www.plus-que-pro-distribution.fr\/plus-que-pro-medaille-dor-des-pepites-tech\/#primaryimage"},"image":{"@id":"https:\/\/www.plus-que-pro-distribution.fr\/plus-que-pro-medaille-dor-des-pepites-tech\/#primaryimage"},"thumbnailUrl":"https:\/\/www.plus-que-pro-distribution.fr\/uploads\/Plu-que-PRO-numero1-Pepites-Tech.png","datePublished":"2019-01-15T13:31:29+00:00","dateModified":"2025-02-19T14:30:12+00:00","description":"En novembre dernier, il y a un peu plus de deux mois, nous vous invitions \u00e0 voter pour Plus que pro au concours P\u00e9pites Tech","breadcrumb":{"@id":"https:\/\/www.plus-que-pro-distribution.fr\/plus-que-pro-medaille-dor-des-pepites-tech\/#breadcrumb"},"inLanguage":"fr-FR","potentialAction":[{"@type":"ReadAction","target":["https:\/\/www.plus-que-pro-distribution.fr\/plus-que-pro-medaille-dor-des-pepites-tech\/"]}]},{"@type":"ImageObject","inLanguage":"fr-FR","@id":"https:\/\/www.plus-que-pro-distribution.fr\/plus-que-pro-medaille-dor-des-pepites-tech\/#primaryimage","url":"https:\/\/www.plus-que-pro-distribution.fr\/uploads\/Plu-que-PRO-numero1-Pepites-Tech.png","contentUrl":"https:\/\/www.plus-que-pro-distribution.fr\/uploads\/Plu-que-PRO-numero1-Pepites-Tech.png","width":1920,"height":1080,"caption":"visuel Plus que pro num\u00e9ro un des p\u00e9pites tech"},{"@type":"BreadcrumbList","@id":"https:\/\/www.plus-que-pro-distribution.fr\/plus-que-pro-medaille-dor-des-pepites-tech\/#breadcrumb","itemListElement":[{"@type":"ListItem","position":1,"name":"Home","item":"https:\/\/www.plus-que-pro-distribution.fr\/"},{"@type":"ListItem","position":2,"name":"Plus que pro m\u00e9daille d\u2019or des P\u00e9pites Tech\u00a0!"}]},{"@type":"WebSite","@id":"https:\/\/www.plus-que-pro-distribution.fr\/#website","url":"https:\/\/www.plus-que-pro-distribution.fr\/","name":"Plus que pro distribution","description":"","publisher":{"@id":"https:\/\/www.plus-que-pro-distribution.fr\/#organization"},"potentialAction":[{"@type":"SearchAction","target":{"@type":"EntryPoint","urlTemplate":"https:\/\/www.plus-que-pro-distribution.fr\/?s={search_term_string}"},"query-input":{"@type":"PropertyValueSpecification","valueRequired":true,"valueName":"search_term_string"}}],"inLanguage":"fr-FR"},{"@type":"Organization","@id":"https:\/\/www.plus-que-pro-distribution.fr\/#organization","name":"Plus que pro distribution","url":"https:\/\/www.plus-que-pro-distribution.fr\/","logo":{"@type":"ImageObject","inLanguage":"fr-FR","@id":"https:\/\/www.plus-que-pro-distribution.fr\/#\/schema\/logo\/image\/","url":"https:\/\/www.plus-que-pro-distribution.fr\/uploads\/logo-pqp-distribution.svg","contentUrl":"https:\/\/www.plus-que-pro-distribution.fr\/uploads\/logo-pqp-distribution.svg","width":144,"height":34,"caption":"Plus que pro distribution"},"image":{"@id":"https:\/\/www.plus-que-pro-distribution.fr\/#\/schema\/logo\/image\/"},"sameAs":["https:\/\/www.facebook.com\/Plusquepro\/"]},{"@type":"Person","@id":"https:\/\/www.plus-que-pro-distribution.fr\/#\/schema\/person\/751af92e7c43e3eeb98f4f63875e4ceb","name":"Jean","image":{"@type":"ImageObject","inLanguage":"fr-FR","@id":"https:\/\/www.plus-que-pro-distribution.fr\/#\/schema\/person\/image\/","url":"https:\/\/secure.gravatar.com\/avatar\/aac25d1e3a248ba1be7404ccf9581f1a78704d8a0e292c792ed971a596325c72?s=96&d=mm&r=g","contentUrl":"https:\/\/secure.gravatar.com\/avatar\/aac25d1e3a248ba1be7404ccf9581f1a78704d8a0e292c792ed971a596325c72?s=96&d=mm&r=g","caption":"Jean"}}]}},"_links":{"self":[{"href":"https:\/\/www.plus-que-pro-distribution.fr\/api\/wp\/v2\/posts\/6811","targetHints":{"allow":["GET"]}}],"collection":[{"href":"https:\/\/www.plus-que-pro-distribution.fr\/api\/wp\/v2\/posts"}],"about":[{"href":"https:\/\/www.plus-que-pro-distribution.fr\/api\/wp\/v2\/types\/post"}],"author":[{"embeddable":true,"href":"https:\/\/www.plus-que-pro-distribution.fr\/api\/wp\/v2\/users\/4"}],"replies":[{"embeddable":true,"href":"https:\/\/www.plus-que-pro-distribution.fr\/api\/wp\/v2\/comments?post=6811"}],"version-history":[{"count":2,"href":"https:\/\/www.plus-que-pro-distribution.fr\/api\/wp\/v2\/posts\/6811\/revisions"}],"predecessor-version":[{"id":18348,"href":"https:\/\/www.plus-que-pro-distribution.fr\/api\/wp\/v2\/posts\/6811\/revisions\/18348"}],"wp:featuredmedia":[{"embeddable":true,"href":"https:\/\/www.plus-que-pro-distribution.fr\/api\/wp\/v2\/media\/6812"}],"wp:attachment":[{"href":"https:\/\/www.plus-que-pro-distribution.fr\/api\/wp\/v2\/media?parent=6811"}],"wp:term":[{"taxonomy":"category","embeddable":true,"href":"https:\/\/www.plus-que-pro-distribution.fr\/api\/wp\/v2\/categories?post=6811"},{"taxonomy":"post_tag","embeddable":true,"href":"https:\/\/www.plus-que-pro-distribution.fr\/api\/wp\/v2\/tags?post=6811"}],"curies":[{"name":"wp","href":"https:\/\/api.w.org\/{rel}","templated":true}]}}