{"id":6802,"date":"2019-01-08T14:37:09","date_gmt":"2019-01-08T14:37:09","guid":{"rendered":"https:\/\/www.network-plus-que-pro.fr\/?p=6802"},"modified":"2025-02-19T15:14:59","modified_gmt":"2025-02-19T14:14:59","slug":"plus-que-pro-une-perle-rare-en-alsace","status":"publish","type":"post","link":"https:\/\/www.plus-que-pro-distribution.fr\/plus-que-pro-une-perle-rare-en-alsace\/","title":{"rendered":"Plus que pro\u00a0: une \u00ab\u00a0perle rare\u00a0\u00bb en Alsace"},"content":{"rendered":"<p class=\"[&amp;_a]:underline [&amp;_a]:underline-offset-2 [&amp;_a]:text-secondary-500 [&amp;_a:focus-visible]:outline-none [&amp;_a:focus]:outline-none [&amp;_a:focus-visible]:ring-2 [&amp;_a:focus-visible]:ring-offset-2 [&amp;_a:focus-visible]:ring-secondary-500 [&amp;_a:focus-visible]:rounded-full [&amp;_+_*]:mt-xs [*_+_&amp;]:mt-xs [&amp;_+_.wp-block-group]:mt-m [&amp;_+_.wp-block-group]:md:mt-l [&amp;.text-caption_+_*]:!mt-xs [&amp;.text-caption_+_*]:md:!mt-xs aligndefault max-w-default mx-auto \" >Le basculement vers une nouvelle ann\u00e9e est traditionnellement un moment propice \u00e0 la prise de recul. Ainsi, janvier 2019 n\u2019\u00e9chappe pas \u00e0 cette r\u00e8gle, devenant cet instant o\u00f9 se croisent le bilan des mois pass\u00e9s, et <strong>les perspectives des ann\u00e9es \u00e0 venir<\/strong>.<\/p>\n\n<p class=\"[&amp;_a]:underline [&amp;_a]:underline-offset-2 [&amp;_a]:text-secondary-500 [&amp;_a:focus-visible]:outline-none [&amp;_a:focus]:outline-none [&amp;_a:focus-visible]:ring-2 [&amp;_a:focus-visible]:ring-offset-2 [&amp;_a:focus-visible]:ring-secondary-500 [&amp;_a:focus-visible]:rounded-full [&amp;_+_*]:mt-xs [*_+_&amp;]:mt-xs [&amp;_+_.wp-block-group]:mt-m [&amp;_+_.wp-block-group]:md:mt-l [&amp;.text-caption_+_*]:!mt-xs [&amp;.text-caption_+_*]:md:!mt-xs aligndefault max-w-default mx-auto \" >C\u2019est dans cette dynamique matin\u00e9e d\u2019optimisme que les DNA ont publi\u00e9 les 1er et 5 janvier derniers deux articles abordan<strong>t la place de Plus que pro dans le paysage \u00e9conomique local et national<\/strong>. Y sont notamment \u00e9voqu\u00e9s sous la plume de Guillaume Muller <strong>les objectifs atteints jusqu\u2019\u00e0 ce jour<\/strong> mais aussi<strong> les challenges que Plus que pro ambitionne de relever en 2019<\/strong>. Au programme\u00a0: <strong>d\u00e9veloppement national renforc\u00e9, rayonnement de la franchise Plus que pro et nouveaux locaux.<\/strong><\/p>\n\n<figure class=\"block m-0  text-center\" ><img decoding=\"async\" src=\"https:\/\/www.plus-que-pro-distribution.fr\/uploads\/dna-200px.png\" class=\"inline-block rounded-tr-media rounded-tl-media rounded-bl-media rounded-br-media \" ><\/figure>\n\n<p class=\"[&amp;_a]:underline [&amp;_a]:underline-offset-2 [&amp;_a]:text-secondary-500 [&amp;_a:focus-visible]:outline-none [&amp;_a:focus]:outline-none [&amp;_a:focus-visible]:ring-2 [&amp;_a:focus-visible]:ring-offset-2 [&amp;_a:focus-visible]:ring-secondary-500 [&amp;_a:focus-visible]:rounded-full [&amp;_+_*]:mt-xs [*_+_&amp;]:mt-xs [&amp;_+_.wp-block-group]:mt-m [&amp;_+_.wp-block-group]:md:mt-l [&amp;.text-caption_+_*]:!mt-xs [&amp;.text-caption_+_*]:md:!mt-xs aligndefault max-w-default mx-auto \" ><\/p>\n\n<h2 class=\"wp-block-heading text-balance [&amp;_+_*]:mt-m [&amp;_+_*]:md:mt-l [*_+_&amp;]:mt-m [*_+_&amp;]:md:mt-l [&amp;.text-caption_+_*]:!mt-xs [&amp;.text-caption_+_*]:md:!mt-xs [&amp;_a]:underline [&amp;_a]:underline-offset-2 [&amp;_a]:text-secondary-500 text-h2 aligndefault max-w-default mx-auto \" >Plus que pro en 2018\u00a0: des r\u00e9ussites quantifiables, des partenariats d\u2019avenir<\/h2>\n\n<p class=\"[&amp;_a]:underline [&amp;_a]:underline-offset-2 [&amp;_a]:text-secondary-500 [&amp;_a:focus-visible]:outline-none [&amp;_a:focus]:outline-none [&amp;_a:focus-visible]:ring-2 [&amp;_a:focus-visible]:ring-offset-2 [&amp;_a:focus-visible]:ring-secondary-500 [&amp;_a:focus-visible]:rounded-full [&amp;_+_*]:mt-xs [*_+_&amp;]:mt-xs [&amp;_+_.wp-block-group]:mt-m [&amp;_+_.wp-block-group]:md:mt-l [&amp;.text-caption_+_*]:!mt-xs [&amp;.text-caption_+_*]:md:!mt-xs aligndefault max-w-default mx-auto \" >Guillaume Muller dresse un portrait exhaustif du chemin d\u00e9j\u00e0 parcouru par Plus que pro depuis sa cr\u00e9ation en 2013 par Sacha Goepp et Gr\u00e9gory Regouby. On retiendra notamment de son \u00e9tat des lieux les \u00e9l\u00e9ments suivants\u00a0:<\/p>\n\n<ul class=\"flex flex-wrap flex-col list-disc pl-6 [*_+_&amp;]:mt-xs [&amp;_+_*]:mt-xs [&amp;_.is-style-check]:marker:content-none aligndefault max-w-default mx-auto \" ><li class=\"[&amp;_a]:underline [&amp;_a]:underline-offset-2 [&amp;_a]:text-secondary-500 \"><strong>5000 clients nationaux<\/strong> b\u00e9n\u00e9ficient d\u00e9sormais de la solution de recueil et de valorisation des avis clients mise en place par Plus que pro. On en compte <strong>700 rien qu\u2019en Alsace.<\/strong><\/li><\/ul>\n\n<p class=\"[&amp;_a]:underline [&amp;_a]:underline-offset-2 [&amp;_a]:text-secondary-500 [&amp;_a:focus-visible]:outline-none [&amp;_a:focus]:outline-none [&amp;_a:focus-visible]:ring-2 [&amp;_a:focus-visible]:ring-offset-2 [&amp;_a:focus-visible]:ring-secondary-500 [&amp;_a:focus-visible]:rounded-full [&amp;_+_*]:mt-xs [*_+_&amp;]:mt-xs [&amp;_+_.wp-block-group]:mt-m [&amp;_+_.wp-block-group]:md:mt-l [&amp;.text-caption_+_*]:!mt-xs [&amp;.text-caption_+_*]:md:!mt-xs aligndefault max-w-default mx-auto \" >\u00a0<\/p>\n\n<ul class=\"flex flex-wrap flex-col list-disc pl-6 [*_+_&amp;]:mt-xs [&amp;_+_*]:mt-xs [&amp;_.is-style-check]:marker:content-none aligndefault max-w-default mx-auto \" ><li class=\"[&amp;_a]:underline [&amp;_a]:underline-offset-2 [&amp;_a]:text-secondary-500 \">2018 fut une ann\u00e9e clef pour le lancement en<strong> franchise de Plus que pro<\/strong>\u00a0: d\u00e9j\u00e0 <strong>16 franchis\u00e9s sont venus grossir les rangs de la <\/strong><a href=\"https:\/\/www.plus-que-pro-distribution.fr\/votre-profil\/\"><strong>licence de marque<\/strong>.<\/a><\/li><\/ul>\n\n<p class=\"[&amp;_a]:underline [&amp;_a]:underline-offset-2 [&amp;_a]:text-secondary-500 [&amp;_a:focus-visible]:outline-none [&amp;_a:focus]:outline-none [&amp;_a:focus-visible]:ring-2 [&amp;_a:focus-visible]:ring-offset-2 [&amp;_a:focus-visible]:ring-secondary-500 [&amp;_a:focus-visible]:rounded-full [&amp;_+_*]:mt-xs [*_+_&amp;]:mt-xs [&amp;_+_.wp-block-group]:mt-m [&amp;_+_.wp-block-group]:md:mt-l [&amp;.text-caption_+_*]:!mt-xs [&amp;.text-caption_+_*]:md:!mt-xs aligndefault max-w-default mx-auto \" >\u00a0<\/p>\n\n<ul class=\"flex flex-wrap flex-col list-disc pl-6 [*_+_&amp;]:mt-xs [&amp;_+_*]:mt-xs [&amp;_.is-style-check]:marker:content-none aligndefault max-w-default mx-auto \" ><li class=\"[&amp;_a]:underline [&amp;_a]:underline-offset-2 [&amp;_a]:text-secondary-500 \"><strong>Le chiffre d\u2019affaires de l\u2019enseigne aux 5 \u00e9toiles a connu une progression de 30\u00a0% sur l\u2019ann\u00e9e 2018<\/strong>.<\/li><\/ul>\n\n<p class=\"[&amp;_a]:underline [&amp;_a]:underline-offset-2 [&amp;_a]:text-secondary-500 [&amp;_a:focus-visible]:outline-none [&amp;_a:focus]:outline-none [&amp;_a:focus-visible]:ring-2 [&amp;_a:focus-visible]:ring-offset-2 [&amp;_a:focus-visible]:ring-secondary-500 [&amp;_a:focus-visible]:rounded-full [&amp;_+_*]:mt-xs [*_+_&amp;]:mt-xs [&amp;_+_.wp-block-group]:mt-m [&amp;_+_.wp-block-group]:md:mt-l [&amp;.text-caption_+_*]:!mt-xs [&amp;.text-caption_+_*]:md:!mt-xs aligndefault max-w-default mx-auto \" >\u00a0<\/p>\n\n<ul class=\"flex flex-wrap flex-col list-disc pl-6 [*_+_&amp;]:mt-xs [&amp;_+_*]:mt-xs [&amp;_.is-style-check]:marker:content-none aligndefault max-w-default mx-auto \" ><li class=\"[&amp;_a]:underline [&amp;_a]:underline-offset-2 [&amp;_a]:text-secondary-500 \">Plus que pro, c\u2019est<strong> une \u00e9quipe en croissance constante<\/strong>, avec \u00e0 ce jour pr\u00e8s d\u2019une centaine de salari\u00e9s se r\u00e9partissant entre les sites de Schiltigheim (60 personnes) et Obernai (33 personnes).<\/li><\/ul>\n\n<p class=\"[&amp;_a]:underline [&amp;_a]:underline-offset-2 [&amp;_a]:text-secondary-500 [&amp;_a:focus-visible]:outline-none [&amp;_a:focus]:outline-none [&amp;_a:focus-visible]:ring-2 [&amp;_a:focus-visible]:ring-offset-2 [&amp;_a:focus-visible]:ring-secondary-500 [&amp;_a:focus-visible]:rounded-full [&amp;_+_*]:mt-xs [*_+_&amp;]:mt-xs [&amp;_+_.wp-block-group]:mt-m [&amp;_+_.wp-block-group]:md:mt-l [&amp;.text-caption_+_*]:!mt-xs [&amp;.text-caption_+_*]:md:!mt-xs aligndefault max-w-default mx-auto \" >Si ces \u00e9l\u00e9ments peuvent constituer des motifs de satisfaction, ils ne sauraient toutefois se suffire \u00e0 eux-m\u00eames. Ainsi, les articles de Guillaume Muller font \u00e9galement part des ambitions de Sacha Goepp et Gr\u00e9gory Regouby pour les mois et ann\u00e9es \u00e0 venir.<\/p>\n\n<p class=\"[&amp;_a]:underline [&amp;_a]:underline-offset-2 [&amp;_a]:text-secondary-500 [&amp;_a:focus-visible]:outline-none [&amp;_a:focus]:outline-none [&amp;_a:focus-visible]:ring-2 [&amp;_a:focus-visible]:ring-offset-2 [&amp;_a:focus-visible]:ring-secondary-500 [&amp;_a:focus-visible]:rounded-full [&amp;_+_*]:mt-xs [*_+_&amp;]:mt-xs [&amp;_+_.wp-block-group]:mt-m [&amp;_+_.wp-block-group]:md:mt-l [&amp;.text-caption_+_*]:!mt-xs [&amp;.text-caption_+_*]:md:!mt-xs aligndefault max-w-default mx-auto \" >\u00a0<\/p>\n\n<h2 class=\"wp-block-heading text-balance [&amp;_+_*]:mt-m [&amp;_+_*]:md:mt-l [*_+_&amp;]:mt-m [*_+_&amp;]:md:mt-l [&amp;.text-caption_+_*]:!mt-xs [&amp;.text-caption_+_*]:md:!mt-xs [&amp;_a]:underline [&amp;_a]:underline-offset-2 [&amp;_a]:text-secondary-500 text-h2 aligndefault max-w-default mx-auto \" >Plus que pro en 2019 et au-del\u00e0\u00a0: des objectifs ambitieux et des nouveaux locaux<\/h2>\n\n<p class=\"[&amp;_a]:underline [&amp;_a]:underline-offset-2 [&amp;_a]:text-secondary-500 [&amp;_a:focus-visible]:outline-none [&amp;_a:focus]:outline-none [&amp;_a:focus-visible]:ring-2 [&amp;_a:focus-visible]:ring-offset-2 [&amp;_a:focus-visible]:ring-secondary-500 [&amp;_a:focus-visible]:rounded-full [&amp;_+_*]:mt-xs [*_+_&amp;]:mt-xs [&amp;_+_.wp-block-group]:mt-m [&amp;_+_.wp-block-group]:md:mt-l [&amp;.text-caption_+_*]:!mt-xs [&amp;.text-caption_+_*]:md:!mt-xs aligndefault max-w-default mx-auto \" >Plus que pro est pr\u00e9sent\u00e9 comme un acteur \u00ab\u00a0qui compte\u00a0\u00bb dans le paysage \u00e9conomique local et r\u00e9gional. Ainsi, notons que l\u2019entreprise fond\u00e9e en 2013 c\u00f4toie dans l\u2019un des articles des poids lourds tels que Kronenbourg, Hager ou encore Triumph. Cette aura, l\u2019enseigne obernoise la doit notamment aux<strong> perspectives de d\u00e9veloppement<\/strong> qu\u2019elle affiche avec un r\u00e9alisme l\u00e9gitime au regard du succ\u00e8s de son concept\u00a0:<\/p>\n\n<ul class=\"flex flex-wrap flex-col list-disc pl-6 [*_+_&amp;]:mt-xs [&amp;_+_*]:mt-xs [&amp;_.is-style-check]:marker:content-none aligndefault max-w-default mx-auto \" ><li class=\"[&amp;_a]:underline [&amp;_a]:underline-offset-2 [&amp;_a]:text-secondary-500 \"><strong>9000\u00a0: C\u2019est le nombre de clients que l\u2019entreprise vise pour 2020 au niveau national<\/strong> (+ 80% par rapport \u00e0 2018)<\/li><\/ul>\n\n<p class=\"[&amp;_a]:underline [&amp;_a]:underline-offset-2 [&amp;_a]:text-secondary-500 [&amp;_a:focus-visible]:outline-none [&amp;_a:focus]:outline-none [&amp;_a:focus-visible]:ring-2 [&amp;_a:focus-visible]:ring-offset-2 [&amp;_a:focus-visible]:ring-secondary-500 [&amp;_a:focus-visible]:rounded-full [&amp;_+_*]:mt-xs [*_+_&amp;]:mt-xs [&amp;_+_.wp-block-group]:mt-m [&amp;_+_.wp-block-group]:md:mt-l [&amp;.text-caption_+_*]:!mt-xs [&amp;.text-caption_+_*]:md:!mt-xs aligndefault max-w-default mx-auto \" >\u00a0<\/p>\n\n<ul class=\"flex flex-wrap flex-col list-disc pl-6 [*_+_&amp;]:mt-xs [&amp;_+_*]:mt-xs [&amp;_.is-style-check]:marker:content-none aligndefault max-w-default mx-auto \" ><li class=\"[&amp;_a]:underline [&amp;_a]:underline-offset-2 [&amp;_a]:text-secondary-500 \">Plus que pro souhaite attirer<strong> toujours plus de licenci\u00e9s de marque<\/strong>. S\u2019ils sont 16 \u00e0 ce jour, la volont\u00e9 de Sacha Goepp et Gr\u00e9gory Regouby est d\u2019en revendiquer<strong> 50 \u00e0 60 avant fin 2019.<\/strong><\/li><\/ul>\n\n<p class=\"[&amp;_a]:underline [&amp;_a]:underline-offset-2 [&amp;_a]:text-secondary-500 [&amp;_a:focus-visible]:outline-none [&amp;_a:focus]:outline-none [&amp;_a:focus-visible]:ring-2 [&amp;_a:focus-visible]:ring-offset-2 [&amp;_a:focus-visible]:ring-secondary-500 [&amp;_a:focus-visible]:rounded-full [&amp;_+_*]:mt-xs [*_+_&amp;]:mt-xs [&amp;_+_.wp-block-group]:mt-m [&amp;_+_.wp-block-group]:md:mt-l [&amp;.text-caption_+_*]:!mt-xs [&amp;.text-caption_+_*]:md:!mt-xs aligndefault max-w-default mx-auto \" >\u00a0<\/p>\n\n<ul class=\"flex flex-wrap flex-col list-disc pl-6 [*_+_&amp;]:mt-xs [&amp;_+_*]:mt-xs [&amp;_.is-style-check]:marker:content-none aligndefault max-w-default mx-auto \" ><li class=\"[&amp;_a]:underline [&amp;_a]:underline-offset-2 [&amp;_a]:text-secondary-500 \">Qu\u2019on se le dise<strong>\u00a0: <a href=\"https:\/\/plus-que-pro.nous-recrutons.fr\/\">Plus que pro recrute<\/a><\/strong>\u00a0! Le site obernois devrait ainsi compter 50 \u00e0 80 salari\u00e9s dans les mois \u00e0 venir, et <strong>100 \u00e0 200 personnes devraient s\u2019y \u00e9panouir dans les trois \u00e0 cinq prochaines ann\u00e9es<\/strong>. D\u00e9veloppeurs, int\u00e9grateurs, graphistes, r\u00e9f\u00e9renceurs, professionnels du marketing\u00a0: autant de profils qui pourraient y trouver une place pour mettre en pratique leurs savoir-faire&#8230;<\/li><\/ul>\n\n<p class=\"[&amp;_a]:underline [&amp;_a]:underline-offset-2 [&amp;_a]:text-secondary-500 [&amp;_a:focus-visible]:outline-none [&amp;_a:focus]:outline-none [&amp;_a:focus-visible]:ring-2 [&amp;_a:focus-visible]:ring-offset-2 [&amp;_a:focus-visible]:ring-secondary-500 [&amp;_a:focus-visible]:rounded-full [&amp;_+_*]:mt-xs [*_+_&amp;]:mt-xs [&amp;_+_.wp-block-group]:mt-m [&amp;_+_.wp-block-group]:md:mt-l [&amp;.text-caption_+_*]:!mt-xs [&amp;.text-caption_+_*]:md:!mt-xs aligndefault max-w-default mx-auto \" >\u00a0<\/p>\n\n<ul class=\"flex flex-wrap flex-col list-disc pl-6 [*_+_&amp;]:mt-xs [&amp;_+_*]:mt-xs [&amp;_.is-style-check]:marker:content-none aligndefault max-w-default mx-auto \" ><li class=\"[&amp;_a]:underline [&amp;_a]:underline-offset-2 [&amp;_a]:text-secondary-500 \"><strong>Un nouveau b\u00e2timent va voir le jour \u00e0 Obernai<\/strong> dans le Parc d\u2019Activit\u00e9s du Thal. Sur 36 ares, <strong>ces locaux de 2000 m\u00b2<\/strong> accueilleront les \u00e9quipes de Plus que pro et bien plus. En effet, r\u00e9solument tourn\u00e9 vers l\u2019avenir, <strong>Sacha Goepp mise sur les jeunes pousses de l\u2019\u00e9conomie num\u00e9rique<\/strong>. Ainsi, au sein d\u2019un espace de coworking, entrepreneurs ambitieux et novateurs pourront profiter d\u2019infrastructures propices \u00e0 leur d\u00e9veloppement, <strong>avec un potentiel appui financier<\/strong>.<\/li><\/ul>\n\n<figure class=\"block m-0  text-center\" ><img decoding=\"async\" src=\"https:\/\/www.plus-que-pro-distribution.fr\/uploads\/nouveaux-locaux-plus-que-pro-obernai.jpg\" class=\"inline-block rounded-tr-media rounded-tl-media rounded-bl-media rounded-br-media \" ><\/figure>\n\n<p class=\"[&amp;_a]:underline [&amp;_a]:underline-offset-2 [&amp;_a]:text-secondary-500 [&amp;_a:focus-visible]:outline-none [&amp;_a:focus]:outline-none [&amp;_a:focus-visible]:ring-2 [&amp;_a:focus-visible]:ring-offset-2 [&amp;_a:focus-visible]:ring-secondary-500 [&amp;_a:focus-visible]:rounded-full [&amp;_+_*]:mt-xs [*_+_&amp;]:mt-xs [&amp;_+_.wp-block-group]:mt-m [&amp;_+_.wp-block-group]:md:mt-l [&amp;.text-caption_+_*]:!mt-xs [&amp;.text-caption_+_*]:md:!mt-xs aligndefault max-w-default mx-auto \" ><\/p>\n\n<p class=\"[&amp;_a]:underline [&amp;_a]:underline-offset-2 [&amp;_a]:text-secondary-500 [&amp;_a:focus-visible]:outline-none [&amp;_a:focus]:outline-none [&amp;_a:focus-visible]:ring-2 [&amp;_a:focus-visible]:ring-offset-2 [&amp;_a:focus-visible]:ring-secondary-500 [&amp;_a:focus-visible]:rounded-full [&amp;_+_*]:mt-xs [*_+_&amp;]:mt-xs [&amp;_+_.wp-block-group]:mt-m [&amp;_+_.wp-block-group]:md:mt-l [&amp;.text-caption_+_*]:!mt-xs [&amp;.text-caption_+_*]:md:!mt-xs aligndefault max-w-default mx-auto \" >\u00a0<\/p>\n\n<p class=\"[&amp;_a]:underline [&amp;_a]:underline-offset-2 [&amp;_a]:text-secondary-500 [&amp;_a:focus-visible]:outline-none [&amp;_a:focus]:outline-none [&amp;_a:focus-visible]:ring-2 [&amp;_a:focus-visible]:ring-offset-2 [&amp;_a:focus-visible]:ring-secondary-500 [&amp;_a:focus-visible]:rounded-full [&amp;_+_*]:mt-xs [*_+_&amp;]:mt-xs [&amp;_+_.wp-block-group]:mt-m [&amp;_+_.wp-block-group]:md:mt-l [&amp;.text-caption_+_*]:!mt-xs [&amp;.text-caption_+_*]:md:!mt-xs aligndefault max-w-default mx-auto \" >Depuis 2013, Plus que pro s\u2019est attach\u00e9 \u00e0 faire des <strong>avis clients<\/strong> un produit performant \u00e0 bien des \u00e9gards. Les entreprises y voient<strong> un outil leur permettant de booster leur e-r\u00e9putation<\/strong> tout en rassurant leurs clients potentiels. Ces derniers y trouvent un moyen de<strong> s\u00e9lectionner des prestataires de qualit\u00e9<\/strong>, en se basant sur des <strong>\u00e9valuations \u00e0 la fiabilit\u00e9 incontestable<\/strong>. En se positionnant au croisement de ces besoins, l\u2019enseigne alsacienne d\u2019envergure nationale r\u00e9pond \u00e0 une attente r\u00e9elle.<\/p>\n\n<p class=\"[&amp;_a]:underline [&amp;_a]:underline-offset-2 [&amp;_a]:text-secondary-500 [&amp;_a:focus-visible]:outline-none [&amp;_a:focus]:outline-none [&amp;_a:focus-visible]:ring-2 [&amp;_a:focus-visible]:ring-offset-2 [&amp;_a:focus-visible]:ring-secondary-500 [&amp;_a:focus-visible]:rounded-full [&amp;_+_*]:mt-xs [*_+_&amp;]:mt-xs [&amp;_+_.wp-block-group]:mt-m [&amp;_+_.wp-block-group]:md:mt-l [&amp;.text-caption_+_*]:!mt-xs [&amp;.text-caption_+_*]:md:!mt-xs aligndefault max-w-default mx-auto \" >Cet \u00e9tat de fait, associ\u00e9 \u00e0 la<strong> qualit\u00e9 des solutions mises en place<\/strong> permet \u00e0 Plus que pro d\u2019envisager son avenir de mani\u00e8re optimiste mais rationnelle. Les ambitieuses et in\u00e9dites perspectives que peut revendiquer sans rougir l\u2019enseigne aux cinq \u00e9toiles lui valent d\u2019ailleurs d\u2019\u00eatre qualifi\u00e9e de \u00ab<strong>\u00a0perle rare<\/strong>\u00a0\u00bb par Guillaume Muller. Un titre que Plus que pro entend bien conserver pour les ann\u00e9es \u00e0 venir.<\/p>\n\n<p class=\"[&amp;_a]:underline [&amp;_a]:underline-offset-2 [&amp;_a]:text-secondary-500 [&amp;_a:focus-visible]:outline-none [&amp;_a:focus]:outline-none [&amp;_a:focus-visible]:ring-2 [&amp;_a:focus-visible]:ring-offset-2 [&amp;_a:focus-visible]:ring-secondary-500 [&amp;_a:focus-visible]:rounded-full [&amp;_+_*]:mt-xs [*_+_&amp;]:mt-xs [&amp;_+_.wp-block-group]:mt-m [&amp;_+_.wp-block-group]:md:mt-l [&amp;.text-caption_+_*]:!mt-xs [&amp;.text-caption_+_*]:md:!mt-xs aligndefault max-w-default mx-auto \" ><em>Pour lire les articles de Guillaume Muller dans leur int\u00e9gralit\u00e9 :<strong> article du 1er Janvier<\/strong> \u00ab\u00a0<a href=\"\/uploads\/De-tres-bonnes-nouvelles-DNA-Obernai-010119-1.pdf\" target=\"_blank\" rel=\"noreferrer noopener\"><strong>De tr\u00e8s bonnes nouvelles<\/strong><\/a>\u00a0\u00bb \/<strong> article du 5 janvier<\/strong> \u00ab\u00a0<a href=\"\/uploads\/Plus-que-PRO-change-de-dimension-DNA-Obernai-050119-1.pdf\" target=\"_blank\" rel=\"noreferrer noopener\"><strong>Plus que pro change de dimension<\/strong><\/a>\u00ab\u00a0.<\/em><\/p>\n\n<p class=\"[&amp;_a]:underline [&amp;_a]:underline-offset-2 [&amp;_a]:text-secondary-500 [&amp;_a:focus-visible]:outline-none [&amp;_a:focus]:outline-none [&amp;_a:focus-visible]:ring-2 [&amp;_a:focus-visible]:ring-offset-2 [&amp;_a:focus-visible]:ring-secondary-500 [&amp;_a:focus-visible]:rounded-full [&amp;_+_*]:mt-xs [*_+_&amp;]:mt-xs [&amp;_+_.wp-block-group]:mt-m [&amp;_+_.wp-block-group]:md:mt-l [&amp;.text-caption_+_*]:!mt-xs [&amp;.text-caption_+_*]:md:!mt-xs aligndefault max-w-default mx-auto \" >\u00a0<\/p>","protected":false},"excerpt":{"rendered":"<p>Le basculement vers une nouvelle ann\u00e9e est traditionnellement un moment propice \u00e0 la prise de recul. Ainsi, janvier 2019 n\u2019\u00e9chappe pas \u00e0 cette r\u00e8gle, devenant cet instant o\u00f9 se croisent le bilan des mois pass\u00e9s, et les perspectives des ann\u00e9es \u00e0 venir.<\/p>\n<p>C\u2019est dans cette dynamique matin\u00e9e d\u2019optimisme que les DNA ont publi\u00e9 les 1er et 5 janvier derniers deux articles abordant la place de Plus que pro dans le paysage \u00e9conomique local et national. Y sont notamment \u00e9voqu\u00e9s sous la plume de Guillaume Muller les objectifs atteints jusqu\u2019\u00e0 ce jour mais aussi les challenges que Plus que pro ambitionne de relever en 2019. Au programme\u00a0: d\u00e9veloppement national renforc\u00e9, rayonnement de la franchise Plus que pro et nouveaux locaux.<\/p>\n","protected":false},"author":4,"featured_media":5929,"comment_status":"open","ping_status":"open","sticky":false,"template":"","format":"standard","meta":{"footnotes":""},"categories":[6],"tags":[],"class_list":["post-6802","post","type-post","status-publish","format-standard","has-post-thumbnail","hentry","category-nos-actualites"],"yoast_head":"<title>Plus que pro poursuit son d\u00e9veloppement en 2019<\/title>\n<meta name=\"description\" content=\"Deux articles abordent les objectifs atteints jusqu\u2019\u00e0 ce jour mais aussi les challenges que Plus que pro ambitionne de relever en 2019.\" \/>\n<meta name=\"robots\" content=\"index, follow, max-snippet:-1, max-image-preview:large, max-video-preview:-1\" \/>\n<link rel=\"canonical\" href=\"https:\/\/www.plus-que-pro-distribution.fr\/plus-que-pro-une-perle-rare-en-alsace\/\" \/>\n<meta property=\"og:locale\" content=\"fr_FR\" \/>\n<meta property=\"og:type\" content=\"article\" \/>\n<meta property=\"og:title\" content=\"Plus que pro poursuit son d\u00e9veloppement en 2019\" \/>\n<meta property=\"og:description\" content=\"Deux articles abordent les objectifs atteints jusqu\u2019\u00e0 ce jour mais aussi les challenges que Plus que pro ambitionne de relever en 2019.\" \/>\n<meta property=\"og:url\" content=\"https:\/\/www.plus-que-pro-distribution.fr\/plus-que-pro-une-perle-rare-en-alsace\/\" \/>\n<meta property=\"og:site_name\" content=\"Plus que pro - Distribution\" \/>\n<meta property=\"article:publisher\" content=\"https:\/\/www.facebook.com\/Plusquepro\/\" \/>\n<meta property=\"article:published_time\" content=\"2019-01-08T14:37:09+00:00\" \/>\n<meta property=\"article:modified_time\" content=\"2025-02-19T14:14:59+00:00\" \/>\n<meta property=\"og:image\" content=\"https:\/\/www.plus-que-pro-distribution.fr\/uploads\/dna-200px.png\" \/>\n\t<meta property=\"og:image:width\" content=\"200\" \/>\n\t<meta property=\"og:image:height\" content=\"200\" \/>\n\t<meta property=\"og:image:type\" content=\"image\/png\" \/>\n<meta name=\"author\" content=\"Jean\" \/>\n<meta name=\"twitter:card\" content=\"summary_large_image\" \/>\n<meta name=\"twitter:label1\" content=\"Written by\" \/>\n\t<meta name=\"twitter:data1\" content=\"Jean\" \/>\n\t<meta name=\"twitter:label2\" content=\"Est. reading time\" \/>\n\t<meta name=\"twitter:data2\" content=\"5 minutes\" \/>\n<script type=\"application\/ld+json\" class=\"yoast-schema-graph\">{\"@context\":\"https:\/\/schema.org\",\"@graph\":[{\"@type\":\"Article\",\"@id\":\"https:\/\/www.plus-que-pro-distribution.fr\/plus-que-pro-une-perle-rare-en-alsace\/#article\",\"isPartOf\":{\"@id\":\"https:\/\/www.plus-que-pro-distribution.fr\/plus-que-pro-une-perle-rare-en-alsace\/\"},\"author\":{\"name\":\"Jean\",\"@id\":\"https:\/\/www.plus-que-pro-distribution.fr\/#\/schema\/person\/751af92e7c43e3eeb98f4f63875e4ceb\"},\"headline\":\"Plus que pro\u00a0: une \u00ab\u00a0perle rare\u00a0\u00bb en Alsace\",\"datePublished\":\"2019-01-08T14:37:09+00:00\",\"dateModified\":\"2025-02-19T14:14:59+00:00\",\"mainEntityOfPage\":{\"@id\":\"https:\/\/www.plus-que-pro-distribution.fr\/plus-que-pro-une-perle-rare-en-alsace\/\"},\"wordCount\":806,\"commentCount\":0,\"publisher\":{\"@id\":\"https:\/\/www.plus-que-pro-distribution.fr\/#organization\"},\"image\":{\"@id\":\"https:\/\/www.plus-que-pro-distribution.fr\/plus-que-pro-une-perle-rare-en-alsace\/#primaryimage\"},\"thumbnailUrl\":\"https:\/\/www.plus-que-pro-distribution.fr\/uploads\/dna-200px.png\",\"articleSection\":[\"Nos actualit\u00e9s\"],\"inLanguage\":\"fr-FR\",\"potentialAction\":[{\"@type\":\"CommentAction\",\"name\":\"Comment\",\"target\":[\"https:\/\/www.plus-que-pro-distribution.fr\/plus-que-pro-une-perle-rare-en-alsace\/#respond\"]}]},{\"@type\":\"WebPage\",\"@id\":\"https:\/\/www.plus-que-pro-distribution.fr\/plus-que-pro-une-perle-rare-en-alsace\/\",\"url\":\"https:\/\/www.plus-que-pro-distribution.fr\/plus-que-pro-une-perle-rare-en-alsace\/\",\"name\":\"Plus que pro poursuit son d\u00e9veloppement en 2019\",\"isPartOf\":{\"@id\":\"https:\/\/www.plus-que-pro-distribution.fr\/#website\"},\"primaryImageOfPage\":{\"@id\":\"https:\/\/www.plus-que-pro-distribution.fr\/plus-que-pro-une-perle-rare-en-alsace\/#primaryimage\"},\"image\":{\"@id\":\"https:\/\/www.plus-que-pro-distribution.fr\/plus-que-pro-une-perle-rare-en-alsace\/#primaryimage\"},\"thumbnailUrl\":\"https:\/\/www.plus-que-pro-distribution.fr\/uploads\/dna-200px.png\",\"datePublished\":\"2019-01-08T14:37:09+00:00\",\"dateModified\":\"2025-02-19T14:14:59+00:00\",\"description\":\"Deux articles abordent les objectifs atteints jusqu\u2019\u00e0 ce jour mais aussi les challenges que Plus que pro ambitionne de relever en 2019.\",\"breadcrumb\":{\"@id\":\"https:\/\/www.plus-que-pro-distribution.fr\/plus-que-pro-une-perle-rare-en-alsace\/#breadcrumb\"},\"inLanguage\":\"fr-FR\",\"potentialAction\":[{\"@type\":\"ReadAction\",\"target\":[\"https:\/\/www.plus-que-pro-distribution.fr\/plus-que-pro-une-perle-rare-en-alsace\/\"]}]},{\"@type\":\"ImageObject\",\"inLanguage\":\"fr-FR\",\"@id\":\"https:\/\/www.plus-que-pro-distribution.fr\/plus-que-pro-une-perle-rare-en-alsace\/#primaryimage\",\"url\":\"https:\/\/www.plus-que-pro-distribution.fr\/uploads\/dna-200px.png\",\"contentUrl\":\"https:\/\/www.plus-que-pro-distribution.fr\/uploads\/dna-200px.png\",\"width\":200,\"height\":200,\"caption\":\"logo Derni\u00e8res Nouvelles d'Alsace\"},{\"@type\":\"BreadcrumbList\",\"@id\":\"https:\/\/www.plus-que-pro-distribution.fr\/plus-que-pro-une-perle-rare-en-alsace\/#breadcrumb\",\"itemListElement\":[{\"@type\":\"ListItem\",\"position\":1,\"name\":\"Home\",\"item\":\"https:\/\/www.plus-que-pro-distribution.fr\/\"},{\"@type\":\"ListItem\",\"position\":2,\"name\":\"Plus que pro\u00a0: une \u00ab\u00a0perle rare\u00a0\u00bb en Alsace\"}]},{\"@type\":\"WebSite\",\"@id\":\"https:\/\/www.plus-que-pro-distribution.fr\/#website\",\"url\":\"https:\/\/www.plus-que-pro-distribution.fr\/\",\"name\":\"Plus que pro distribution\",\"description\":\"\",\"publisher\":{\"@id\":\"https:\/\/www.plus-que-pro-distribution.fr\/#organization\"},\"potentialAction\":[{\"@type\":\"SearchAction\",\"target\":{\"@type\":\"EntryPoint\",\"urlTemplate\":\"https:\/\/www.plus-que-pro-distribution.fr\/?s={search_term_string}\"},\"query-input\":{\"@type\":\"PropertyValueSpecification\",\"valueRequired\":true,\"valueName\":\"search_term_string\"}}],\"inLanguage\":\"fr-FR\"},{\"@type\":\"Organization\",\"@id\":\"https:\/\/www.plus-que-pro-distribution.fr\/#organization\",\"name\":\"Plus que pro distribution\",\"url\":\"https:\/\/www.plus-que-pro-distribution.fr\/\",\"logo\":{\"@type\":\"ImageObject\",\"inLanguage\":\"fr-FR\",\"@id\":\"https:\/\/www.plus-que-pro-distribution.fr\/#\/schema\/logo\/image\/\",\"url\":\"https:\/\/www.plus-que-pro-distribution.fr\/uploads\/logo-pqp-distribution.svg\",\"contentUrl\":\"https:\/\/www.plus-que-pro-distribution.fr\/uploads\/logo-pqp-distribution.svg\",\"width\":144,\"height\":34,\"caption\":\"Plus que pro distribution\"},\"image\":{\"@id\":\"https:\/\/www.plus-que-pro-distribution.fr\/#\/schema\/logo\/image\/\"},\"sameAs\":[\"https:\/\/www.facebook.com\/Plusquepro\/\"]},{\"@type\":\"Person\",\"@id\":\"https:\/\/www.plus-que-pro-distribution.fr\/#\/schema\/person\/751af92e7c43e3eeb98f4f63875e4ceb\",\"name\":\"Jean\",\"image\":{\"@type\":\"ImageObject\",\"inLanguage\":\"fr-FR\",\"@id\":\"https:\/\/www.plus-que-pro-distribution.fr\/#\/schema\/person\/image\/\",\"url\":\"https:\/\/secure.gravatar.com\/avatar\/aac25d1e3a248ba1be7404ccf9581f1a78704d8a0e292c792ed971a596325c72?s=96&d=mm&r=g\",\"contentUrl\":\"https:\/\/secure.gravatar.com\/avatar\/aac25d1e3a248ba1be7404ccf9581f1a78704d8a0e292c792ed971a596325c72?s=96&d=mm&r=g\",\"caption\":\"Jean\"}}]}<\/script>","yoast_head_json":{"title":"Plus que pro poursuit son d\u00e9veloppement en 2019","description":"Deux articles abordent les objectifs atteints jusqu\u2019\u00e0 ce jour mais aussi les challenges que Plus que pro ambitionne de relever en 2019.","robots":{"index":"index","follow":"follow","max-snippet":"max-snippet:-1","max-image-preview":"max-image-preview:large","max-video-preview":"max-video-preview:-1"},"canonical":"https:\/\/www.plus-que-pro-distribution.fr\/plus-que-pro-une-perle-rare-en-alsace\/","og_locale":"fr_FR","og_type":"article","og_title":"Plus que pro poursuit son d\u00e9veloppement en 2019","og_description":"Deux articles abordent les objectifs atteints jusqu\u2019\u00e0 ce jour mais aussi les challenges que Plus que pro ambitionne de relever en 2019.","og_url":"https:\/\/www.plus-que-pro-distribution.fr\/plus-que-pro-une-perle-rare-en-alsace\/","og_site_name":"Plus que pro - Distribution","article_publisher":"https:\/\/www.facebook.com\/Plusquepro\/","article_published_time":"2019-01-08T14:37:09+00:00","article_modified_time":"2025-02-19T14:14:59+00:00","og_image":[{"width":200,"height":200,"url":"https:\/\/www.plus-que-pro-distribution.fr\/uploads\/dna-200px.png","type":"image\/png"}],"author":"Jean","twitter_card":"summary_large_image","twitter_misc":{"Written by":"Jean","Est. reading time":"5 minutes"},"schema":{"@context":"https:\/\/schema.org","@graph":[{"@type":"Article","@id":"https:\/\/www.plus-que-pro-distribution.fr\/plus-que-pro-une-perle-rare-en-alsace\/#article","isPartOf":{"@id":"https:\/\/www.plus-que-pro-distribution.fr\/plus-que-pro-une-perle-rare-en-alsace\/"},"author":{"name":"Jean","@id":"https:\/\/www.plus-que-pro-distribution.fr\/#\/schema\/person\/751af92e7c43e3eeb98f4f63875e4ceb"},"headline":"Plus que pro\u00a0: une \u00ab\u00a0perle rare\u00a0\u00bb en Alsace","datePublished":"2019-01-08T14:37:09+00:00","dateModified":"2025-02-19T14:14:59+00:00","mainEntityOfPage":{"@id":"https:\/\/www.plus-que-pro-distribution.fr\/plus-que-pro-une-perle-rare-en-alsace\/"},"wordCount":806,"commentCount":0,"publisher":{"@id":"https:\/\/www.plus-que-pro-distribution.fr\/#organization"},"image":{"@id":"https:\/\/www.plus-que-pro-distribution.fr\/plus-que-pro-une-perle-rare-en-alsace\/#primaryimage"},"thumbnailUrl":"https:\/\/www.plus-que-pro-distribution.fr\/uploads\/dna-200px.png","articleSection":["Nos actualit\u00e9s"],"inLanguage":"fr-FR","potentialAction":[{"@type":"CommentAction","name":"Comment","target":["https:\/\/www.plus-que-pro-distribution.fr\/plus-que-pro-une-perle-rare-en-alsace\/#respond"]}]},{"@type":"WebPage","@id":"https:\/\/www.plus-que-pro-distribution.fr\/plus-que-pro-une-perle-rare-en-alsace\/","url":"https:\/\/www.plus-que-pro-distribution.fr\/plus-que-pro-une-perle-rare-en-alsace\/","name":"Plus que pro poursuit son d\u00e9veloppement en 2019","isPartOf":{"@id":"https:\/\/www.plus-que-pro-distribution.fr\/#website"},"primaryImageOfPage":{"@id":"https:\/\/www.plus-que-pro-distribution.fr\/plus-que-pro-une-perle-rare-en-alsace\/#primaryimage"},"image":{"@id":"https:\/\/www.plus-que-pro-distribution.fr\/plus-que-pro-une-perle-rare-en-alsace\/#primaryimage"},"thumbnailUrl":"https:\/\/www.plus-que-pro-distribution.fr\/uploads\/dna-200px.png","datePublished":"2019-01-08T14:37:09+00:00","dateModified":"2025-02-19T14:14:59+00:00","description":"Deux articles abordent les objectifs atteints jusqu\u2019\u00e0 ce jour mais aussi les challenges que Plus que pro ambitionne de relever en 2019.","breadcrumb":{"@id":"https:\/\/www.plus-que-pro-distribution.fr\/plus-que-pro-une-perle-rare-en-alsace\/#breadcrumb"},"inLanguage":"fr-FR","potentialAction":[{"@type":"ReadAction","target":["https:\/\/www.plus-que-pro-distribution.fr\/plus-que-pro-une-perle-rare-en-alsace\/"]}]},{"@type":"ImageObject","inLanguage":"fr-FR","@id":"https:\/\/www.plus-que-pro-distribution.fr\/plus-que-pro-une-perle-rare-en-alsace\/#primaryimage","url":"https:\/\/www.plus-que-pro-distribution.fr\/uploads\/dna-200px.png","contentUrl":"https:\/\/www.plus-que-pro-distribution.fr\/uploads\/dna-200px.png","width":200,"height":200,"caption":"logo Derni\u00e8res Nouvelles d'Alsace"},{"@type":"BreadcrumbList","@id":"https:\/\/www.plus-que-pro-distribution.fr\/plus-que-pro-une-perle-rare-en-alsace\/#breadcrumb","itemListElement":[{"@type":"ListItem","position":1,"name":"Home","item":"https:\/\/www.plus-que-pro-distribution.fr\/"},{"@type":"ListItem","position":2,"name":"Plus que pro\u00a0: une \u00ab\u00a0perle rare\u00a0\u00bb en Alsace"}]},{"@type":"WebSite","@id":"https:\/\/www.plus-que-pro-distribution.fr\/#website","url":"https:\/\/www.plus-que-pro-distribution.fr\/","name":"Plus que pro distribution","description":"","publisher":{"@id":"https:\/\/www.plus-que-pro-distribution.fr\/#organization"},"potentialAction":[{"@type":"SearchAction","target":{"@type":"EntryPoint","urlTemplate":"https:\/\/www.plus-que-pro-distribution.fr\/?s={search_term_string}"},"query-input":{"@type":"PropertyValueSpecification","valueRequired":true,"valueName":"search_term_string"}}],"inLanguage":"fr-FR"},{"@type":"Organization","@id":"https:\/\/www.plus-que-pro-distribution.fr\/#organization","name":"Plus que pro distribution","url":"https:\/\/www.plus-que-pro-distribution.fr\/","logo":{"@type":"ImageObject","inLanguage":"fr-FR","@id":"https:\/\/www.plus-que-pro-distribution.fr\/#\/schema\/logo\/image\/","url":"https:\/\/www.plus-que-pro-distribution.fr\/uploads\/logo-pqp-distribution.svg","contentUrl":"https:\/\/www.plus-que-pro-distribution.fr\/uploads\/logo-pqp-distribution.svg","width":144,"height":34,"caption":"Plus que pro distribution"},"image":{"@id":"https:\/\/www.plus-que-pro-distribution.fr\/#\/schema\/logo\/image\/"},"sameAs":["https:\/\/www.facebook.com\/Plusquepro\/"]},{"@type":"Person","@id":"https:\/\/www.plus-que-pro-distribution.fr\/#\/schema\/person\/751af92e7c43e3eeb98f4f63875e4ceb","name":"Jean","image":{"@type":"ImageObject","inLanguage":"fr-FR","@id":"https:\/\/www.plus-que-pro-distribution.fr\/#\/schema\/person\/image\/","url":"https:\/\/secure.gravatar.com\/avatar\/aac25d1e3a248ba1be7404ccf9581f1a78704d8a0e292c792ed971a596325c72?s=96&d=mm&r=g","contentUrl":"https:\/\/secure.gravatar.com\/avatar\/aac25d1e3a248ba1be7404ccf9581f1a78704d8a0e292c792ed971a596325c72?s=96&d=mm&r=g","caption":"Jean"}}]}},"_links":{"self":[{"href":"https:\/\/www.plus-que-pro-distribution.fr\/api\/wp\/v2\/posts\/6802","targetHints":{"allow":["GET"]}}],"collection":[{"href":"https:\/\/www.plus-que-pro-distribution.fr\/api\/wp\/v2\/posts"}],"about":[{"href":"https:\/\/www.plus-que-pro-distribution.fr\/api\/wp\/v2\/types\/post"}],"author":[{"embeddable":true,"href":"https:\/\/www.plus-que-pro-distribution.fr\/api\/wp\/v2\/users\/4"}],"replies":[{"embeddable":true,"href":"https:\/\/www.plus-que-pro-distribution.fr\/api\/wp\/v2\/comments?post=6802"}],"version-history":[{"count":1,"href":"https:\/\/www.plus-que-pro-distribution.fr\/api\/wp\/v2\/posts\/6802\/revisions"}],"predecessor-version":[{"id":18338,"href":"https:\/\/www.plus-que-pro-distribution.fr\/api\/wp\/v2\/posts\/6802\/revisions\/18338"}],"wp:featuredmedia":[{"embeddable":true,"href":"https:\/\/www.plus-que-pro-distribution.fr\/api\/wp\/v2\/media\/5929"}],"wp:attachment":[{"href":"https:\/\/www.plus-que-pro-distribution.fr\/api\/wp\/v2\/media?parent=6802"}],"wp:term":[{"taxonomy":"category","embeddable":true,"href":"https:\/\/www.plus-que-pro-distribution.fr\/api\/wp\/v2\/categories?post=6802"},{"taxonomy":"post_tag","embeddable":true,"href":"https:\/\/www.plus-que-pro-distribution.fr\/api\/wp\/v2\/tags?post=6802"}],"curies":[{"name":"wp","href":"https:\/\/api.w.org\/{rel}","templated":true}]}}