{"id":6735,"date":"2018-11-12T13:18:46","date_gmt":"2018-11-12T13:18:46","guid":{"rendered":"https:\/\/www.network-plus-que-pro.fr\/?p=6735"},"modified":"2025-02-19T14:29:03","modified_gmt":"2025-02-19T13:29:03","slug":"plus-que-pro-une-entreprise-recommandee-par-ses-adherents","status":"publish","type":"post","link":"https:\/\/www.plus-que-pro-distribution.fr\/plus-que-pro-une-entreprise-recommandee-par-ses-adherents\/","title":{"rendered":"Plus que pro, une entreprise recommand\u00e9e par ses adh\u00e9rents"},"content":{"rendered":"<p class=\"[&amp;_a]:underline [&amp;_a]:underline-offset-2 [&amp;_a]:text-secondary-500 [&amp;_a:focus-visible]:outline-none [&amp;_a:focus]:outline-none [&amp;_a:focus-visible]:ring-2 [&amp;_a:focus-visible]:ring-offset-2 [&amp;_a:focus-visible]:ring-secondary-500 [&amp;_a:focus-visible]:rounded-full [&amp;_+_*]:mt-xs [*_+_&amp;]:mt-xs [&amp;_+_.wp-block-group]:mt-m [&amp;_+_.wp-block-group]:md:mt-l [&amp;.text-caption_+_*]:!mt-xs [&amp;.text-caption_+_*]:md:!mt-xs aligndefault max-w-default mx-auto \" >Plus que pro accompagne ses adh\u00e9rents au quotidien pour <strong>digitaliser leur entreprise et d\u00e9cupler leur bouche \u00e0 oreille<\/strong>, sur la base de la satisfaction client.<br>\nCette plateforme de recommandation r\u00e9unit donc des soci\u00e9t\u00e9s de qualit\u00e9, qui ont \u00e0 c\u0153ur le travail bien fait.<br>\nForte de ces valeurs, Plus que pro met tout en \u0153uvre pour satisfaire les membres du r\u00e9seau et les mener sur le chemin de la r\u00e9ussite.<br>\n<strong>Une relation donnant-donnant<\/strong> avec leur coach en satisfaction client, construite pour faire fructifier leurs efforts.<\/p>\n\n<p class=\"[&amp;_a]:underline [&amp;_a]:underline-offset-2 [&amp;_a]:text-secondary-500 [&amp;_a:focus-visible]:outline-none [&amp;_a:focus]:outline-none [&amp;_a:focus-visible]:ring-2 [&amp;_a:focus-visible]:ring-offset-2 [&amp;_a:focus-visible]:ring-secondary-500 [&amp;_a:focus-visible]:rounded-full [&amp;_+_*]:mt-xs [*_+_&amp;]:mt-xs [&amp;_+_.wp-block-group]:mt-m [&amp;_+_.wp-block-group]:md:mt-l [&amp;.text-caption_+_*]:!mt-xs [&amp;.text-caption_+_*]:md:!mt-xs aligndefault max-w-default mx-auto \" >Voici le retour d&rsquo;exp\u00e9rience de quelques dirigeants Plus que pro.<\/p>\n\n<figure class=\"block m-0  text-center\" ><img decoding=\"async\" src=\"https:\/\/www.plus-que-pro-distribution.fr\/uploads\/adherents-plus-que-pro-temoignent.jpg\" alt=\"Nos adh\u00e9rents t\u00e9moignent sur la mise en place et les r\u00e9sultats de la solution Plus que pro\" class=\"inline-block rounded-tr-media rounded-tl-media rounded-bl-media rounded-br-media \" ><\/figure>\n\n<p class=\"[&amp;_a]:underline [&amp;_a]:underline-offset-2 [&amp;_a]:text-secondary-500 [&amp;_a:focus-visible]:outline-none [&amp;_a:focus]:outline-none [&amp;_a:focus-visible]:ring-2 [&amp;_a:focus-visible]:ring-offset-2 [&amp;_a:focus-visible]:ring-secondary-500 [&amp;_a:focus-visible]:rounded-full [&amp;_+_*]:mt-xs [*_+_&amp;]:mt-xs [&amp;_+_.wp-block-group]:mt-m [&amp;_+_.wp-block-group]:md:mt-l [&amp;.text-caption_+_*]:!mt-xs [&amp;.text-caption_+_*]:md:!mt-xs aligndefault max-w-default mx-auto \" ><\/p>\n\n<h2 class=\"wp-block-heading text-balance [&amp;_+_*]:mt-m [&amp;_+_*]:md:mt-l [*_+_&amp;]:mt-m [*_+_&amp;]:md:mt-l [&amp;.text-caption_+_*]:!mt-xs [&amp;.text-caption_+_*]:md:!mt-xs [&amp;_a]:underline [&amp;_a]:underline-offset-2 [&amp;_a]:text-secondary-500 text-h2 aligndefault max-w-default mx-auto \" >Un investissement \u00e0 fournir&#8230;<\/h2>\n\n<p class=\"[&amp;_a]:underline [&amp;_a]:underline-offset-2 [&amp;_a]:text-secondary-500 [&amp;_a:focus-visible]:outline-none [&amp;_a:focus]:outline-none [&amp;_a:focus-visible]:ring-2 [&amp;_a:focus-visible]:ring-offset-2 [&amp;_a:focus-visible]:ring-secondary-500 [&amp;_a:focus-visible]:rounded-full [&amp;_+_*]:mt-xs [*_+_&amp;]:mt-xs [&amp;_+_.wp-block-group]:mt-m [&amp;_+_.wp-block-group]:md:mt-l [&amp;.text-caption_+_*]:!mt-xs [&amp;.text-caption_+_*]:md:!mt-xs aligndefault max-w-default mx-auto \" >Cl\u00e9ment Weiser \u2013 Formula Automobiles<\/p>\n\n<p class=\"[&amp;_a]:underline [&amp;_a]:underline-offset-2 [&amp;_a]:text-secondary-500 [&amp;_a:focus-visible]:outline-none [&amp;_a:focus]:outline-none [&amp;_a:focus-visible]:ring-2 [&amp;_a:focus-visible]:ring-offset-2 [&amp;_a:focus-visible]:ring-secondary-500 [&amp;_a:focus-visible]:rounded-full [&amp;_+_*]:mt-xs [*_+_&amp;]:mt-xs [&amp;_+_.wp-block-group]:mt-m [&amp;_+_.wp-block-group]:md:mt-l [&amp;.text-caption_+_*]:!mt-xs [&amp;.text-caption_+_*]:md:!mt-xs aligndefault max-w-default mx-auto \" >\u00ab\u00a0<em>Plus que pro am\u00e8ne une solution pour faire grandir, le chef d&rsquo;entreprise doit apporter LA solution et la faire vivre. <strong>Si on n&rsquo;a pas envie, \u00e7a ne fonctionnera pas<\/strong><\/em>.\u00a0\u00bb<\/p>\n\n<p class=\"[&amp;_a]:underline [&amp;_a]:underline-offset-2 [&amp;_a]:text-secondary-500 [&amp;_a:focus-visible]:outline-none [&amp;_a:focus]:outline-none [&amp;_a:focus-visible]:ring-2 [&amp;_a:focus-visible]:ring-offset-2 [&amp;_a:focus-visible]:ring-secondary-500 [&amp;_a:focus-visible]:rounded-full [&amp;_+_*]:mt-xs [*_+_&amp;]:mt-xs [&amp;_+_.wp-block-group]:mt-m [&amp;_+_.wp-block-group]:md:mt-l [&amp;.text-caption_+_*]:!mt-xs [&amp;.text-caption_+_*]:md:!mt-xs aligndefault max-w-default mx-auto \" >Julien Feyfant \u2013 VI. Occasion<\/p>\n\n<p class=\"[&amp;_a]:underline [&amp;_a]:underline-offset-2 [&amp;_a]:text-secondary-500 [&amp;_a:focus-visible]:outline-none [&amp;_a:focus]:outline-none [&amp;_a:focus-visible]:ring-2 [&amp;_a:focus-visible]:ring-offset-2 [&amp;_a:focus-visible]:ring-secondary-500 [&amp;_a:focus-visible]:rounded-full [&amp;_+_*]:mt-xs [*_+_&amp;]:mt-xs [&amp;_+_.wp-block-group]:mt-m [&amp;_+_.wp-block-group]:md:mt-l [&amp;.text-caption_+_*]:!mt-xs [&amp;.text-caption_+_*]:md:!mt-xs aligndefault max-w-default mx-auto \" >\u00ab<em>\u00a0Si on ne marche pas main dans la main avec Plus que pro, on ne permet pas \u00e0 Plus que pro de mettre en avant la satisfaction des clients,<strong> il y a une collaboration qui est n\u00e9cessaire.<\/strong><\/em> \u00bb<\/p>\n\n<p class=\"[&amp;_a]:underline [&amp;_a]:underline-offset-2 [&amp;_a]:text-secondary-500 [&amp;_a:focus-visible]:outline-none [&amp;_a:focus]:outline-none [&amp;_a:focus-visible]:ring-2 [&amp;_a:focus-visible]:ring-offset-2 [&amp;_a:focus-visible]:ring-secondary-500 [&amp;_a:focus-visible]:rounded-full [&amp;_+_*]:mt-xs [*_+_&amp;]:mt-xs [&amp;_+_.wp-block-group]:mt-m [&amp;_+_.wp-block-group]:md:mt-l [&amp;.text-caption_+_*]:!mt-xs [&amp;.text-caption_+_*]:md:!mt-xs aligndefault max-w-default mx-auto \" >Claude Kelhetter \u2013 Entreprise individuelle<\/p>\n\n<p class=\"[&amp;_a]:underline [&amp;_a]:underline-offset-2 [&amp;_a]:text-secondary-500 [&amp;_a:focus-visible]:outline-none [&amp;_a:focus]:outline-none [&amp;_a:focus-visible]:ring-2 [&amp;_a:focus-visible]:ring-offset-2 [&amp;_a:focus-visible]:ring-secondary-500 [&amp;_a:focus-visible]:rounded-full [&amp;_+_*]:mt-xs [*_+_&amp;]:mt-xs [&amp;_+_.wp-block-group]:mt-m [&amp;_+_.wp-block-group]:md:mt-l [&amp;.text-caption_+_*]:!mt-xs [&amp;.text-caption_+_*]:md:!mt-xs aligndefault max-w-default mx-auto \" >\u00ab<em>\u00a0Au d\u00e9but c&rsquo;\u00e9tait difficile, on \u00e9tait pas 100% pr\u00eats, <strong>il faut travailler main dans la main<\/strong>.\u00a0<\/em>\u00bb<\/p>\n\n<h2 class=\"wp-block-heading text-balance [&amp;_+_*]:mt-m [&amp;_+_*]:md:mt-l [*_+_&amp;]:mt-m [*_+_&amp;]:md:mt-l [&amp;.text-caption_+_*]:!mt-xs [&amp;.text-caption_+_*]:md:!mt-xs [&amp;_a]:underline [&amp;_a]:underline-offset-2 [&amp;_a]:text-secondary-500 text-h2 aligndefault max-w-default mx-auto \" >&#8230;Et des r\u00e9sultats toujours au rendez-vous<\/h2>\n\n<p class=\"[&amp;_a]:underline [&amp;_a]:underline-offset-2 [&amp;_a]:text-secondary-500 [&amp;_a:focus-visible]:outline-none [&amp;_a:focus]:outline-none [&amp;_a:focus-visible]:ring-2 [&amp;_a:focus-visible]:ring-offset-2 [&amp;_a:focus-visible]:ring-secondary-500 [&amp;_a:focus-visible]:rounded-full [&amp;_+_*]:mt-xs [*_+_&amp;]:mt-xs [&amp;_+_.wp-block-group]:mt-m [&amp;_+_.wp-block-group]:md:mt-l [&amp;.text-caption_+_*]:!mt-xs [&amp;.text-caption_+_*]:md:!mt-xs aligndefault max-w-default mx-auto \" >Herv\u00e9 Rocheteau \u2013 Mister-Fi.com<\/p>\n\n<p class=\"[&amp;_a]:underline [&amp;_a]:underline-offset-2 [&amp;_a]:text-secondary-500 [&amp;_a:focus-visible]:outline-none [&amp;_a:focus]:outline-none [&amp;_a:focus-visible]:ring-2 [&amp;_a:focus-visible]:ring-offset-2 [&amp;_a:focus-visible]:ring-secondary-500 [&amp;_a:focus-visible]:rounded-full [&amp;_+_*]:mt-xs [*_+_&amp;]:mt-xs [&amp;_+_.wp-block-group]:mt-m [&amp;_+_.wp-block-group]:md:mt-l [&amp;.text-caption_+_*]:!mt-xs [&amp;.text-caption_+_*]:md:!mt-xs aligndefault max-w-default mx-auto \" >\u00ab\u00a0<em>Il y a quelques dossiers que j&rsquo;ai pu gagner gr\u00e2ce \u00e0 ces avis, l&rsquo;investissement de base est aujourd&rsquo;hui largement compens\u00e9.\u00a0 Donc pour l&rsquo;avenir, <strong>je n&rsquo;y vois que du positif<\/strong><\/em>.\u00bb<\/p>\n\n<p class=\"[&amp;_a]:underline [&amp;_a]:underline-offset-2 [&amp;_a]:text-secondary-500 [&amp;_a:focus-visible]:outline-none [&amp;_a:focus]:outline-none [&amp;_a:focus-visible]:ring-2 [&amp;_a:focus-visible]:ring-offset-2 [&amp;_a:focus-visible]:ring-secondary-500 [&amp;_a:focus-visible]:rounded-full [&amp;_+_*]:mt-xs [*_+_&amp;]:mt-xs [&amp;_+_.wp-block-group]:mt-m [&amp;_+_.wp-block-group]:md:mt-l [&amp;.text-caption_+_*]:!mt-xs [&amp;.text-caption_+_*]:md:!mt-xs aligndefault max-w-default mx-auto \" >Jonathan Bailly &#8211; Auto-\u00e9cole Cl\u00e9menceau<\/p>\n\n<p class=\"[&amp;_a]:underline [&amp;_a]:underline-offset-2 [&amp;_a]:text-secondary-500 [&amp;_a:focus-visible]:outline-none [&amp;_a:focus]:outline-none [&amp;_a:focus-visible]:ring-2 [&amp;_a:focus-visible]:ring-offset-2 [&amp;_a:focus-visible]:ring-secondary-500 [&amp;_a:focus-visible]:rounded-full [&amp;_+_*]:mt-xs [*_+_&amp;]:mt-xs [&amp;_+_.wp-block-group]:mt-m [&amp;_+_.wp-block-group]:md:mt-l [&amp;.text-caption_+_*]:!mt-xs [&amp;.text-caption_+_*]:md:!mt-xs aligndefault max-w-default mx-auto \" >\u00ab\u00a0<em>C&rsquo;est une vraie force de vente,<strong> on ne passe m\u00eame plus par la case devis quand on a Plus que pro<\/strong> puisqu&rsquo;on a la preuve en image que \u00e7a se passe bien pour tout le monde.<\/em>\u00a0\u00bb<\/p>\n\n<p class=\"[&amp;_a]:underline [&amp;_a]:underline-offset-2 [&amp;_a]:text-secondary-500 [&amp;_a:focus-visible]:outline-none [&amp;_a:focus]:outline-none [&amp;_a:focus-visible]:ring-2 [&amp;_a:focus-visible]:ring-offset-2 [&amp;_a:focus-visible]:ring-secondary-500 [&amp;_a:focus-visible]:rounded-full [&amp;_+_*]:mt-xs [*_+_&amp;]:mt-xs [&amp;_+_.wp-block-group]:mt-m [&amp;_+_.wp-block-group]:md:mt-l [&amp;.text-caption_+_*]:!mt-xs [&amp;.text-caption_+_*]:md:!mt-xs aligndefault max-w-default mx-auto \" >Rapha\u00ebl Ankri \u2013 Am\u00e9nagement D\u00e9coration Cuisine (A.D.C.)<\/p>\n\n<p class=\"[&amp;_a]:underline [&amp;_a]:underline-offset-2 [&amp;_a]:text-secondary-500 [&amp;_a:focus-visible]:outline-none [&amp;_a:focus]:outline-none [&amp;_a:focus-visible]:ring-2 [&amp;_a:focus-visible]:ring-offset-2 [&amp;_a:focus-visible]:ring-secondary-500 [&amp;_a:focus-visible]:rounded-full [&amp;_+_*]:mt-xs [*_+_&amp;]:mt-xs [&amp;_+_.wp-block-group]:mt-m [&amp;_+_.wp-block-group]:md:mt-l [&amp;.text-caption_+_*]:!mt-xs [&amp;.text-caption_+_*]:md:!mt-xs aligndefault max-w-default mx-auto \" >\u00ab\u00a0<em><strong>\u00c7a nous aide clairement \u00e0 signer des affaires<\/strong> donc aujourd&rsquo;hui, apr\u00e8s 4 mois, on a une bonne dizaine de clients qui ont \u00e9t\u00e9 influenc\u00e9s par Plus que pro.<\/em>\u00a0\u00bb<\/p>\n\n<p class=\"[&amp;_a]:underline [&amp;_a]:underline-offset-2 [&amp;_a]:text-secondary-500 [&amp;_a:focus-visible]:outline-none [&amp;_a:focus]:outline-none [&amp;_a:focus-visible]:ring-2 [&amp;_a:focus-visible]:ring-offset-2 [&amp;_a:focus-visible]:ring-secondary-500 [&amp;_a:focus-visible]:rounded-full [&amp;_+_*]:mt-xs [*_+_&amp;]:mt-xs [&amp;_+_.wp-block-group]:mt-m [&amp;_+_.wp-block-group]:md:mt-l [&amp;.text-caption_+_*]:!mt-xs [&amp;.text-caption_+_*]:md:!mt-xs aligndefault max-w-default mx-auto \" >Suite \u00e0 <a href=\"https:\/\/www.plus-que-pro-solution.fr\/enquete-ifop-2018\/\">l&rsquo;enqu\u00eate IFOP 2018<\/a> qui a r\u00e9v\u00e9l\u00e9 que <strong>90 % des membres du r\u00e9seau sont satisfaits par l&rsquo;accompagnement fourni<\/strong>, ces t\u00e9moignages confortent Plus que pro dans sa volont\u00e9 de faire aller ses adh\u00e9rents toujours plus loin.<\/p>\n\n<p class=\"[&amp;_a]:underline [&amp;_a]:underline-offset-2 [&amp;_a]:text-secondary-500 [&amp;_a:focus-visible]:outline-none [&amp;_a:focus]:outline-none [&amp;_a:focus-visible]:ring-2 [&amp;_a:focus-visible]:ring-offset-2 [&amp;_a:focus-visible]:ring-secondary-500 [&amp;_a:focus-visible]:rounded-full [&amp;_+_*]:mt-xs [*_+_&amp;]:mt-xs [&amp;_+_.wp-block-group]:mt-m [&amp;_+_.wp-block-group]:md:mt-l [&amp;.text-caption_+_*]:!mt-xs [&amp;.text-caption_+_*]:md:!mt-xs aligndefault max-w-default mx-auto \" >\u00a0<\/p>\n\n<h2 class=\"wp-block-heading text-balance [&amp;_+_*]:mt-m [&amp;_+_*]:md:mt-l [*_+_&amp;]:mt-m [*_+_&amp;]:md:mt-l [&amp;.text-caption_+_*]:!mt-xs [&amp;.text-caption_+_*]:md:!mt-xs [&amp;_a]:underline [&amp;_a]:underline-offset-2 [&amp;_a]:text-secondary-500 text-h2 aligndefault max-w-default mx-auto \" >D\u00e9couvrir tous les t\u00e9moignages en vid\u00e9o<\/h2>\n\n<p class=\"[&amp;_a]:underline [&amp;_a]:underline-offset-2 [&amp;_a]:text-secondary-500 [&amp;_a:focus-visible]:outline-none [&amp;_a:focus]:outline-none [&amp;_a:focus-visible]:ring-2 [&amp;_a:focus-visible]:ring-offset-2 [&amp;_a:focus-visible]:ring-secondary-500 [&amp;_a:focus-visible]:rounded-full [&amp;_+_*]:mt-xs [*_+_&amp;]:mt-xs [&amp;_+_.wp-block-group]:mt-m [&amp;_+_.wp-block-group]:md:mt-l [&amp;.text-caption_+_*]:!mt-xs [&amp;.text-caption_+_*]:md:!mt-xs aligndefault max-w-default mx-auto \" >\u00a0<\/p>\n\n<figure class=\"wp-block-embed relative aligndefault max-w-default mx-auto [&amp;_lite-youtube]:w-full [&amp;_lite-youtube]:h-full [&amp;_lite-youtube]:rounded-media [&amp;_lite-youtube]:aspect-video [&amp;_lite-youtube]:mx-auto [&amp;_lite-youtube]:max-w-default [&amp;.alignfull_&gt;_lite-youtube]:rounded-none [&amp;.alignfull_&gt;_figcaption]:pl-global-padding \" >\n<lite-youtube js-api params=\"enablejsapi=1&#038;autoplay=0\" videoid=\"embed\/bWSkllScjBU\" title=\"T\u00e9moignage d\u2019adh\u00e9rents Plus que pro\" width=\"500\" height=\"281\" data-src=\"https:\/\/www.youtube.com\/embed\/bWSkllScjBU?feature=oembed\" frameborder=\"0\" allow=\"accelerometer; autoplay; clipboard-write; encrypted-media; gyroscope; picture-in-picture; web-share\" referrerpolicy=\"strict-origin-when-cross-origin\" allowfullscreen><\/lite-youtube>\n<div x-on:click.stop=\"\" class=\"youtube-consent-overlay flex relative items-center text-center rounded-sm p-global-padding bg-primary-950 gap-s flex-col\" ><div class=\"text-white has-text-color\" >La lecture des vid\u00e9os Youtube est conditionn\u00e9e au d\u00e9p\u00f4t de cookies sur votre terminal pour permettre la diffusion des vid\u00e9os, mais \u00e9galement pour des finalit\u00e9s publicitaires. En cliquant sur \u00ab\u00a0Autoriser\u00a0\u00bb, vous consentez au d\u00e9p\u00f4t de cookies pour l&rsquo;ensemble des finalit\u00e9s.<\/div><a target=\"_blank\" href=\"https:\/\/policies.google.com\/privacy?hl=fr&amp;gl=fr\" class=\"text-white underline focus-visible:outline-none focus:outline-none focus-visible:ring-2 focus-visible:ring-offset-2 focus-visible:ring-secondary-500 rounded-full\" >Consulter la politique de confidentialit\u00e9 de Youtube<\/a><div class=\"justify-center wp-block-buttons flex flex-col md:flex-row items-start gap-7\" ><button x-data=\"{\n            init() {\n                window.didomiOnReady = window.didomiOnReady || [];\n                window.didomiOnReady.push((Didomi) =&gt; {\n                    Didomi.getObservableOnUserConsentStatusForVendor(&quot;c:youtube-axWT9ZeX&quot;).subscribe(\n                        (consentStatus) =&gt; {\n                            if (consentStatus === true) {\n                                this.showAllVideos();\n                            }\n                        }\n                    );\n                });\n            },\n            showAllVideos() {\n\t\t\t\tconst liteYoutubes = document.querySelectorAll(&quot;lite-youtube&quot;);\n\t\t\t\tif (liteYoutubes.length === 0) {\n\t\t\t\t\treturn;\n\t\t\t\t}\n\n\t\t\t\tliteYoutubes.forEach((liteYoutube) =&gt; {\n\t\t\t\t\tconst src = liteYoutube.getAttribute(&quot;data-src&quot;);\n\t\t\t\t\tliteYoutube.setAttribute(&quot;src&quot;, src);\n\t\t\t\t});\n\n\t\t\t\tconst overlays = document.querySelectorAll(&quot;.youtube-consent-overlay&quot;);\n\t\t\t\tif (overlays.length === 0) {\n\t\t\t\t\treturn;\n\t\t\t\t}\n\n\t\t\t\toverlays.forEach((overlay) =&gt; {\n\t\t\t\t\toverlay.style.display = &quot;none&quot;;\n\t\t\t\t});\n            },\n            handleYoutubeConsent() {\n                if (typeof Didomi === &quot;undefined&quot;) {\n                    return;\n                }\n\n                const youtubeVendor = Didomi.getVendorById(&quot;c:youtube-axWT9ZeX&quot;);\n                if (!youtubeVendor) {\n                    return;\n                }\n                const transaction = Didomi.openCurrentUserStatusTransaction();\n                transaction.enableVendor(youtubeVendor.didomiId);\n                transaction.enablePurposes(youtubeVendor.purposeIds);\n                transaction.commit();\n            }\n        }\" x-on:click=\"handleYoutubeConsent()\" x-on:init=\"init()\" class=\"flex-none border-2 inline-flex items-center gap-2 py-3 px-6 rounded-full is-style-fill text-white border-secondary-500 bg-secondary-500 hover:border-secondary-600 hover:bg-secondary-600 transition ease-in duration-300 disabled:bg-secondary-200 disabled:border-secondary-200\" >Autoriser<\/button><\/div><\/div> <figcaption class=\"text-caption text-deep-300 has-text-color \" ><\/figcaption><\/figure>","protected":false},"excerpt":{"rendered":"<p>Plus que pro accompagne ses adh\u00e9rents au quotidien pour digitaliser leur entreprise et d\u00e9cupler leur bouche \u00e0 oreille, sur la base de la satisfaction client.<br \/>\n Cette plateforme de recommandation r\u00e9unit donc des soci\u00e9t\u00e9s de qualit\u00e9, qui ont \u00e0 c\u0153ur le travail bien fait.<br \/>\n Forte de ces valeurs, Plus que pro met tout en \u0153uvre pour satisfaire les membres du r\u00e9seau et les mener sur le chemin de la r\u00e9ussite.<br \/>\n Une relation donnant-donnant avec leur coach en satisfaction client, construite pour faire fructifier leurs efforts.<\/p>\n<p>Voici le retour d&rsquo;exp\u00e9rience de quelques dirigeants Plus que pro.<\/p>\n","protected":false},"author":4,"featured_media":17879,"comment_status":"open","ping_status":"open","sticky":false,"template":"","format":"standard","meta":{"footnotes":""},"categories":[6],"tags":[],"class_list":["post-6735","post","type-post","status-publish","format-standard","has-post-thumbnail","hentry","category-nos-actualites"],"yoast_head":"<title>Nos adh\u00e9rents reccomandent la solution Plus que pro<\/title>\n<meta name=\"description\" content=\"D\u00e9couvrez les t\u00e9moignages vid\u00e9os de nos adh\u00e9rents quant \u00e0 l&#039;application de la m\u00e9thode Plus que pro et de ses r\u00e9sultats ; une relation donnant-donnant !\" \/>\n<meta name=\"robots\" content=\"index, follow, max-snippet:-1, max-image-preview:large, max-video-preview:-1\" \/>\n<link rel=\"canonical\" href=\"https:\/\/www.plus-que-pro-distribution.fr\/plus-que-pro-une-entreprise-recommandee-par-ses-adherents\/\" \/>\n<meta property=\"og:locale\" content=\"fr_FR\" \/>\n<meta property=\"og:type\" content=\"article\" \/>\n<meta property=\"og:title\" content=\"Nos adh\u00e9rents reccomandent la solution Plus que pro\" \/>\n<meta property=\"og:description\" content=\"D\u00e9couvrez les t\u00e9moignages vid\u00e9os de nos adh\u00e9rents quant \u00e0 l&#039;application de la m\u00e9thode Plus que pro et de ses r\u00e9sultats ; une relation donnant-donnant !\" \/>\n<meta property=\"og:url\" content=\"https:\/\/www.plus-que-pro-distribution.fr\/plus-que-pro-une-entreprise-recommandee-par-ses-adherents\/\" \/>\n<meta property=\"og:site_name\" content=\"Plus que pro - Distribution\" \/>\n<meta property=\"article:publisher\" content=\"https:\/\/www.facebook.com\/Plusquepro\/\" \/>\n<meta property=\"article:published_time\" content=\"2018-11-12T13:18:46+00:00\" \/>\n<meta property=\"article:modified_time\" content=\"2025-02-19T13:29:03+00:00\" \/>\n<meta property=\"og:image\" content=\"https:\/\/www.plus-que-pro-distribution.fr\/uploads\/Temoignages-dadherents-Plus-que-pro.jpg\" \/>\n\t<meta property=\"og:image:width\" content=\"1493\" \/>\n\t<meta property=\"og:image:height\" content=\"645\" \/>\n\t<meta property=\"og:image:type\" content=\"image\/jpeg\" \/>\n<meta name=\"author\" content=\"Jean\" \/>\n<meta name=\"twitter:card\" content=\"summary_large_image\" \/>\n<meta name=\"twitter:label1\" content=\"Written by\" \/>\n\t<meta name=\"twitter:data1\" content=\"Jean\" \/>\n\t<meta name=\"twitter:label2\" content=\"Est. reading time\" \/>\n\t<meta name=\"twitter:data2\" content=\"3 minutes\" \/>\n<script type=\"application\/ld+json\" class=\"yoast-schema-graph\">{\"@context\":\"https:\/\/schema.org\",\"@graph\":[{\"@type\":\"Article\",\"@id\":\"https:\/\/www.plus-que-pro-distribution.fr\/plus-que-pro-une-entreprise-recommandee-par-ses-adherents\/#article\",\"isPartOf\":{\"@id\":\"https:\/\/www.plus-que-pro-distribution.fr\/plus-que-pro-une-entreprise-recommandee-par-ses-adherents\/\"},\"author\":{\"name\":\"Jean\",\"@id\":\"https:\/\/www.plus-que-pro-distribution.fr\/#\/schema\/person\/751af92e7c43e3eeb98f4f63875e4ceb\"},\"headline\":\"Plus que pro, une entreprise recommand\u00e9e par ses adh\u00e9rents\",\"datePublished\":\"2018-11-12T13:18:46+00:00\",\"dateModified\":\"2025-02-19T13:29:03+00:00\",\"mainEntityOfPage\":{\"@id\":\"https:\/\/www.plus-que-pro-distribution.fr\/plus-que-pro-une-entreprise-recommandee-par-ses-adherents\/\"},\"wordCount\":416,\"commentCount\":0,\"publisher\":{\"@id\":\"https:\/\/www.plus-que-pro-distribution.fr\/#organization\"},\"image\":{\"@id\":\"https:\/\/www.plus-que-pro-distribution.fr\/plus-que-pro-une-entreprise-recommandee-par-ses-adherents\/#primaryimage\"},\"thumbnailUrl\":\"https:\/\/www.plus-que-pro-distribution.fr\/uploads\/Temoignages-dadherents-Plus-que-pro.jpg\",\"articleSection\":[\"Nos actualit\u00e9s\"],\"inLanguage\":\"fr-FR\",\"potentialAction\":[{\"@type\":\"CommentAction\",\"name\":\"Comment\",\"target\":[\"https:\/\/www.plus-que-pro-distribution.fr\/plus-que-pro-une-entreprise-recommandee-par-ses-adherents\/#respond\"]}]},{\"@type\":\"WebPage\",\"@id\":\"https:\/\/www.plus-que-pro-distribution.fr\/plus-que-pro-une-entreprise-recommandee-par-ses-adherents\/\",\"url\":\"https:\/\/www.plus-que-pro-distribution.fr\/plus-que-pro-une-entreprise-recommandee-par-ses-adherents\/\",\"name\":\"Nos adh\u00e9rents reccomandent la solution Plus que pro\",\"isPartOf\":{\"@id\":\"https:\/\/www.plus-que-pro-distribution.fr\/#website\"},\"primaryImageOfPage\":{\"@id\":\"https:\/\/www.plus-que-pro-distribution.fr\/plus-que-pro-une-entreprise-recommandee-par-ses-adherents\/#primaryimage\"},\"image\":{\"@id\":\"https:\/\/www.plus-que-pro-distribution.fr\/plus-que-pro-une-entreprise-recommandee-par-ses-adherents\/#primaryimage\"},\"thumbnailUrl\":\"https:\/\/www.plus-que-pro-distribution.fr\/uploads\/Temoignages-dadherents-Plus-que-pro.jpg\",\"datePublished\":\"2018-11-12T13:18:46+00:00\",\"dateModified\":\"2025-02-19T13:29:03+00:00\",\"description\":\"D\u00e9couvrez les t\u00e9moignages vid\u00e9os de nos adh\u00e9rents quant \u00e0 l'application de la m\u00e9thode Plus que pro et de ses r\u00e9sultats ; une relation donnant-donnant !\",\"breadcrumb\":{\"@id\":\"https:\/\/www.plus-que-pro-distribution.fr\/plus-que-pro-une-entreprise-recommandee-par-ses-adherents\/#breadcrumb\"},\"inLanguage\":\"fr-FR\",\"potentialAction\":[{\"@type\":\"ReadAction\",\"target\":[\"https:\/\/www.plus-que-pro-distribution.fr\/plus-que-pro-une-entreprise-recommandee-par-ses-adherents\/\"]}]},{\"@type\":\"ImageObject\",\"inLanguage\":\"fr-FR\",\"@id\":\"https:\/\/www.plus-que-pro-distribution.fr\/plus-que-pro-une-entreprise-recommandee-par-ses-adherents\/#primaryimage\",\"url\":\"https:\/\/www.plus-que-pro-distribution.fr\/uploads\/Temoignages-dadherents-Plus-que-pro.jpg\",\"contentUrl\":\"https:\/\/www.plus-que-pro-distribution.fr\/uploads\/Temoignages-dadherents-Plus-que-pro.jpg\",\"width\":1493,\"height\":645,\"caption\":\"T\u00e9moignages d'adh\u00e9rents Plus que pro\"},{\"@type\":\"BreadcrumbList\",\"@id\":\"https:\/\/www.plus-que-pro-distribution.fr\/plus-que-pro-une-entreprise-recommandee-par-ses-adherents\/#breadcrumb\",\"itemListElement\":[{\"@type\":\"ListItem\",\"position\":1,\"name\":\"Home\",\"item\":\"https:\/\/www.plus-que-pro-distribution.fr\/\"},{\"@type\":\"ListItem\",\"position\":2,\"name\":\"Plus que pro, une entreprise recommand\u00e9e par ses adh\u00e9rents\"}]},{\"@type\":\"WebSite\",\"@id\":\"https:\/\/www.plus-que-pro-distribution.fr\/#website\",\"url\":\"https:\/\/www.plus-que-pro-distribution.fr\/\",\"name\":\"Plus que pro distribution\",\"description\":\"\",\"publisher\":{\"@id\":\"https:\/\/www.plus-que-pro-distribution.fr\/#organization\"},\"potentialAction\":[{\"@type\":\"SearchAction\",\"target\":{\"@type\":\"EntryPoint\",\"urlTemplate\":\"https:\/\/www.plus-que-pro-distribution.fr\/?s={search_term_string}\"},\"query-input\":{\"@type\":\"PropertyValueSpecification\",\"valueRequired\":true,\"valueName\":\"search_term_string\"}}],\"inLanguage\":\"fr-FR\"},{\"@type\":\"Organization\",\"@id\":\"https:\/\/www.plus-que-pro-distribution.fr\/#organization\",\"name\":\"Plus que pro distribution\",\"url\":\"https:\/\/www.plus-que-pro-distribution.fr\/\",\"logo\":{\"@type\":\"ImageObject\",\"inLanguage\":\"fr-FR\",\"@id\":\"https:\/\/www.plus-que-pro-distribution.fr\/#\/schema\/logo\/image\/\",\"url\":\"https:\/\/www.plus-que-pro-distribution.fr\/uploads\/logo-pqp-distribution.svg\",\"contentUrl\":\"https:\/\/www.plus-que-pro-distribution.fr\/uploads\/logo-pqp-distribution.svg\",\"width\":144,\"height\":34,\"caption\":\"Plus que pro distribution\"},\"image\":{\"@id\":\"https:\/\/www.plus-que-pro-distribution.fr\/#\/schema\/logo\/image\/\"},\"sameAs\":[\"https:\/\/www.facebook.com\/Plusquepro\/\"]},{\"@type\":\"Person\",\"@id\":\"https:\/\/www.plus-que-pro-distribution.fr\/#\/schema\/person\/751af92e7c43e3eeb98f4f63875e4ceb\",\"name\":\"Jean\",\"image\":{\"@type\":\"ImageObject\",\"inLanguage\":\"fr-FR\",\"@id\":\"https:\/\/www.plus-que-pro-distribution.fr\/#\/schema\/person\/image\/\",\"url\":\"https:\/\/secure.gravatar.com\/avatar\/aac25d1e3a248ba1be7404ccf9581f1a78704d8a0e292c792ed971a596325c72?s=96&d=mm&r=g\",\"contentUrl\":\"https:\/\/secure.gravatar.com\/avatar\/aac25d1e3a248ba1be7404ccf9581f1a78704d8a0e292c792ed971a596325c72?s=96&d=mm&r=g\",\"caption\":\"Jean\"}}]}<\/script>","yoast_head_json":{"title":"Nos adh\u00e9rents reccomandent la solution Plus que pro","description":"D\u00e9couvrez les t\u00e9moignages vid\u00e9os de nos adh\u00e9rents quant \u00e0 l'application de la m\u00e9thode Plus que pro et de ses r\u00e9sultats ; une relation donnant-donnant !","robots":{"index":"index","follow":"follow","max-snippet":"max-snippet:-1","max-image-preview":"max-image-preview:large","max-video-preview":"max-video-preview:-1"},"canonical":"https:\/\/www.plus-que-pro-distribution.fr\/plus-que-pro-une-entreprise-recommandee-par-ses-adherents\/","og_locale":"fr_FR","og_type":"article","og_title":"Nos adh\u00e9rents reccomandent la solution Plus que pro","og_description":"D\u00e9couvrez les t\u00e9moignages vid\u00e9os de nos adh\u00e9rents quant \u00e0 l'application de la m\u00e9thode Plus que pro et de ses r\u00e9sultats ; une relation donnant-donnant !","og_url":"https:\/\/www.plus-que-pro-distribution.fr\/plus-que-pro-une-entreprise-recommandee-par-ses-adherents\/","og_site_name":"Plus que pro - Distribution","article_publisher":"https:\/\/www.facebook.com\/Plusquepro\/","article_published_time":"2018-11-12T13:18:46+00:00","article_modified_time":"2025-02-19T13:29:03+00:00","og_image":[{"width":1493,"height":645,"url":"https:\/\/www.plus-que-pro-distribution.fr\/uploads\/Temoignages-dadherents-Plus-que-pro.jpg","type":"image\/jpeg"}],"author":"Jean","twitter_card":"summary_large_image","twitter_misc":{"Written by":"Jean","Est. reading time":"3 minutes"},"schema":{"@context":"https:\/\/schema.org","@graph":[{"@type":"Article","@id":"https:\/\/www.plus-que-pro-distribution.fr\/plus-que-pro-une-entreprise-recommandee-par-ses-adherents\/#article","isPartOf":{"@id":"https:\/\/www.plus-que-pro-distribution.fr\/plus-que-pro-une-entreprise-recommandee-par-ses-adherents\/"},"author":{"name":"Jean","@id":"https:\/\/www.plus-que-pro-distribution.fr\/#\/schema\/person\/751af92e7c43e3eeb98f4f63875e4ceb"},"headline":"Plus que pro, une entreprise recommand\u00e9e par ses adh\u00e9rents","datePublished":"2018-11-12T13:18:46+00:00","dateModified":"2025-02-19T13:29:03+00:00","mainEntityOfPage":{"@id":"https:\/\/www.plus-que-pro-distribution.fr\/plus-que-pro-une-entreprise-recommandee-par-ses-adherents\/"},"wordCount":416,"commentCount":0,"publisher":{"@id":"https:\/\/www.plus-que-pro-distribution.fr\/#organization"},"image":{"@id":"https:\/\/www.plus-que-pro-distribution.fr\/plus-que-pro-une-entreprise-recommandee-par-ses-adherents\/#primaryimage"},"thumbnailUrl":"https:\/\/www.plus-que-pro-distribution.fr\/uploads\/Temoignages-dadherents-Plus-que-pro.jpg","articleSection":["Nos actualit\u00e9s"],"inLanguage":"fr-FR","potentialAction":[{"@type":"CommentAction","name":"Comment","target":["https:\/\/www.plus-que-pro-distribution.fr\/plus-que-pro-une-entreprise-recommandee-par-ses-adherents\/#respond"]}]},{"@type":"WebPage","@id":"https:\/\/www.plus-que-pro-distribution.fr\/plus-que-pro-une-entreprise-recommandee-par-ses-adherents\/","url":"https:\/\/www.plus-que-pro-distribution.fr\/plus-que-pro-une-entreprise-recommandee-par-ses-adherents\/","name":"Nos adh\u00e9rents reccomandent la solution Plus que pro","isPartOf":{"@id":"https:\/\/www.plus-que-pro-distribution.fr\/#website"},"primaryImageOfPage":{"@id":"https:\/\/www.plus-que-pro-distribution.fr\/plus-que-pro-une-entreprise-recommandee-par-ses-adherents\/#primaryimage"},"image":{"@id":"https:\/\/www.plus-que-pro-distribution.fr\/plus-que-pro-une-entreprise-recommandee-par-ses-adherents\/#primaryimage"},"thumbnailUrl":"https:\/\/www.plus-que-pro-distribution.fr\/uploads\/Temoignages-dadherents-Plus-que-pro.jpg","datePublished":"2018-11-12T13:18:46+00:00","dateModified":"2025-02-19T13:29:03+00:00","description":"D\u00e9couvrez les t\u00e9moignages vid\u00e9os de nos adh\u00e9rents quant \u00e0 l'application de la m\u00e9thode Plus que pro et de ses r\u00e9sultats ; une relation donnant-donnant !","breadcrumb":{"@id":"https:\/\/www.plus-que-pro-distribution.fr\/plus-que-pro-une-entreprise-recommandee-par-ses-adherents\/#breadcrumb"},"inLanguage":"fr-FR","potentialAction":[{"@type":"ReadAction","target":["https:\/\/www.plus-que-pro-distribution.fr\/plus-que-pro-une-entreprise-recommandee-par-ses-adherents\/"]}]},{"@type":"ImageObject","inLanguage":"fr-FR","@id":"https:\/\/www.plus-que-pro-distribution.fr\/plus-que-pro-une-entreprise-recommandee-par-ses-adherents\/#primaryimage","url":"https:\/\/www.plus-que-pro-distribution.fr\/uploads\/Temoignages-dadherents-Plus-que-pro.jpg","contentUrl":"https:\/\/www.plus-que-pro-distribution.fr\/uploads\/Temoignages-dadherents-Plus-que-pro.jpg","width":1493,"height":645,"caption":"T\u00e9moignages d'adh\u00e9rents Plus que pro"},{"@type":"BreadcrumbList","@id":"https:\/\/www.plus-que-pro-distribution.fr\/plus-que-pro-une-entreprise-recommandee-par-ses-adherents\/#breadcrumb","itemListElement":[{"@type":"ListItem","position":1,"name":"Home","item":"https:\/\/www.plus-que-pro-distribution.fr\/"},{"@type":"ListItem","position":2,"name":"Plus que pro, une entreprise recommand\u00e9e par ses adh\u00e9rents"}]},{"@type":"WebSite","@id":"https:\/\/www.plus-que-pro-distribution.fr\/#website","url":"https:\/\/www.plus-que-pro-distribution.fr\/","name":"Plus que pro distribution","description":"","publisher":{"@id":"https:\/\/www.plus-que-pro-distribution.fr\/#organization"},"potentialAction":[{"@type":"SearchAction","target":{"@type":"EntryPoint","urlTemplate":"https:\/\/www.plus-que-pro-distribution.fr\/?s={search_term_string}"},"query-input":{"@type":"PropertyValueSpecification","valueRequired":true,"valueName":"search_term_string"}}],"inLanguage":"fr-FR"},{"@type":"Organization","@id":"https:\/\/www.plus-que-pro-distribution.fr\/#organization","name":"Plus que pro distribution","url":"https:\/\/www.plus-que-pro-distribution.fr\/","logo":{"@type":"ImageObject","inLanguage":"fr-FR","@id":"https:\/\/www.plus-que-pro-distribution.fr\/#\/schema\/logo\/image\/","url":"https:\/\/www.plus-que-pro-distribution.fr\/uploads\/logo-pqp-distribution.svg","contentUrl":"https:\/\/www.plus-que-pro-distribution.fr\/uploads\/logo-pqp-distribution.svg","width":144,"height":34,"caption":"Plus que pro distribution"},"image":{"@id":"https:\/\/www.plus-que-pro-distribution.fr\/#\/schema\/logo\/image\/"},"sameAs":["https:\/\/www.facebook.com\/Plusquepro\/"]},{"@type":"Person","@id":"https:\/\/www.plus-que-pro-distribution.fr\/#\/schema\/person\/751af92e7c43e3eeb98f4f63875e4ceb","name":"Jean","image":{"@type":"ImageObject","inLanguage":"fr-FR","@id":"https:\/\/www.plus-que-pro-distribution.fr\/#\/schema\/person\/image\/","url":"https:\/\/secure.gravatar.com\/avatar\/aac25d1e3a248ba1be7404ccf9581f1a78704d8a0e292c792ed971a596325c72?s=96&d=mm&r=g","contentUrl":"https:\/\/secure.gravatar.com\/avatar\/aac25d1e3a248ba1be7404ccf9581f1a78704d8a0e292c792ed971a596325c72?s=96&d=mm&r=g","caption":"Jean"}}]}},"_links":{"self":[{"href":"https:\/\/www.plus-que-pro-distribution.fr\/api\/wp\/v2\/posts\/6735","targetHints":{"allow":["GET"]}}],"collection":[{"href":"https:\/\/www.plus-que-pro-distribution.fr\/api\/wp\/v2\/posts"}],"about":[{"href":"https:\/\/www.plus-que-pro-distribution.fr\/api\/wp\/v2\/types\/post"}],"author":[{"embeddable":true,"href":"https:\/\/www.plus-que-pro-distribution.fr\/api\/wp\/v2\/users\/4"}],"replies":[{"embeddable":true,"href":"https:\/\/www.plus-que-pro-distribution.fr\/api\/wp\/v2\/comments?post=6735"}],"version-history":[{"count":2,"href":"https:\/\/www.plus-que-pro-distribution.fr\/api\/wp\/v2\/posts\/6735\/revisions"}],"predecessor-version":[{"id":18319,"href":"https:\/\/www.plus-que-pro-distribution.fr\/api\/wp\/v2\/posts\/6735\/revisions\/18319"}],"wp:featuredmedia":[{"embeddable":true,"href":"https:\/\/www.plus-que-pro-distribution.fr\/api\/wp\/v2\/media\/17879"}],"wp:attachment":[{"href":"https:\/\/www.plus-que-pro-distribution.fr\/api\/wp\/v2\/media?parent=6735"}],"wp:term":[{"taxonomy":"category","embeddable":true,"href":"https:\/\/www.plus-que-pro-distribution.fr\/api\/wp\/v2\/categories?post=6735"},{"taxonomy":"post_tag","embeddable":true,"href":"https:\/\/www.plus-que-pro-distribution.fr\/api\/wp\/v2\/tags?post=6735"}],"curies":[{"name":"wp","href":"https:\/\/api.w.org\/{rel}","templated":true}]}}