{"id":5552,"date":"2018-05-18T08:15:29","date_gmt":"2018-05-18T08:15:29","guid":{"rendered":"https:\/\/www.network-plus-que-pro.fr\/?p=5552"},"modified":"2025-01-15T12:11:52","modified_gmt":"2025-01-15T11:11:52","slug":"temoignage-et-ressenti-de-xavier-legrand-3eme-licencie-de-marque-15-jours-apres-ses-debuts","status":"publish","type":"post","link":"https:\/\/www.plus-que-pro-distribution.fr\/temoignage-et-ressenti-de-xavier-legrand-3eme-licencie-de-marque-15-jours-apres-ses-debuts\/","title":{"rendered":"T\u00e9moignage et ressenti de Xavier Legrand, 3\u00e8me licenci\u00e9 de marque, 15 jours apr\u00e8s ses d\u00e9buts"},"content":{"rendered":"<p class=\"[&amp;_a]:underline [&amp;_a]:underline-offset-2 [&amp;_a]:text-secondary-500 [&amp;_a:focus-visible]:outline-none [&amp;_a:focus]:outline-none [&amp;_a:focus-visible]:ring-2 [&amp;_a:focus-visible]:ring-offset-2 [&amp;_a:focus-visible]:ring-secondary-500 [&amp;_a:focus-visible]:rounded-full [&amp;_+_*]:mt-xs [*_+_&amp;]:mt-xs [&amp;_+_.wp-block-group]:mt-m [&amp;_+_.wp-block-group]:md:mt-l [&amp;.text-caption_+_*]:!mt-xs [&amp;.text-caption_+_*]:md:!mt-xs aligndefault max-w-default mx-auto \" >Le r\u00e9seau Plus que pro se d\u00e9veloppe en licence de marque dans toute la France depuis le d\u00e9but de l\u2019ann\u00e9e 2018 et a accueilli il y a quelques semaines son 3\u00e8me partenaire, Xavier Legrand, dans le secteur de la\u00a0<strong>Seine et Marne (77)<\/strong>.<br>\n15 jours apr\u00e8s ses d\u00e9buts, celui-ci se confie sur son ressenti et ses impressions quant \u00e0 sa collaboration avec le r\u00e9seau des Meilleures Entreprise de France.<\/p>\n\n<figure class=\"block m-0  text-center\" ><img decoding=\"async\" src=\"https:\/\/www.rejoindre-plus-que-pro.fr\/wp-content\/uploads\/2018\/04\/network-plus-que-pro.png\" alt=\"Network Plus que pro\" class=\"inline-block rounded-tr-media rounded-tl-media rounded-bl-media rounded-br-media \" ><\/figure>\n\n<p class=\"[&amp;_a]:underline [&amp;_a]:underline-offset-2 [&amp;_a]:text-secondary-500 [&amp;_a:focus-visible]:outline-none [&amp;_a:focus]:outline-none [&amp;_a:focus-visible]:ring-2 [&amp;_a:focus-visible]:ring-offset-2 [&amp;_a:focus-visible]:ring-secondary-500 [&amp;_a:focus-visible]:rounded-full [&amp;_+_*]:mt-xs [*_+_&amp;]:mt-xs [&amp;_+_.wp-block-group]:mt-m [&amp;_+_.wp-block-group]:md:mt-l [&amp;.text-caption_+_*]:!mt-xs [&amp;.text-caption_+_*]:md:!mt-xs aligndefault max-w-default mx-auto \" ><\/p>\n\n<h2 class=\"wp-block-heading text-balance [&amp;_+_*]:mt-m [&amp;_+_*]:md:mt-l [*_+_&amp;]:mt-m [*_+_&amp;]:md:mt-l [&amp;.text-caption_+_*]:!mt-xs [&amp;.text-caption_+_*]:md:!mt-xs [&amp;_a]:underline [&amp;_a]:underline-offset-2 [&amp;_a]:text-secondary-500 text-h2 aligndefault max-w-default mx-auto \" >Une formation th\u00e9orique accompagn\u00e9e d\u2019un apprentissage terrain b\u00e9n\u00e9fique<\/h2>\n\n<p class=\"[&amp;_a]:underline [&amp;_a]:underline-offset-2 [&amp;_a]:text-secondary-500 [&amp;_a:focus-visible]:outline-none [&amp;_a:focus]:outline-none [&amp;_a:focus-visible]:ring-2 [&amp;_a:focus-visible]:ring-offset-2 [&amp;_a:focus-visible]:ring-secondary-500 [&amp;_a:focus-visible]:rounded-full [&amp;_+_*]:mt-xs [*_+_&amp;]:mt-xs [&amp;_+_.wp-block-group]:mt-m [&amp;_+_.wp-block-group]:md:mt-l [&amp;.text-caption_+_*]:!mt-xs [&amp;.text-caption_+_*]:md:!mt-xs aligndefault max-w-default mx-auto \" >Xavier Legrand a suivi\u00a0<strong>une formation initiale de 5 jours \u00e0 Strasbourg<\/strong>\u00a0:<em>\u00a0\u00ab\u00a0Ces 5 jours ont \u00e9t\u00e9 intenses et denses, j\u2019ai bien appris ce qu\u2019est la t\u00e9l\u00e9prospection. J\u2019ai \u00e9t\u00e9 form\u00e9 par le call center et \u00e7a m\u2019a \u00e9t\u00e9 tr\u00e8s b\u00e9n\u00e9fique.\u00a0\u00bb<\/em><br>\nIl a \u00e9t\u00e9 initialement re\u00e7u par toute l\u2019\u00e9quipe, puis a poursuivi sa formation avec Bruno.\u00a0<em>\u00ab\u00a0Il m\u2019a fait comprendre ce qu\u2019\u00e9tait le r\u00e9seau Plus que pro. \u00bb<\/em><br>\nXavier Legrand est tr\u00e8s satisfait de ce cursus. En se rendant dans les locaux de Plus que pro, il a notamment pu avoir un aper\u00e7u de la bonne ambiance qui y r\u00e8gne.<\/p>\n\n<h2 class=\"wp-block-heading text-balance [&amp;_+_*]:mt-m [&amp;_+_*]:md:mt-l [*_+_&amp;]:mt-m [*_+_&amp;]:md:mt-l [&amp;.text-caption_+_*]:!mt-xs [&amp;.text-caption_+_*]:md:!mt-xs [&amp;_a]:underline [&amp;_a]:underline-offset-2 [&amp;_a]:text-secondary-500 text-h2 aligndefault max-w-default mx-auto \" >Un d\u00e9but prometteur\u2026<\/h2>\n\n<p class=\"[&amp;_a]:underline [&amp;_a]:underline-offset-2 [&amp;_a]:text-secondary-500 [&amp;_a:focus-visible]:outline-none [&amp;_a:focus]:outline-none [&amp;_a:focus-visible]:ring-2 [&amp;_a:focus-visible]:ring-offset-2 [&amp;_a:focus-visible]:ring-secondary-500 [&amp;_a:focus-visible]:rounded-full [&amp;_+_*]:mt-xs [*_+_&amp;]:mt-xs [&amp;_+_.wp-block-group]:mt-m [&amp;_+_.wp-block-group]:md:mt-l [&amp;.text-caption_+_*]:!mt-xs [&amp;.text-caption_+_*]:md:!mt-xs aligndefault max-w-default mx-auto \" >Apr\u00e8s les 5 jours de formation \u00e0 Strasbourg, Xavier Legrand est revenu sur ses terres, en\u00a0<strong>Seine et Marne (77)<\/strong>. En 2 jours, il concr\u00e9tise 4 commandes,\u00a0<em>\u00ab\u00a0c\u2019est\u00a0<strong>un retour fructueux<\/strong>\u00a0! J\u2019apprends avec Carlo \u00e0 effectuer sur le terrain les meilleures d\u00e9monstrations commerciales possibles.\u00a0<strong>J\u2019apprends vite et j\u2019apprends bien gr\u00e2ce \u00e0 vous !<\/strong>\u00a0\u00bb<\/em><br>\nMais ce chef d\u2019entreprise ambitieux ne compte pas s\u2019arr\u00eater l\u00e0\u00a0!\u00a0<strong>Il se fixe des objectifs audacieux<\/strong>\u00a0:\u00a0<em>\u00ab\u00a0J\u2019ai encore 4 rendez-vous et au bout de la premi\u00e8re semaine j\u2019esp\u00e8re arriver \u00e0 6 contrats sign\u00e9s\u00a0!\u00a0\u00bb<\/em><\/p>\n\n<h2 class=\"wp-block-heading text-balance [&amp;_+_*]:mt-m [&amp;_+_*]:md:mt-l [*_+_&amp;]:mt-m [*_+_&amp;]:md:mt-l [&amp;.text-caption_+_*]:!mt-xs [&amp;.text-caption_+_*]:md:!mt-xs [&amp;_a]:underline [&amp;_a]:underline-offset-2 [&amp;_a]:text-secondary-500 text-h2 aligndefault max-w-default mx-auto \" >\u2026 qui se poursuit 15 jours apr\u00e8s le d\u00e9but\u00a0!<\/h2>\n\n<p class=\"[&amp;_a]:underline [&amp;_a]:underline-offset-2 [&amp;_a]:text-secondary-500 [&amp;_a:focus-visible]:outline-none [&amp;_a:focus]:outline-none [&amp;_a:focus-visible]:ring-2 [&amp;_a:focus-visible]:ring-offset-2 [&amp;_a:focus-visible]:ring-secondary-500 [&amp;_a:focus-visible]:rounded-full [&amp;_+_*]:mt-xs [*_+_&amp;]:mt-xs [&amp;_+_.wp-block-group]:mt-m [&amp;_+_.wp-block-group]:md:mt-l [&amp;.text-caption_+_*]:!mt-xs [&amp;.text-caption_+_*]:md:!mt-xs aligndefault max-w-default mx-auto \" >Xavier Legrand en est conscient,\u00a0<em>\u00ab<strong>\u00a0la solution Plus que pro fonctionne et pla\u00eet<\/strong>. Je suis sur un terrain compl\u00e8tement vierge et les gens ne connaissent pas Plus que pro. En leur parlant de la solution et des avis clients, ils sont tous \u00e0 l\u2019\u00e9coute\u00a0\u00bb.<\/em><\/p>\n\n<p class=\"[&amp;_a]:underline [&amp;_a]:underline-offset-2 [&amp;_a]:text-secondary-500 [&amp;_a:focus-visible]:outline-none [&amp;_a:focus]:outline-none [&amp;_a:focus-visible]:ring-2 [&amp;_a:focus-visible]:ring-offset-2 [&amp;_a:focus-visible]:ring-secondary-500 [&amp;_a:focus-visible]:rounded-full [&amp;_+_*]:mt-xs [*_+_&amp;]:mt-xs [&amp;_+_.wp-block-group]:mt-m [&amp;_+_.wp-block-group]:md:mt-l [&amp;.text-caption_+_*]:!mt-xs [&amp;.text-caption_+_*]:md:!mt-xs aligndefault max-w-default mx-auto \" ><em><strong>Il va sans dire que ce partenaire de marque continuera \u00e0 faire briller les \u00e9toiles Plus que pro sur son territoire\u00a0!<\/strong><\/em><\/p>\n\n<p class=\"[&amp;_a]:underline [&amp;_a]:underline-offset-2 [&amp;_a]:text-secondary-500 [&amp;_a:focus-visible]:outline-none [&amp;_a:focus]:outline-none [&amp;_a:focus-visible]:ring-2 [&amp;_a:focus-visible]:ring-offset-2 [&amp;_a:focus-visible]:ring-secondary-500 [&amp;_a:focus-visible]:rounded-full [&amp;_+_*]:mt-xs [*_+_&amp;]:mt-xs [&amp;_+_.wp-block-group]:mt-m [&amp;_+_.wp-block-group]:md:mt-l [&amp;.text-caption_+_*]:!mt-xs [&amp;.text-caption_+_*]:md:!mt-xs aligndefault max-w-default mx-auto \" >D\u00e9couvrez son t\u00e9moignage en vid\u00e9o\u00a0:<\/p>\n\n<figure class=\"wp-block-embed relative aligndefault max-w-default mx-auto [&amp;_lite-youtube]:w-full [&amp;_lite-youtube]:h-full [&amp;_lite-youtube]:rounded-media [&amp;_lite-youtube]:aspect-video [&amp;_lite-youtube]:mx-auto [&amp;_lite-youtube]:max-w-default [&amp;.alignfull_&gt;_lite-youtube]:rounded-none [&amp;.alignfull_&gt;_figcaption]:pl-global-padding \" >\n<lite-youtube js-api params=\"enablejsapi=1&#038;autoplay=0\" videoid=\"embed\/sIH-_MkCu34\" title=\"Retour d\u2019exp\u00e9rience de Xavier, 15 jours apr\u00e8s son d\u00e9marrage\" width=\"500\" height=\"281\" data-src=\"https:\/\/www.youtube.com\/embed\/sIH-_MkCu34?feature=oembed\" frameborder=\"0\" allow=\"accelerometer; autoplay; clipboard-write; encrypted-media; gyroscope; picture-in-picture; web-share\" referrerpolicy=\"strict-origin-when-cross-origin\" allowfullscreen><\/lite-youtube>\n<div x-on:click.stop=\"\" class=\"youtube-consent-overlay flex relative items-center text-center rounded-sm p-global-padding bg-primary-950 gap-s flex-col\" ><div class=\"text-white has-text-color\" >La lecture des vid\u00e9os Youtube est conditionn\u00e9e au d\u00e9p\u00f4t de cookies sur votre terminal pour permettre la diffusion des vid\u00e9os, mais \u00e9galement pour des finalit\u00e9s publicitaires. En cliquant sur \u00ab\u00a0Autoriser\u00a0\u00bb, vous consentez au d\u00e9p\u00f4t de cookies pour l&rsquo;ensemble des finalit\u00e9s.<\/div><a target=\"_blank\" href=\"https:\/\/policies.google.com\/privacy?hl=fr&amp;gl=fr\" class=\"text-white underline focus-visible:outline-none focus:outline-none focus-visible:ring-2 focus-visible:ring-offset-2 focus-visible:ring-secondary-500 rounded-full\" >Consulter la politique de confidentialit\u00e9 de Youtube<\/a><div class=\"justify-center wp-block-buttons flex flex-col md:flex-row items-start gap-7\" ><button x-data=\"{\n            init() {\n                window.didomiOnReady = window.didomiOnReady || [];\n                window.didomiOnReady.push((Didomi) =&gt; {\n                    Didomi.getObservableOnUserConsentStatusForVendor(&quot;c:youtube-axWT9ZeX&quot;).subscribe(\n                        (consentStatus) =&gt; {\n                            if (consentStatus === true) {\n                                this.showAllVideos();\n                            }\n                        }\n                    );\n                });\n            },\n            showAllVideos() {\n\t\t\t\tconst liteYoutubes = document.querySelectorAll(&quot;lite-youtube&quot;);\n\t\t\t\tif (liteYoutubes.length === 0) {\n\t\t\t\t\treturn;\n\t\t\t\t}\n\n\t\t\t\tliteYoutubes.forEach((liteYoutube) =&gt; {\n\t\t\t\t\tconst src = liteYoutube.getAttribute(&quot;data-src&quot;);\n\t\t\t\t\tliteYoutube.setAttribute(&quot;src&quot;, src);\n\t\t\t\t});\n\n\t\t\t\tconst overlays = document.querySelectorAll(&quot;.youtube-consent-overlay&quot;);\n\t\t\t\tif (overlays.length === 0) {\n\t\t\t\t\treturn;\n\t\t\t\t}\n\n\t\t\t\toverlays.forEach((overlay) =&gt; {\n\t\t\t\t\toverlay.style.display = &quot;none&quot;;\n\t\t\t\t});\n            },\n            handleYoutubeConsent() {\n                if (typeof Didomi === &quot;undefined&quot;) {\n                    return;\n                }\n\n                const youtubeVendor = Didomi.getVendorById(&quot;c:youtube-axWT9ZeX&quot;);\n                if (!youtubeVendor) {\n                    return;\n                }\n                const transaction = Didomi.openCurrentUserStatusTransaction();\n                transaction.enableVendor(youtubeVendor.didomiId);\n                transaction.enablePurposes(youtubeVendor.purposeIds);\n                transaction.commit();\n            }\n        }\" x-on:click=\"handleYoutubeConsent()\" x-on:init=\"init()\" class=\"flex-none border-2 inline-flex items-center gap-2 py-3 px-6 rounded-full is-style-fill text-white border-secondary-500 bg-secondary-500 hover:border-secondary-600 hover:bg-secondary-600 transition ease-in duration-300 disabled:bg-secondary-200 disabled:border-secondary-200\" >Autoriser<\/button><\/div><\/div> <figcaption class=\"text-caption text-deep-300 has-text-color \" ><\/figcaption><\/figure>","protected":false},"excerpt":{"rendered":"<p>Le r\u00e9seau Plus que pro se d\u00e9veloppe en licence de marque dans toute la France depuis le d\u00e9but de l\u2019ann\u00e9e 2018 et a accueilli il y a quelques semaines son 3\u00e8me partenaire, Xavier Legrand, dans le secteur de la\u00a0Seine et Marne (77).<br \/>\n 15 jours apr\u00e8s ses d\u00e9buts, celui-ci se confie sur son ressenti et ses impressions quant \u00e0 sa collaboration avec le r\u00e9seau des Meilleures Entreprise de France.<\/p>\n","protected":false},"author":4,"featured_media":17594,"comment_status":"open","ping_status":"open","sticky":false,"template":"","format":"standard","meta":{"footnotes":""},"categories":[6],"tags":[],"class_list":["post-5552","post","type-post","status-publish","format-standard","has-post-thumbnail","hentry","category-nos-actualites"],"yoast_head":"<title>Le 3\u00e8 franchis\u00e9 Plus que pro se confie sur ses premiers jours<\/title>\n<meta name=\"description\" content=\"Xavier Legrand est le nouveau licenci\u00e9 de marque Plus que pro en Seine-et-Marne. D\u00e9couvrez son t\u00e9moignage apr\u00e8s 15 jours de collaboration\" \/>\n<meta name=\"robots\" content=\"index, follow, max-snippet:-1, max-image-preview:large, max-video-preview:-1\" \/>\n<link rel=\"canonical\" href=\"https:\/\/www.plus-que-pro-distribution.fr\/temoignage-et-ressenti-de-xavier-legrand-3eme-licencie-de-marque-15-jours-apres-ses-debuts\/\" \/>\n<meta property=\"og:locale\" content=\"fr_FR\" \/>\n<meta property=\"og:type\" content=\"article\" \/>\n<meta property=\"og:title\" content=\"Le 3\u00e8 franchis\u00e9 Plus que pro se confie sur ses premiers jours\" \/>\n<meta property=\"og:description\" content=\"Xavier Legrand est le nouveau licenci\u00e9 de marque Plus que pro en Seine-et-Marne. D\u00e9couvrez son t\u00e9moignage apr\u00e8s 15 jours de collaboration\" \/>\n<meta property=\"og:url\" content=\"https:\/\/www.plus-que-pro-distribution.fr\/temoignage-et-ressenti-de-xavier-legrand-3eme-licencie-de-marque-15-jours-apres-ses-debuts\/\" \/>\n<meta property=\"og:site_name\" content=\"Plus que pro - Distribution\" \/>\n<meta property=\"article:publisher\" content=\"https:\/\/www.facebook.com\/Plusquepro\/\" \/>\n<meta property=\"article:published_time\" content=\"2018-05-18T08:15:29+00:00\" \/>\n<meta property=\"article:modified_time\" content=\"2025-01-15T11:11:52+00:00\" \/>\n<meta property=\"og:image\" content=\"https:\/\/www.plus-que-pro-distribution.fr\/uploads\/Xavier-partenaire-du-77.jpg\" \/>\n\t<meta property=\"og:image:width\" content=\"1379\" \/>\n\t<meta property=\"og:image:height\" content=\"635\" \/>\n\t<meta property=\"og:image:type\" content=\"image\/jpeg\" \/>\n<meta name=\"author\" content=\"Jean\" \/>\n<meta name=\"twitter:card\" content=\"summary_large_image\" \/>\n<meta name=\"twitter:label1\" content=\"Written by\" \/>\n\t<meta name=\"twitter:data1\" content=\"Jean\" \/>\n\t<meta name=\"twitter:label2\" content=\"Est. reading time\" \/>\n\t<meta name=\"twitter:data2\" content=\"3 minutes\" \/>\n<script type=\"application\/ld+json\" class=\"yoast-schema-graph\">{\"@context\":\"https:\/\/schema.org\",\"@graph\":[{\"@type\":\"Article\",\"@id\":\"https:\/\/www.plus-que-pro-distribution.fr\/temoignage-et-ressenti-de-xavier-legrand-3eme-licencie-de-marque-15-jours-apres-ses-debuts\/#article\",\"isPartOf\":{\"@id\":\"https:\/\/www.plus-que-pro-distribution.fr\/temoignage-et-ressenti-de-xavier-legrand-3eme-licencie-de-marque-15-jours-apres-ses-debuts\/\"},\"author\":{\"name\":\"Jean\",\"@id\":\"https:\/\/www.plus-que-pro-distribution.fr\/#\/schema\/person\/751af92e7c43e3eeb98f4f63875e4ceb\"},\"headline\":\"T\u00e9moignage et ressenti de Xavier Legrand, 3\u00e8me licenci\u00e9 de marque, 15 jours apr\u00e8s ses d\u00e9buts\",\"datePublished\":\"2018-05-18T08:15:29+00:00\",\"dateModified\":\"2025-01-15T11:11:52+00:00\",\"mainEntityOfPage\":{\"@id\":\"https:\/\/www.plus-que-pro-distribution.fr\/temoignage-et-ressenti-de-xavier-legrand-3eme-licencie-de-marque-15-jours-apres-ses-debuts\/\"},\"wordCount\":428,\"commentCount\":0,\"publisher\":{\"@id\":\"https:\/\/www.plus-que-pro-distribution.fr\/#organization\"},\"image\":{\"@id\":\"https:\/\/www.plus-que-pro-distribution.fr\/temoignage-et-ressenti-de-xavier-legrand-3eme-licencie-de-marque-15-jours-apres-ses-debuts\/#primaryimage\"},\"thumbnailUrl\":\"https:\/\/www.plus-que-pro-distribution.fr\/uploads\/Xavier-partenaire-du-77.jpg\",\"articleSection\":[\"Nos actualit\u00e9s\"],\"inLanguage\":\"fr-FR\",\"potentialAction\":[{\"@type\":\"CommentAction\",\"name\":\"Comment\",\"target\":[\"https:\/\/www.plus-que-pro-distribution.fr\/temoignage-et-ressenti-de-xavier-legrand-3eme-licencie-de-marque-15-jours-apres-ses-debuts\/#respond\"]}]},{\"@type\":\"WebPage\",\"@id\":\"https:\/\/www.plus-que-pro-distribution.fr\/temoignage-et-ressenti-de-xavier-legrand-3eme-licencie-de-marque-15-jours-apres-ses-debuts\/\",\"url\":\"https:\/\/www.plus-que-pro-distribution.fr\/temoignage-et-ressenti-de-xavier-legrand-3eme-licencie-de-marque-15-jours-apres-ses-debuts\/\",\"name\":\"Le 3\u00e8 franchis\u00e9 Plus que pro se confie sur ses premiers jours\",\"isPartOf\":{\"@id\":\"https:\/\/www.plus-que-pro-distribution.fr\/#website\"},\"primaryImageOfPage\":{\"@id\":\"https:\/\/www.plus-que-pro-distribution.fr\/temoignage-et-ressenti-de-xavier-legrand-3eme-licencie-de-marque-15-jours-apres-ses-debuts\/#primaryimage\"},\"image\":{\"@id\":\"https:\/\/www.plus-que-pro-distribution.fr\/temoignage-et-ressenti-de-xavier-legrand-3eme-licencie-de-marque-15-jours-apres-ses-debuts\/#primaryimage\"},\"thumbnailUrl\":\"https:\/\/www.plus-que-pro-distribution.fr\/uploads\/Xavier-partenaire-du-77.jpg\",\"datePublished\":\"2018-05-18T08:15:29+00:00\",\"dateModified\":\"2025-01-15T11:11:52+00:00\",\"description\":\"Xavier Legrand est le nouveau licenci\u00e9 de marque Plus que pro en Seine-et-Marne. D\u00e9couvrez son t\u00e9moignage apr\u00e8s 15 jours de collaboration\",\"breadcrumb\":{\"@id\":\"https:\/\/www.plus-que-pro-distribution.fr\/temoignage-et-ressenti-de-xavier-legrand-3eme-licencie-de-marque-15-jours-apres-ses-debuts\/#breadcrumb\"},\"inLanguage\":\"fr-FR\",\"potentialAction\":[{\"@type\":\"ReadAction\",\"target\":[\"https:\/\/www.plus-que-pro-distribution.fr\/temoignage-et-ressenti-de-xavier-legrand-3eme-licencie-de-marque-15-jours-apres-ses-debuts\/\"]}]},{\"@type\":\"ImageObject\",\"inLanguage\":\"fr-FR\",\"@id\":\"https:\/\/www.plus-que-pro-distribution.fr\/temoignage-et-ressenti-de-xavier-legrand-3eme-licencie-de-marque-15-jours-apres-ses-debuts\/#primaryimage\",\"url\":\"https:\/\/www.plus-que-pro-distribution.fr\/uploads\/Xavier-partenaire-du-77.jpg\",\"contentUrl\":\"https:\/\/www.plus-que-pro-distribution.fr\/uploads\/Xavier-partenaire-du-77.jpg\",\"width\":1379,\"height\":635,\"caption\":\"Xavier-partenaire-du-77\"},{\"@type\":\"BreadcrumbList\",\"@id\":\"https:\/\/www.plus-que-pro-distribution.fr\/temoignage-et-ressenti-de-xavier-legrand-3eme-licencie-de-marque-15-jours-apres-ses-debuts\/#breadcrumb\",\"itemListElement\":[{\"@type\":\"ListItem\",\"position\":1,\"name\":\"Home\",\"item\":\"https:\/\/www.plus-que-pro-distribution.fr\/\"},{\"@type\":\"ListItem\",\"position\":2,\"name\":\"T\u00e9moignage et ressenti de Xavier Legrand, 3\u00e8me licenci\u00e9 de marque, 15 jours apr\u00e8s ses d\u00e9buts\"}]},{\"@type\":\"WebSite\",\"@id\":\"https:\/\/www.plus-que-pro-distribution.fr\/#website\",\"url\":\"https:\/\/www.plus-que-pro-distribution.fr\/\",\"name\":\"Plus que pro distribution\",\"description\":\"\",\"publisher\":{\"@id\":\"https:\/\/www.plus-que-pro-distribution.fr\/#organization\"},\"potentialAction\":[{\"@type\":\"SearchAction\",\"target\":{\"@type\":\"EntryPoint\",\"urlTemplate\":\"https:\/\/www.plus-que-pro-distribution.fr\/?s={search_term_string}\"},\"query-input\":{\"@type\":\"PropertyValueSpecification\",\"valueRequired\":true,\"valueName\":\"search_term_string\"}}],\"inLanguage\":\"fr-FR\"},{\"@type\":\"Organization\",\"@id\":\"https:\/\/www.plus-que-pro-distribution.fr\/#organization\",\"name\":\"Plus que pro distribution\",\"url\":\"https:\/\/www.plus-que-pro-distribution.fr\/\",\"logo\":{\"@type\":\"ImageObject\",\"inLanguage\":\"fr-FR\",\"@id\":\"https:\/\/www.plus-que-pro-distribution.fr\/#\/schema\/logo\/image\/\",\"url\":\"https:\/\/www.plus-que-pro-distribution.fr\/uploads\/logo-pqp-distribution.svg\",\"contentUrl\":\"https:\/\/www.plus-que-pro-distribution.fr\/uploads\/logo-pqp-distribution.svg\",\"width\":144,\"height\":34,\"caption\":\"Plus que pro distribution\"},\"image\":{\"@id\":\"https:\/\/www.plus-que-pro-distribution.fr\/#\/schema\/logo\/image\/\"},\"sameAs\":[\"https:\/\/www.facebook.com\/Plusquepro\/\"]},{\"@type\":\"Person\",\"@id\":\"https:\/\/www.plus-que-pro-distribution.fr\/#\/schema\/person\/751af92e7c43e3eeb98f4f63875e4ceb\",\"name\":\"Jean\",\"image\":{\"@type\":\"ImageObject\",\"inLanguage\":\"fr-FR\",\"@id\":\"https:\/\/www.plus-que-pro-distribution.fr\/#\/schema\/person\/image\/\",\"url\":\"https:\/\/secure.gravatar.com\/avatar\/aac25d1e3a248ba1be7404ccf9581f1a78704d8a0e292c792ed971a596325c72?s=96&d=mm&r=g\",\"contentUrl\":\"https:\/\/secure.gravatar.com\/avatar\/aac25d1e3a248ba1be7404ccf9581f1a78704d8a0e292c792ed971a596325c72?s=96&d=mm&r=g\",\"caption\":\"Jean\"}}]}<\/script>","yoast_head_json":{"title":"Le 3\u00e8 franchis\u00e9 Plus que pro se confie sur ses premiers jours","description":"Xavier Legrand est le nouveau licenci\u00e9 de marque Plus que pro en Seine-et-Marne. D\u00e9couvrez son t\u00e9moignage apr\u00e8s 15 jours de collaboration","robots":{"index":"index","follow":"follow","max-snippet":"max-snippet:-1","max-image-preview":"max-image-preview:large","max-video-preview":"max-video-preview:-1"},"canonical":"https:\/\/www.plus-que-pro-distribution.fr\/temoignage-et-ressenti-de-xavier-legrand-3eme-licencie-de-marque-15-jours-apres-ses-debuts\/","og_locale":"fr_FR","og_type":"article","og_title":"Le 3\u00e8 franchis\u00e9 Plus que pro se confie sur ses premiers jours","og_description":"Xavier Legrand est le nouveau licenci\u00e9 de marque Plus que pro en Seine-et-Marne. D\u00e9couvrez son t\u00e9moignage apr\u00e8s 15 jours de collaboration","og_url":"https:\/\/www.plus-que-pro-distribution.fr\/temoignage-et-ressenti-de-xavier-legrand-3eme-licencie-de-marque-15-jours-apres-ses-debuts\/","og_site_name":"Plus que pro - Distribution","article_publisher":"https:\/\/www.facebook.com\/Plusquepro\/","article_published_time":"2018-05-18T08:15:29+00:00","article_modified_time":"2025-01-15T11:11:52+00:00","og_image":[{"width":1379,"height":635,"url":"https:\/\/www.plus-que-pro-distribution.fr\/uploads\/Xavier-partenaire-du-77.jpg","type":"image\/jpeg"}],"author":"Jean","twitter_card":"summary_large_image","twitter_misc":{"Written by":"Jean","Est. reading time":"3 minutes"},"schema":{"@context":"https:\/\/schema.org","@graph":[{"@type":"Article","@id":"https:\/\/www.plus-que-pro-distribution.fr\/temoignage-et-ressenti-de-xavier-legrand-3eme-licencie-de-marque-15-jours-apres-ses-debuts\/#article","isPartOf":{"@id":"https:\/\/www.plus-que-pro-distribution.fr\/temoignage-et-ressenti-de-xavier-legrand-3eme-licencie-de-marque-15-jours-apres-ses-debuts\/"},"author":{"name":"Jean","@id":"https:\/\/www.plus-que-pro-distribution.fr\/#\/schema\/person\/751af92e7c43e3eeb98f4f63875e4ceb"},"headline":"T\u00e9moignage et ressenti de Xavier Legrand, 3\u00e8me licenci\u00e9 de marque, 15 jours apr\u00e8s ses d\u00e9buts","datePublished":"2018-05-18T08:15:29+00:00","dateModified":"2025-01-15T11:11:52+00:00","mainEntityOfPage":{"@id":"https:\/\/www.plus-que-pro-distribution.fr\/temoignage-et-ressenti-de-xavier-legrand-3eme-licencie-de-marque-15-jours-apres-ses-debuts\/"},"wordCount":428,"commentCount":0,"publisher":{"@id":"https:\/\/www.plus-que-pro-distribution.fr\/#organization"},"image":{"@id":"https:\/\/www.plus-que-pro-distribution.fr\/temoignage-et-ressenti-de-xavier-legrand-3eme-licencie-de-marque-15-jours-apres-ses-debuts\/#primaryimage"},"thumbnailUrl":"https:\/\/www.plus-que-pro-distribution.fr\/uploads\/Xavier-partenaire-du-77.jpg","articleSection":["Nos actualit\u00e9s"],"inLanguage":"fr-FR","potentialAction":[{"@type":"CommentAction","name":"Comment","target":["https:\/\/www.plus-que-pro-distribution.fr\/temoignage-et-ressenti-de-xavier-legrand-3eme-licencie-de-marque-15-jours-apres-ses-debuts\/#respond"]}]},{"@type":"WebPage","@id":"https:\/\/www.plus-que-pro-distribution.fr\/temoignage-et-ressenti-de-xavier-legrand-3eme-licencie-de-marque-15-jours-apres-ses-debuts\/","url":"https:\/\/www.plus-que-pro-distribution.fr\/temoignage-et-ressenti-de-xavier-legrand-3eme-licencie-de-marque-15-jours-apres-ses-debuts\/","name":"Le 3\u00e8 franchis\u00e9 Plus que pro se confie sur ses premiers jours","isPartOf":{"@id":"https:\/\/www.plus-que-pro-distribution.fr\/#website"},"primaryImageOfPage":{"@id":"https:\/\/www.plus-que-pro-distribution.fr\/temoignage-et-ressenti-de-xavier-legrand-3eme-licencie-de-marque-15-jours-apres-ses-debuts\/#primaryimage"},"image":{"@id":"https:\/\/www.plus-que-pro-distribution.fr\/temoignage-et-ressenti-de-xavier-legrand-3eme-licencie-de-marque-15-jours-apres-ses-debuts\/#primaryimage"},"thumbnailUrl":"https:\/\/www.plus-que-pro-distribution.fr\/uploads\/Xavier-partenaire-du-77.jpg","datePublished":"2018-05-18T08:15:29+00:00","dateModified":"2025-01-15T11:11:52+00:00","description":"Xavier Legrand est le nouveau licenci\u00e9 de marque Plus que pro en Seine-et-Marne. D\u00e9couvrez son t\u00e9moignage apr\u00e8s 15 jours de collaboration","breadcrumb":{"@id":"https:\/\/www.plus-que-pro-distribution.fr\/temoignage-et-ressenti-de-xavier-legrand-3eme-licencie-de-marque-15-jours-apres-ses-debuts\/#breadcrumb"},"inLanguage":"fr-FR","potentialAction":[{"@type":"ReadAction","target":["https:\/\/www.plus-que-pro-distribution.fr\/temoignage-et-ressenti-de-xavier-legrand-3eme-licencie-de-marque-15-jours-apres-ses-debuts\/"]}]},{"@type":"ImageObject","inLanguage":"fr-FR","@id":"https:\/\/www.plus-que-pro-distribution.fr\/temoignage-et-ressenti-de-xavier-legrand-3eme-licencie-de-marque-15-jours-apres-ses-debuts\/#primaryimage","url":"https:\/\/www.plus-que-pro-distribution.fr\/uploads\/Xavier-partenaire-du-77.jpg","contentUrl":"https:\/\/www.plus-que-pro-distribution.fr\/uploads\/Xavier-partenaire-du-77.jpg","width":1379,"height":635,"caption":"Xavier-partenaire-du-77"},{"@type":"BreadcrumbList","@id":"https:\/\/www.plus-que-pro-distribution.fr\/temoignage-et-ressenti-de-xavier-legrand-3eme-licencie-de-marque-15-jours-apres-ses-debuts\/#breadcrumb","itemListElement":[{"@type":"ListItem","position":1,"name":"Home","item":"https:\/\/www.plus-que-pro-distribution.fr\/"},{"@type":"ListItem","position":2,"name":"T\u00e9moignage et ressenti de Xavier Legrand, 3\u00e8me licenci\u00e9 de marque, 15 jours apr\u00e8s ses d\u00e9buts"}]},{"@type":"WebSite","@id":"https:\/\/www.plus-que-pro-distribution.fr\/#website","url":"https:\/\/www.plus-que-pro-distribution.fr\/","name":"Plus que pro distribution","description":"","publisher":{"@id":"https:\/\/www.plus-que-pro-distribution.fr\/#organization"},"potentialAction":[{"@type":"SearchAction","target":{"@type":"EntryPoint","urlTemplate":"https:\/\/www.plus-que-pro-distribution.fr\/?s={search_term_string}"},"query-input":{"@type":"PropertyValueSpecification","valueRequired":true,"valueName":"search_term_string"}}],"inLanguage":"fr-FR"},{"@type":"Organization","@id":"https:\/\/www.plus-que-pro-distribution.fr\/#organization","name":"Plus que pro distribution","url":"https:\/\/www.plus-que-pro-distribution.fr\/","logo":{"@type":"ImageObject","inLanguage":"fr-FR","@id":"https:\/\/www.plus-que-pro-distribution.fr\/#\/schema\/logo\/image\/","url":"https:\/\/www.plus-que-pro-distribution.fr\/uploads\/logo-pqp-distribution.svg","contentUrl":"https:\/\/www.plus-que-pro-distribution.fr\/uploads\/logo-pqp-distribution.svg","width":144,"height":34,"caption":"Plus que pro distribution"},"image":{"@id":"https:\/\/www.plus-que-pro-distribution.fr\/#\/schema\/logo\/image\/"},"sameAs":["https:\/\/www.facebook.com\/Plusquepro\/"]},{"@type":"Person","@id":"https:\/\/www.plus-que-pro-distribution.fr\/#\/schema\/person\/751af92e7c43e3eeb98f4f63875e4ceb","name":"Jean","image":{"@type":"ImageObject","inLanguage":"fr-FR","@id":"https:\/\/www.plus-que-pro-distribution.fr\/#\/schema\/person\/image\/","url":"https:\/\/secure.gravatar.com\/avatar\/aac25d1e3a248ba1be7404ccf9581f1a78704d8a0e292c792ed971a596325c72?s=96&d=mm&r=g","contentUrl":"https:\/\/secure.gravatar.com\/avatar\/aac25d1e3a248ba1be7404ccf9581f1a78704d8a0e292c792ed971a596325c72?s=96&d=mm&r=g","caption":"Jean"}}]}},"_links":{"self":[{"href":"https:\/\/www.plus-que-pro-distribution.fr\/api\/wp\/v2\/posts\/5552","targetHints":{"allow":["GET"]}}],"collection":[{"href":"https:\/\/www.plus-que-pro-distribution.fr\/api\/wp\/v2\/posts"}],"about":[{"href":"https:\/\/www.plus-que-pro-distribution.fr\/api\/wp\/v2\/types\/post"}],"author":[{"embeddable":true,"href":"https:\/\/www.plus-que-pro-distribution.fr\/api\/wp\/v2\/users\/4"}],"replies":[{"embeddable":true,"href":"https:\/\/www.plus-que-pro-distribution.fr\/api\/wp\/v2\/comments?post=5552"}],"version-history":[{"count":2,"href":"https:\/\/www.plus-que-pro-distribution.fr\/api\/wp\/v2\/posts\/5552\/revisions"}],"predecessor-version":[{"id":17540,"href":"https:\/\/www.plus-que-pro-distribution.fr\/api\/wp\/v2\/posts\/5552\/revisions\/17540"}],"wp:featuredmedia":[{"embeddable":true,"href":"https:\/\/www.plus-que-pro-distribution.fr\/api\/wp\/v2\/media\/17594"}],"wp:attachment":[{"href":"https:\/\/www.plus-que-pro-distribution.fr\/api\/wp\/v2\/media?parent=5552"}],"wp:term":[{"taxonomy":"category","embeddable":true,"href":"https:\/\/www.plus-que-pro-distribution.fr\/api\/wp\/v2\/categories?post=5552"},{"taxonomy":"post_tag","embeddable":true,"href":"https:\/\/www.plus-que-pro-distribution.fr\/api\/wp\/v2\/tags?post=5552"}],"curies":[{"name":"wp","href":"https:\/\/api.w.org\/{rel}","templated":true}]}}