{"id":10813,"date":"2021-12-03T07:42:58","date_gmt":"2021-12-03T07:42:58","guid":{"rendered":"https:\/\/www.network-plus-que-pro.fr\/?p=10813"},"modified":"2025-02-17T14:49:24","modified_gmt":"2025-02-17T13:49:24","slug":"quotidien-journee-type-partenaire","status":"publish","type":"post","link":"https:\/\/www.plus-que-pro-distribution.fr\/quotidien-journee-type-partenaire\/","title":{"rendered":"Une journ\u00e9e en compagnie de Nicolas Remillet, partenaire Plus que pro"},"content":{"rendered":"<figure class=\"wp-block-embed relative aligndefault max-w-default mx-auto [&amp;_lite-youtube]:w-full [&amp;_lite-youtube]:h-full [&amp;_lite-youtube]:rounded-media [&amp;_lite-youtube]:aspect-video [&amp;_lite-youtube]:mx-auto [&amp;_lite-youtube]:max-w-default [&amp;.alignfull_&gt;_lite-youtube]:rounded-none [&amp;.alignfull_&gt;_figcaption]:pl-global-padding \" >\n<lite-youtube js-api params=\"enablejsapi=1&#038;autoplay=0\" videoid=\"watch\" title=\"Partenaire Plus que pro : Une Journ\u00e9e Type de Nicolas REMILLET (2021)\" width=\"500\" height=\"281\" data-src=\"https:\/\/www.youtube.com\/embed\/GkqwfmV0Iak?feature=oembed\" frameborder=\"0\" allow=\"accelerometer; autoplay; clipboard-write; encrypted-media; gyroscope; picture-in-picture; web-share\" referrerpolicy=\"strict-origin-when-cross-origin\" allowfullscreen><\/lite-youtube>\n<div x-on:click.stop=\"\" class=\"youtube-consent-overlay flex relative items-center text-center rounded-sm p-global-padding bg-primary-950 gap-s flex-col\" ><div class=\"text-white has-text-color\" >La lecture des vid\u00e9os Youtube est conditionn\u00e9e au d\u00e9p\u00f4t de cookies sur votre terminal pour permettre la diffusion des vid\u00e9os, mais \u00e9galement pour des finalit\u00e9s publicitaires. En cliquant sur \u00ab\u00a0Autoriser\u00a0\u00bb, vous consentez au d\u00e9p\u00f4t de cookies pour l&rsquo;ensemble des finalit\u00e9s.<\/div><a target=\"_blank\" href=\"https:\/\/policies.google.com\/privacy?hl=fr&amp;gl=fr\" class=\"text-white underline focus-visible:outline-none focus:outline-none focus-visible:ring-2 focus-visible:ring-offset-2 focus-visible:ring-secondary-500 rounded-full\" >Consulter la politique de confidentialit\u00e9 de Youtube<\/a><div class=\"justify-center wp-block-buttons flex flex-col md:flex-row items-start gap-7\" ><button x-data=\"{\n            init() {\n                window.didomiOnReady = window.didomiOnReady || [];\n                window.didomiOnReady.push((Didomi) =&gt; {\n                    Didomi.getObservableOnUserConsentStatusForVendor(&quot;c:youtube-axWT9ZeX&quot;).subscribe(\n                        (consentStatus) =&gt; {\n                            if (consentStatus === true) {\n                                this.showAllVideos();\n                            }\n                        }\n                    );\n                });\n            },\n            showAllVideos() {\n\t\t\t\tconst liteYoutubes = document.querySelectorAll(&quot;lite-youtube&quot;);\n\t\t\t\tif (liteYoutubes.length === 0) {\n\t\t\t\t\treturn;\n\t\t\t\t}\n\n\t\t\t\tliteYoutubes.forEach((liteYoutube) =&gt; {\n\t\t\t\t\tconst src = liteYoutube.getAttribute(&quot;data-src&quot;);\n\t\t\t\t\tliteYoutube.setAttribute(&quot;src&quot;, src);\n\t\t\t\t});\n\n\t\t\t\tconst overlays = document.querySelectorAll(&quot;.youtube-consent-overlay&quot;);\n\t\t\t\tif (overlays.length === 0) {\n\t\t\t\t\treturn;\n\t\t\t\t}\n\n\t\t\t\toverlays.forEach((overlay) =&gt; {\n\t\t\t\t\toverlay.style.display = &quot;none&quot;;\n\t\t\t\t});\n            },\n            handleYoutubeConsent() {\n                if (typeof Didomi === &quot;undefined&quot;) {\n                    return;\n                }\n\n                const youtubeVendor = Didomi.getVendorById(&quot;c:youtube-axWT9ZeX&quot;);\n                if (!youtubeVendor) {\n                    return;\n                }\n                const transaction = Didomi.openCurrentUserStatusTransaction();\n                transaction.enableVendor(youtubeVendor.didomiId);\n                transaction.enablePurposes(youtubeVendor.purposeIds);\n                transaction.commit();\n            }\n        }\" x-on:click=\"handleYoutubeConsent()\" x-on:init=\"init()\" class=\"flex-none border-2 inline-flex items-center gap-2 py-3 px-6 rounded-full is-style-fill text-white border-secondary-500 bg-secondary-500 hover:border-secondary-600 hover:bg-secondary-600 transition ease-in duration-300 disabled:bg-secondary-200 disabled:border-secondary-200\" >Autoriser<\/button><\/div><\/div> <figcaption class=\"text-caption text-deep-300 has-text-color \" ><\/figcaption><\/figure>\n\n<hr class=\"h-px w-full block wp-block-separator aligndefault max-w-default mx-auto \" ><\/hr>\n\n<h2 class=\"wp-block-heading text-balance [&amp;_+_*]:mt-m [&amp;_+_*]:md:mt-l [*_+_&amp;]:mt-m [*_+_&amp;]:md:mt-l [&amp;.text-caption_+_*]:!mt-xs [&amp;.text-caption_+_*]:md:!mt-xs [&amp;_a]:underline [&amp;_a]:underline-offset-2 [&amp;_a]:text-secondary-500 text-h2 aligndefault max-w-default mx-auto \" >\u00ab Un brief avec mon \u00e9quipe \u00bb<\/h2>\n\n<p class=\"[&amp;_a]:underline [&amp;_a]:underline-offset-2 [&amp;_a]:text-secondary-500 [&amp;_a:focus-visible]:outline-none [&amp;_a:focus]:outline-none [&amp;_a:focus-visible]:ring-2 [&amp;_a:focus-visible]:ring-offset-2 [&amp;_a:focus-visible]:ring-secondary-500 [&amp;_a:focus-visible]:rounded-full [&amp;_+_*]:mt-xs [*_+_&amp;]:mt-xs [&amp;_+_.wp-block-group]:mt-m [&amp;_+_.wp-block-group]:md:mt-l [&amp;.text-caption_+_*]:!mt-xs [&amp;.text-caption_+_*]:md:!mt-xs aligndefault max-w-default mx-auto \" >Tout d\u2019abord la journ\u00e9e commence avec un<strong> brief avec son \u00e9quipe<\/strong>, compos\u00e9e de son \u00e9pouse et collaboratrice, son partenaire et ses collaborateurs en alternance.<br>\nNicolas Remillet veille \u00e0 ce que la journ\u00e9e de <strong>son \u00e9quipe d\u00e9marre avec le bon cap<\/strong>\u00a0:<\/p>\n\n<ul class=\"flex flex-wrap flex-col list-disc pl-6 [*_+_&amp;]:mt-xs [&amp;_+_*]:mt-xs [&amp;_.is-style-check]:marker:content-none aligndefault max-w-default mx-auto \" ><li class=\"[&amp;_a]:underline [&amp;_a]:underline-offset-2 [&amp;_a]:text-secondary-500 \">un accompagnement de formation continue pour ses <strong>alternants<\/strong> ;<\/li>\n\n<li class=\"[&amp;_a]:underline [&amp;_a]:underline-offset-2 [&amp;_a]:text-secondary-500 \">un suivi clients et administratif avec <strong>Ericka<\/strong>, son \u00e9pouse ;<\/li>\n\n<li class=\"[&amp;_a]:underline [&amp;_a]:underline-offset-2 [&amp;_a]:text-secondary-500 \">un brief quotidien avec son <strong>partenaire<\/strong> sur le secteur du Doubs.<\/li><\/ul>\n\n<h2 class=\"wp-block-heading text-balance [&amp;_+_*]:mt-m [&amp;_+_*]:md:mt-l [*_+_&amp;]:mt-m [*_+_&amp;]:md:mt-l [&amp;.text-caption_+_*]:!mt-xs [&amp;.text-caption_+_*]:md:!mt-xs [&amp;_a]:underline [&amp;_a]:underline-offset-2 [&amp;_a]:text-secondary-500 text-h2 aligndefault max-w-default mx-auto \" >\u00ab Je pars en rendez-vous s\u00e9lectionner les meilleures entreprises \u00bb<\/h2>\n\n<p class=\"[&amp;_a]:underline [&amp;_a]:underline-offset-2 [&amp;_a]:text-secondary-500 [&amp;_a:focus-visible]:outline-none [&amp;_a:focus]:outline-none [&amp;_a:focus-visible]:ring-2 [&amp;_a:focus-visible]:ring-offset-2 [&amp;_a:focus-visible]:ring-secondary-500 [&amp;_a:focus-visible]:rounded-full [&amp;_+_*]:mt-xs [*_+_&amp;]:mt-xs [&amp;_+_.wp-block-group]:mt-m [&amp;_+_.wp-block-group]:md:mt-l [&amp;.text-caption_+_*]:!mt-xs [&amp;.text-caption_+_*]:md:!mt-xs aligndefault max-w-default mx-auto \" >Nicolas part ensuite en rendez-vous, <strong>\u00e0 la rencontre de prospects<\/strong>. Il s\u00e9lectionne les meilleures entreprises locales, petites ou grandes, dans le secteur du b\u00e2timent ou de la prestation de services. Les rendez-vous sont assez <strong>vari\u00e9s<\/strong> et contribuent \u00e0 ce qu\u2019aucune journ\u00e9e ne se ressemble.<br>\nL\u2019objectif : les guider dans leur visibilit\u00e9 online et prot\u00e9ger leur e-r\u00e9putation \u00e0 travers des avis clients contr\u00f4l\u00e9s.<\/p>\n\n<h2 class=\"wp-block-heading text-balance [&amp;_+_*]:mt-m [&amp;_+_*]:md:mt-l [*_+_&amp;]:mt-m [*_+_&amp;]:md:mt-l [&amp;.text-caption_+_*]:!mt-xs [&amp;.text-caption_+_*]:md:!mt-xs [&amp;_a]:underline [&amp;_a]:underline-offset-2 [&amp;_a]:text-secondary-500 text-h2 aligndefault max-w-default mx-auto \" >\u00ab On n\u2019oublie pas d\u2019aller voir nos adh\u00e9rents [\u2026] afin de les accompagner dans le d\u00e9ploiement de la solution \u00bb<\/h2>\n\n<p class=\"[&amp;_a]:underline [&amp;_a]:underline-offset-2 [&amp;_a]:text-secondary-500 [&amp;_a:focus-visible]:outline-none [&amp;_a:focus]:outline-none [&amp;_a:focus-visible]:ring-2 [&amp;_a:focus-visible]:ring-offset-2 [&amp;_a:focus-visible]:ring-secondary-500 [&amp;_a:focus-visible]:rounded-full [&amp;_+_*]:mt-xs [*_+_&amp;]:mt-xs [&amp;_+_.wp-block-group]:mt-m [&amp;_+_.wp-block-group]:md:mt-l [&amp;.text-caption_+_*]:!mt-xs [&amp;.text-caption_+_*]:md:!mt-xs aligndefault max-w-default mx-auto \" >Une autre partie de la journ\u00e9e est mise \u00e0 profit pour aller <strong>voir les adh\u00e9rents Plus que pro<\/strong> dans le secteur du Doubs. Nicolas Remillet prend des nouvelles de ses clients professionnels sur le terrain, pour leur apporter ses conseils. Son unique but\u00a0: <strong>les accompagner<\/strong> dans le d\u00e9ploiement et l\u2019utilisation de tous les outils mis \u00e0 disposition par Plus que pro, afin qu\u2019ils en tirent<strong> le meilleur des b\u00e9n\u00e9fices<\/strong>.<\/p>\n\n<h2 class=\"wp-block-heading text-balance [&amp;_+_*]:mt-m [&amp;_+_*]:md:mt-l [*_+_&amp;]:mt-m [*_+_&amp;]:md:mt-l [&amp;.text-caption_+_*]:!mt-xs [&amp;.text-caption_+_*]:md:!mt-xs [&amp;_a]:underline [&amp;_a]:underline-offset-2 [&amp;_a]:text-secondary-500 text-h2 aligndefault max-w-default mx-auto \" >On finit la journ\u00e9e par un d\u00e9brief \u00e9quipe<\/h2>\n\n<p class=\"[&amp;_a]:underline [&amp;_a]:underline-offset-2 [&amp;_a]:text-secondary-500 [&amp;_a:focus-visible]:outline-none [&amp;_a:focus]:outline-none [&amp;_a:focus-visible]:ring-2 [&amp;_a:focus-visible]:ring-offset-2 [&amp;_a:focus-visible]:ring-secondary-500 [&amp;_a:focus-visible]:rounded-full [&amp;_+_*]:mt-xs [*_+_&amp;]:mt-xs [&amp;_+_.wp-block-group]:mt-m [&amp;_+_.wp-block-group]:md:mt-l [&amp;.text-caption_+_*]:!mt-xs [&amp;.text-caption_+_*]:md:!mt-xs aligndefault max-w-default mx-auto \" >En fin de journ\u00e9e, Nicolas Remillet retrouve son \u00e9quipe pour un <strong>d\u00e9brief<\/strong>. Cela permet de <strong>prendre la temp\u00e9rature<\/strong> sur ce qui a \u00e9t\u00e9 accompli par les collaborateurs, de mani\u00e8re collective ou individuelle.<br>\nEnsemble, ils font le point sur <strong>les succ\u00e8s et les points d\u2019am\u00e9lioration<\/strong> rencontr\u00e9s au fil d\u2019une journ\u00e9e ou d\u2019une semaine.<\/p>\n\n<h2 class=\"wp-block-heading text-balance [&amp;_+_*]:mt-m [&amp;_+_*]:md:mt-l [*_+_&amp;]:mt-m [*_+_&amp;]:md:mt-l [&amp;.text-caption_+_*]:!mt-xs [&amp;.text-caption_+_*]:md:!mt-xs [&amp;_a]:underline [&amp;_a]:underline-offset-2 [&amp;_a]:text-secondary-500 text-h2 aligndefault max-w-default mx-auto \" >\u00ab Je reste connect\u00e9 \u00e0 la tribu Plus que pro \u00bb<\/h2>\n\n<p class=\"[&amp;_a]:underline [&amp;_a]:underline-offset-2 [&amp;_a]:text-secondary-500 [&amp;_a:focus-visible]:outline-none [&amp;_a:focus]:outline-none [&amp;_a:focus-visible]:ring-2 [&amp;_a:focus-visible]:ring-offset-2 [&amp;_a:focus-visible]:ring-secondary-500 [&amp;_a:focus-visible]:rounded-full [&amp;_+_*]:mt-xs [*_+_&amp;]:mt-xs [&amp;_+_.wp-block-group]:mt-m [&amp;_+_.wp-block-group]:md:mt-l [&amp;.text-caption_+_*]:!mt-xs [&amp;.text-caption_+_*]:md:!mt-xs aligndefault max-w-default mx-auto \" >Au quotidien, Nicolas Remillet et son \u00e9quipe restent <strong>connect\u00e9s \u00e0 la tribu Plus que pro<\/strong> pour aller de l\u2019avant en permanence, au service de la r\u00e9ussite du tissu \u00e9conomique local.<\/p>\n\n<p class=\"[&amp;_a]:underline [&amp;_a]:underline-offset-2 [&amp;_a]:text-secondary-500 [&amp;_a:focus-visible]:outline-none [&amp;_a:focus]:outline-none [&amp;_a:focus-visible]:ring-2 [&amp;_a:focus-visible]:ring-offset-2 [&amp;_a:focus-visible]:ring-secondary-500 [&amp;_a:focus-visible]:rounded-full [&amp;_+_*]:mt-xs [*_+_&amp;]:mt-xs [&amp;_+_.wp-block-group]:mt-m [&amp;_+_.wp-block-group]:md:mt-l [&amp;.text-caption_+_*]:!mt-xs [&amp;.text-caption_+_*]:md:!mt-xs aligndefault max-w-default mx-auto \" >Il termine en nous confiant qu\u2019il n\u2019y a jamais deux journ\u00e9es type. Selon lui, \u00ab\u00a0<strong>Les journ\u00e9es sont vari\u00e9es et remplies de belles surprises<\/strong>\u00a0\u00bb.<\/p>\n\n<p class=\"[&amp;_a]:underline [&amp;_a]:underline-offset-2 [&amp;_a]:text-secondary-500 [&amp;_a:focus-visible]:outline-none [&amp;_a:focus]:outline-none [&amp;_a:focus-visible]:ring-2 [&amp;_a:focus-visible]:ring-offset-2 [&amp;_a:focus-visible]:ring-secondary-500 [&amp;_a:focus-visible]:rounded-full [&amp;_+_*]:mt-xs [*_+_&amp;]:mt-xs [&amp;_+_.wp-block-group]:mt-m [&amp;_+_.wp-block-group]:md:mt-l [&amp;.text-caption_+_*]:!mt-xs [&amp;.text-caption_+_*]:md:!mt-xs aligndefault max-w-default mx-auto \" >Apr\u00e8s avoir d\u00e9couvert ce \u00e0 quoi pouvait ressembler une journ\u00e9e en tant que partenaire Plus que pro, vous avez le sentiment que <strong>cette mission pourrait vous plaire<\/strong>\u00a0? Vous sentez un fort potentiel \u00e9conomique sur votre secteur et vous avez <strong>soif d\u2019accompagner les entreprises vers le succ\u00e8s<\/strong>\u00a0?<br>\nRejoignez la tribu Plus que pro pour vivre votre aventure d\u2019auto-entrepreneur tout en b\u00e9n\u00e9ficiant des conseils, des outils et du soutien de la t\u00eate de r\u00e9seau\u00a0!<\/p>\n\n<p class=\"[&amp;_a]:underline [&amp;_a]:underline-offset-2 [&amp;_a]:text-secondary-500 [&amp;_a:focus-visible]:outline-none [&amp;_a:focus]:outline-none [&amp;_a:focus-visible]:ring-2 [&amp;_a:focus-visible]:ring-offset-2 [&amp;_a:focus-visible]:ring-secondary-500 [&amp;_a:focus-visible]:rounded-full [&amp;_+_*]:mt-xs [*_+_&amp;]:mt-xs [&amp;_+_.wp-block-group]:mt-m [&amp;_+_.wp-block-group]:md:mt-l [&amp;.text-caption_+_*]:!mt-xs [&amp;.text-caption_+_*]:md:!mt-xs aligndefault max-w-default mx-auto \" >Pour en savoir plus sur l\u2019activit\u00e9 de partenaire Plus que pro c\u2019est par ici\u00a0!<\/p>\n\n<p class=\"[&amp;_a]:underline [&amp;_a]:underline-offset-2 [&amp;_a]:text-secondary-500 [&amp;_a:focus-visible]:outline-none [&amp;_a:focus]:outline-none [&amp;_a:focus-visible]:ring-2 [&amp;_a:focus-visible]:ring-offset-2 [&amp;_a:focus-visible]:ring-secondary-500 [&amp;_a:focus-visible]:rounded-full [&amp;_+_*]:mt-xs [*_+_&amp;]:mt-xs [&amp;_+_.wp-block-group]:mt-m [&amp;_+_.wp-block-group]:md:mt-l [&amp;.text-caption_+_*]:!mt-xs [&amp;.text-caption_+_*]:md:!mt-xs  text-center\" ><a href=\"https:\/\/www.plus-que-pro-distribution.fr\/?utm_source=actu&amp;utm_medium=click&amp;utm_campaign=journee-type-partenaire&amp;utm_content=lien-bouton\"><span style=\"color: #ff9900;\"><strong>CONTACTEZ-NOUS<\/strong><\/span><\/a><\/p>","protected":false},"excerpt":{"rendered":"<p>Avez-vous d\u00e9j\u00e0 eu envie de vous transformer en petite souris le temps d\u2019une journ\u00e9e pour suivre quelqu\u2019un dans son quotidien discr\u00e8tement\u00a0? Plus que pro l\u2019a fait pour vous\u00a0!<br \/>\n Vous avez soif d\u2019ind\u00e9pendance et souhaitez rejoindre un r\u00e9seau en pleine expansion et qui accompagne v\u00e9ritablement ses collaborateurs\u00a0? Vous avez naturellement besoin de preuves avant de vous lancer. Et si c\u2019\u00e9tait possible de d\u00e9couvrir l\u2019aper\u00e7u d\u2019une journ\u00e9e v\u00e9cue par l\u2019un des partenaires Plus que pro\u00a0? Plongeons en vid\u00e9o dans le quotidien de Nicolas Remillet, partenaire Plus que pro situ\u00e9 dans le Doubs (25).<\/p>\n<p>Nicolas Remillet est partenaire Plus que pro dans le secteur du Doubs depuis 2018. Il est \u00e0 la fois aux commandes de son \u00e9quipe et sur le terrain aupr\u00e8s des professionnels adh\u00e9rents Plus que pro.<br \/>\n Il a partag\u00e9 l\u2019une de ses journ\u00e9es avec nos cam\u00e9ras.<\/p>\n","protected":false},"author":4,"featured_media":10805,"comment_status":"open","ping_status":"open","sticky":false,"template":"","format":"standard","meta":{"footnotes":""},"categories":[6],"tags":[],"class_list":["post-10813","post","type-post","status-publish","format-standard","has-post-thumbnail","hentry","category-nos-actualites"],"yoast_head":"<title>D\u00e9couvrez la journ\u00e9e type de l&#039;un de nos franchis\u00e9s<\/title>\n<meta name=\"description\" content=\"Un petit aper\u00e7u de comment se d\u00e9roule une journ\u00e9e type chez Nicolas Remillet, partenaire de Plus que pro dans le Doubs\" \/>\n<meta name=\"robots\" content=\"index, follow, max-snippet:-1, max-image-preview:large, max-video-preview:-1\" \/>\n<link rel=\"canonical\" href=\"https:\/\/www.plus-que-pro-distribution.fr\/quotidien-journee-type-partenaire\/\" \/>\n<meta property=\"og:locale\" content=\"fr_FR\" \/>\n<meta property=\"og:type\" content=\"article\" \/>\n<meta property=\"og:title\" content=\"D\u00e9couvrez la journ\u00e9e type de l&#039;un de nos franchis\u00e9s\" \/>\n<meta property=\"og:description\" content=\"Un petit aper\u00e7u de comment se d\u00e9roule une journ\u00e9e type chez Nicolas Remillet, partenaire de Plus que pro dans le Doubs\" \/>\n<meta property=\"og:url\" content=\"https:\/\/www.plus-que-pro-distribution.fr\/quotidien-journee-type-partenaire\/\" \/>\n<meta property=\"og:site_name\" content=\"Plus que pro - Distribution\" \/>\n<meta property=\"article:publisher\" content=\"https:\/\/www.facebook.com\/Plusquepro\/\" \/>\n<meta property=\"article:published_time\" content=\"2021-12-03T07:42:58+00:00\" \/>\n<meta property=\"article:modified_time\" content=\"2025-02-17T13:49:24+00:00\" \/>\n<meta property=\"og:image\" content=\"https:\/\/www.plus-que-pro-distribution.fr\/uploads\/nicolas-une-journee-type.jpg\" \/>\n\t<meta property=\"og:image:width\" content=\"1280\" \/>\n\t<meta property=\"og:image:height\" content=\"720\" \/>\n\t<meta property=\"og:image:type\" content=\"image\/jpeg\" \/>\n<meta name=\"author\" content=\"Jean\" \/>\n<meta name=\"twitter:card\" content=\"summary_large_image\" \/>\n<meta name=\"twitter:label1\" content=\"Written by\" \/>\n\t<meta name=\"twitter:data1\" content=\"Jean\" \/>\n\t<meta name=\"twitter:label2\" content=\"Est. reading time\" \/>\n\t<meta name=\"twitter:data2\" content=\"3 minutes\" \/>\n<script type=\"application\/ld+json\" class=\"yoast-schema-graph\">{\"@context\":\"https:\/\/schema.org\",\"@graph\":[{\"@type\":\"Article\",\"@id\":\"https:\/\/www.plus-que-pro-distribution.fr\/quotidien-journee-type-partenaire\/#article\",\"isPartOf\":{\"@id\":\"https:\/\/www.plus-que-pro-distribution.fr\/quotidien-journee-type-partenaire\/\"},\"author\":{\"name\":\"Jean\",\"@id\":\"https:\/\/www.plus-que-pro-distribution.fr\/#\/schema\/person\/751af92e7c43e3eeb98f4f63875e4ceb\"},\"headline\":\"Une journ\u00e9e en compagnie de Nicolas Remillet, partenaire Plus que pro\",\"datePublished\":\"2021-12-03T07:42:58+00:00\",\"dateModified\":\"2025-02-17T13:49:24+00:00\",\"mainEntityOfPage\":{\"@id\":\"https:\/\/www.plus-que-pro-distribution.fr\/quotidien-journee-type-partenaire\/\"},\"wordCount\":516,\"commentCount\":0,\"publisher\":{\"@id\":\"https:\/\/www.plus-que-pro-distribution.fr\/#organization\"},\"image\":{\"@id\":\"https:\/\/www.plus-que-pro-distribution.fr\/quotidien-journee-type-partenaire\/#primaryimage\"},\"thumbnailUrl\":\"https:\/\/www.plus-que-pro-distribution.fr\/uploads\/nicolas-une-journee-type.jpg\",\"articleSection\":[\"Nos actualit\u00e9s\"],\"inLanguage\":\"fr-FR\",\"potentialAction\":[{\"@type\":\"CommentAction\",\"name\":\"Comment\",\"target\":[\"https:\/\/www.plus-que-pro-distribution.fr\/quotidien-journee-type-partenaire\/#respond\"]}]},{\"@type\":\"WebPage\",\"@id\":\"https:\/\/www.plus-que-pro-distribution.fr\/quotidien-journee-type-partenaire\/\",\"url\":\"https:\/\/www.plus-que-pro-distribution.fr\/quotidien-journee-type-partenaire\/\",\"name\":\"D\u00e9couvrez la journ\u00e9e type de l'un de nos franchis\u00e9s\",\"isPartOf\":{\"@id\":\"https:\/\/www.plus-que-pro-distribution.fr\/#website\"},\"primaryImageOfPage\":{\"@id\":\"https:\/\/www.plus-que-pro-distribution.fr\/quotidien-journee-type-partenaire\/#primaryimage\"},\"image\":{\"@id\":\"https:\/\/www.plus-que-pro-distribution.fr\/quotidien-journee-type-partenaire\/#primaryimage\"},\"thumbnailUrl\":\"https:\/\/www.plus-que-pro-distribution.fr\/uploads\/nicolas-une-journee-type.jpg\",\"datePublished\":\"2021-12-03T07:42:58+00:00\",\"dateModified\":\"2025-02-17T13:49:24+00:00\",\"description\":\"Un petit aper\u00e7u de comment se d\u00e9roule une journ\u00e9e type chez Nicolas Remillet, partenaire de Plus que pro dans le Doubs\",\"breadcrumb\":{\"@id\":\"https:\/\/www.plus-que-pro-distribution.fr\/quotidien-journee-type-partenaire\/#breadcrumb\"},\"inLanguage\":\"fr-FR\",\"potentialAction\":[{\"@type\":\"ReadAction\",\"target\":[\"https:\/\/www.plus-que-pro-distribution.fr\/quotidien-journee-type-partenaire\/\"]}]},{\"@type\":\"ImageObject\",\"inLanguage\":\"fr-FR\",\"@id\":\"https:\/\/www.plus-que-pro-distribution.fr\/quotidien-journee-type-partenaire\/#primaryimage\",\"url\":\"https:\/\/www.plus-que-pro-distribution.fr\/uploads\/nicolas-une-journee-type.jpg\",\"contentUrl\":\"https:\/\/www.plus-que-pro-distribution.fr\/uploads\/nicolas-une-journee-type.jpg\",\"width\":1280,\"height\":720,\"caption\":\"vignette vid\u00e9o youtube Nicolas licenci\u00e9 de marque plus que pro du 25\"},{\"@type\":\"BreadcrumbList\",\"@id\":\"https:\/\/www.plus-que-pro-distribution.fr\/quotidien-journee-type-partenaire\/#breadcrumb\",\"itemListElement\":[{\"@type\":\"ListItem\",\"position\":1,\"name\":\"Home\",\"item\":\"https:\/\/www.plus-que-pro-distribution.fr\/\"},{\"@type\":\"ListItem\",\"position\":2,\"name\":\"Une journ\u00e9e en compagnie de Nicolas Remillet, partenaire Plus que pro\"}]},{\"@type\":\"WebSite\",\"@id\":\"https:\/\/www.plus-que-pro-distribution.fr\/#website\",\"url\":\"https:\/\/www.plus-que-pro-distribution.fr\/\",\"name\":\"Plus que pro distribution\",\"description\":\"\",\"publisher\":{\"@id\":\"https:\/\/www.plus-que-pro-distribution.fr\/#organization\"},\"potentialAction\":[{\"@type\":\"SearchAction\",\"target\":{\"@type\":\"EntryPoint\",\"urlTemplate\":\"https:\/\/www.plus-que-pro-distribution.fr\/?s={search_term_string}\"},\"query-input\":{\"@type\":\"PropertyValueSpecification\",\"valueRequired\":true,\"valueName\":\"search_term_string\"}}],\"inLanguage\":\"fr-FR\"},{\"@type\":\"Organization\",\"@id\":\"https:\/\/www.plus-que-pro-distribution.fr\/#organization\",\"name\":\"Plus que pro distribution\",\"url\":\"https:\/\/www.plus-que-pro-distribution.fr\/\",\"logo\":{\"@type\":\"ImageObject\",\"inLanguage\":\"fr-FR\",\"@id\":\"https:\/\/www.plus-que-pro-distribution.fr\/#\/schema\/logo\/image\/\",\"url\":\"https:\/\/www.plus-que-pro-distribution.fr\/uploads\/logo-pqp-distribution.svg\",\"contentUrl\":\"https:\/\/www.plus-que-pro-distribution.fr\/uploads\/logo-pqp-distribution.svg\",\"width\":144,\"height\":34,\"caption\":\"Plus que pro distribution\"},\"image\":{\"@id\":\"https:\/\/www.plus-que-pro-distribution.fr\/#\/schema\/logo\/image\/\"},\"sameAs\":[\"https:\/\/www.facebook.com\/Plusquepro\/\"]},{\"@type\":\"Person\",\"@id\":\"https:\/\/www.plus-que-pro-distribution.fr\/#\/schema\/person\/751af92e7c43e3eeb98f4f63875e4ceb\",\"name\":\"Jean\",\"image\":{\"@type\":\"ImageObject\",\"inLanguage\":\"fr-FR\",\"@id\":\"https:\/\/www.plus-que-pro-distribution.fr\/#\/schema\/person\/image\/\",\"url\":\"https:\/\/secure.gravatar.com\/avatar\/aac25d1e3a248ba1be7404ccf9581f1a78704d8a0e292c792ed971a596325c72?s=96&d=mm&r=g\",\"contentUrl\":\"https:\/\/secure.gravatar.com\/avatar\/aac25d1e3a248ba1be7404ccf9581f1a78704d8a0e292c792ed971a596325c72?s=96&d=mm&r=g\",\"caption\":\"Jean\"}}]}<\/script>","yoast_head_json":{"title":"D\u00e9couvrez la journ\u00e9e type de l'un de nos franchis\u00e9s","description":"Un petit aper\u00e7u de comment se d\u00e9roule une journ\u00e9e type chez Nicolas Remillet, partenaire de Plus que pro dans le Doubs","robots":{"index":"index","follow":"follow","max-snippet":"max-snippet:-1","max-image-preview":"max-image-preview:large","max-video-preview":"max-video-preview:-1"},"canonical":"https:\/\/www.plus-que-pro-distribution.fr\/quotidien-journee-type-partenaire\/","og_locale":"fr_FR","og_type":"article","og_title":"D\u00e9couvrez la journ\u00e9e type de l'un de nos franchis\u00e9s","og_description":"Un petit aper\u00e7u de comment se d\u00e9roule une journ\u00e9e type chez Nicolas Remillet, partenaire de Plus que pro dans le Doubs","og_url":"https:\/\/www.plus-que-pro-distribution.fr\/quotidien-journee-type-partenaire\/","og_site_name":"Plus que pro - Distribution","article_publisher":"https:\/\/www.facebook.com\/Plusquepro\/","article_published_time":"2021-12-03T07:42:58+00:00","article_modified_time":"2025-02-17T13:49:24+00:00","og_image":[{"width":1280,"height":720,"url":"https:\/\/www.plus-que-pro-distribution.fr\/uploads\/nicolas-une-journee-type.jpg","type":"image\/jpeg"}],"author":"Jean","twitter_card":"summary_large_image","twitter_misc":{"Written by":"Jean","Est. reading time":"3 minutes"},"schema":{"@context":"https:\/\/schema.org","@graph":[{"@type":"Article","@id":"https:\/\/www.plus-que-pro-distribution.fr\/quotidien-journee-type-partenaire\/#article","isPartOf":{"@id":"https:\/\/www.plus-que-pro-distribution.fr\/quotidien-journee-type-partenaire\/"},"author":{"name":"Jean","@id":"https:\/\/www.plus-que-pro-distribution.fr\/#\/schema\/person\/751af92e7c43e3eeb98f4f63875e4ceb"},"headline":"Une journ\u00e9e en compagnie de Nicolas Remillet, partenaire Plus que pro","datePublished":"2021-12-03T07:42:58+00:00","dateModified":"2025-02-17T13:49:24+00:00","mainEntityOfPage":{"@id":"https:\/\/www.plus-que-pro-distribution.fr\/quotidien-journee-type-partenaire\/"},"wordCount":516,"commentCount":0,"publisher":{"@id":"https:\/\/www.plus-que-pro-distribution.fr\/#organization"},"image":{"@id":"https:\/\/www.plus-que-pro-distribution.fr\/quotidien-journee-type-partenaire\/#primaryimage"},"thumbnailUrl":"https:\/\/www.plus-que-pro-distribution.fr\/uploads\/nicolas-une-journee-type.jpg","articleSection":["Nos actualit\u00e9s"],"inLanguage":"fr-FR","potentialAction":[{"@type":"CommentAction","name":"Comment","target":["https:\/\/www.plus-que-pro-distribution.fr\/quotidien-journee-type-partenaire\/#respond"]}]},{"@type":"WebPage","@id":"https:\/\/www.plus-que-pro-distribution.fr\/quotidien-journee-type-partenaire\/","url":"https:\/\/www.plus-que-pro-distribution.fr\/quotidien-journee-type-partenaire\/","name":"D\u00e9couvrez la journ\u00e9e type de l'un de nos franchis\u00e9s","isPartOf":{"@id":"https:\/\/www.plus-que-pro-distribution.fr\/#website"},"primaryImageOfPage":{"@id":"https:\/\/www.plus-que-pro-distribution.fr\/quotidien-journee-type-partenaire\/#primaryimage"},"image":{"@id":"https:\/\/www.plus-que-pro-distribution.fr\/quotidien-journee-type-partenaire\/#primaryimage"},"thumbnailUrl":"https:\/\/www.plus-que-pro-distribution.fr\/uploads\/nicolas-une-journee-type.jpg","datePublished":"2021-12-03T07:42:58+00:00","dateModified":"2025-02-17T13:49:24+00:00","description":"Un petit aper\u00e7u de comment se d\u00e9roule une journ\u00e9e type chez Nicolas Remillet, partenaire de Plus que pro dans le Doubs","breadcrumb":{"@id":"https:\/\/www.plus-que-pro-distribution.fr\/quotidien-journee-type-partenaire\/#breadcrumb"},"inLanguage":"fr-FR","potentialAction":[{"@type":"ReadAction","target":["https:\/\/www.plus-que-pro-distribution.fr\/quotidien-journee-type-partenaire\/"]}]},{"@type":"ImageObject","inLanguage":"fr-FR","@id":"https:\/\/www.plus-que-pro-distribution.fr\/quotidien-journee-type-partenaire\/#primaryimage","url":"https:\/\/www.plus-que-pro-distribution.fr\/uploads\/nicolas-une-journee-type.jpg","contentUrl":"https:\/\/www.plus-que-pro-distribution.fr\/uploads\/nicolas-une-journee-type.jpg","width":1280,"height":720,"caption":"vignette vid\u00e9o youtube Nicolas licenci\u00e9 de marque plus que pro du 25"},{"@type":"BreadcrumbList","@id":"https:\/\/www.plus-que-pro-distribution.fr\/quotidien-journee-type-partenaire\/#breadcrumb","itemListElement":[{"@type":"ListItem","position":1,"name":"Home","item":"https:\/\/www.plus-que-pro-distribution.fr\/"},{"@type":"ListItem","position":2,"name":"Une journ\u00e9e en compagnie de Nicolas Remillet, partenaire Plus que pro"}]},{"@type":"WebSite","@id":"https:\/\/www.plus-que-pro-distribution.fr\/#website","url":"https:\/\/www.plus-que-pro-distribution.fr\/","name":"Plus que pro distribution","description":"","publisher":{"@id":"https:\/\/www.plus-que-pro-distribution.fr\/#organization"},"potentialAction":[{"@type":"SearchAction","target":{"@type":"EntryPoint","urlTemplate":"https:\/\/www.plus-que-pro-distribution.fr\/?s={search_term_string}"},"query-input":{"@type":"PropertyValueSpecification","valueRequired":true,"valueName":"search_term_string"}}],"inLanguage":"fr-FR"},{"@type":"Organization","@id":"https:\/\/www.plus-que-pro-distribution.fr\/#organization","name":"Plus que pro distribution","url":"https:\/\/www.plus-que-pro-distribution.fr\/","logo":{"@type":"ImageObject","inLanguage":"fr-FR","@id":"https:\/\/www.plus-que-pro-distribution.fr\/#\/schema\/logo\/image\/","url":"https:\/\/www.plus-que-pro-distribution.fr\/uploads\/logo-pqp-distribution.svg","contentUrl":"https:\/\/www.plus-que-pro-distribution.fr\/uploads\/logo-pqp-distribution.svg","width":144,"height":34,"caption":"Plus que pro distribution"},"image":{"@id":"https:\/\/www.plus-que-pro-distribution.fr\/#\/schema\/logo\/image\/"},"sameAs":["https:\/\/www.facebook.com\/Plusquepro\/"]},{"@type":"Person","@id":"https:\/\/www.plus-que-pro-distribution.fr\/#\/schema\/person\/751af92e7c43e3eeb98f4f63875e4ceb","name":"Jean","image":{"@type":"ImageObject","inLanguage":"fr-FR","@id":"https:\/\/www.plus-que-pro-distribution.fr\/#\/schema\/person\/image\/","url":"https:\/\/secure.gravatar.com\/avatar\/aac25d1e3a248ba1be7404ccf9581f1a78704d8a0e292c792ed971a596325c72?s=96&d=mm&r=g","contentUrl":"https:\/\/secure.gravatar.com\/avatar\/aac25d1e3a248ba1be7404ccf9581f1a78704d8a0e292c792ed971a596325c72?s=96&d=mm&r=g","caption":"Jean"}}]}},"_links":{"self":[{"href":"https:\/\/www.plus-que-pro-distribution.fr\/api\/wp\/v2\/posts\/10813","targetHints":{"allow":["GET"]}}],"collection":[{"href":"https:\/\/www.plus-que-pro-distribution.fr\/api\/wp\/v2\/posts"}],"about":[{"href":"https:\/\/www.plus-que-pro-distribution.fr\/api\/wp\/v2\/types\/post"}],"author":[{"embeddable":true,"href":"https:\/\/www.plus-que-pro-distribution.fr\/api\/wp\/v2\/users\/4"}],"replies":[{"embeddable":true,"href":"https:\/\/www.plus-que-pro-distribution.fr\/api\/wp\/v2\/comments?post=10813"}],"version-history":[{"count":2,"href":"https:\/\/www.plus-que-pro-distribution.fr\/api\/wp\/v2\/posts\/10813\/revisions"}],"predecessor-version":[{"id":18219,"href":"https:\/\/www.plus-que-pro-distribution.fr\/api\/wp\/v2\/posts\/10813\/revisions\/18219"}],"wp:featuredmedia":[{"embeddable":true,"href":"https:\/\/www.plus-que-pro-distribution.fr\/api\/wp\/v2\/media\/10805"}],"wp:attachment":[{"href":"https:\/\/www.plus-que-pro-distribution.fr\/api\/wp\/v2\/media?parent=10813"}],"wp:term":[{"taxonomy":"category","embeddable":true,"href":"https:\/\/www.plus-que-pro-distribution.fr\/api\/wp\/v2\/categories?post=10813"},{"taxonomy":"post_tag","embeddable":true,"href":"https:\/\/www.plus-que-pro-distribution.fr\/api\/wp\/v2\/tags?post=10813"}],"curies":[{"name":"wp","href":"https:\/\/api.w.org\/{rel}","templated":true}]}}